{"id":16770,"date":"2025-03-31T20:18:28","date_gmt":"2025-03-31T23:18:28","guid":{"rendered":"https:\/\/13.com.ar\/index.php\/los-inversores-buscan-refugio-seguro-por-temor-a-la-inflacion-y-a-la-recesion\/"},"modified":"2025-03-31T20:18:28","modified_gmt":"2025-03-31T23:18:28","slug":"los-inversores-buscan-refugio-seguro-por-temor-a-la-inflacion-y-a-la-recesion","status":"publish","type":"post","link":"https:\/\/13.com.ar\/index.php\/los-inversores-buscan-refugio-seguro-por-temor-a-la-inflacion-y-a-la-recesion\/","title":{"rendered":"Los inversores buscan refugio seguro por temor a la inflaci\u00f3n y a la recesi\u00f3n"},"content":{"rendered":"<p> <br \/>\n<br \/><img decoding=\"async\" src=\"https:\/\/13.com.ar\/wp-content\/uploads\/2025\/03\/Los-inversores-buscan-refugio-seguro-por-temor-a-la-inflacion.jpg\" \/><\/p>\n<div id=\"element-body-0\">\n<p>El<strong> &#8220;D\u00eda de la Liberaci\u00f3n&#8221;<\/strong> que el presidente de los Estados Unidos Donald Trump implementar\u00e1 este mi\u00e9rcoles con la suba de aranceles a los productos que importa su pa\u00eds despierta pesadillas en los mercados globales.  <\/p>\n<\/div>\n<div id=\"element-body-1\">\n<p>El 2 de abril, Trump planea anunciar una serie de<strong> aranceles rec\u00edprocos <\/strong>contra los socios comerciales.<\/p>\n<\/div>\n<div id=\"element-body-2\">\n<p>&#8220;La inquietud se apoder\u00f3 de los mercados mundiales antes de los anuncios de aranceles comerciales del presidente de Estados Unidos, Donald Trump, previstos para esta semana, lo que llev\u00f3 a los inversores, ya nerviosos por la desaceleraci\u00f3n econ\u00f3mica, a reducir el riesgo de sus carteras y <strong>dirigirse a refugios seguros<\/strong>&#8220;, indicaron en la consultora Qualy.<\/p>\n<\/div>\n<div id=\"element-body-3\">\n<p>En este marco, Bloomberg en L\u00ednea consigna que &#8220;los bonos del Tesoro subieron junto con los bonos europeos, <strong>el oro alcanz\u00f3 un r\u00e9cord y el yen, un refugio tradicional, alcanz\u00f3 su nivel m\u00e1s fuerte en 10 d\u00edas<\/strong>. Mientras tanto, las acciones cayeron en todo el mundo, junto con las monedas de las pa\u00edses con m\u00e1s probabilidades de sufrir los nuevos grav\u00e1menes&#8221;.<\/p>\n<\/div>\n<div id=\"element-body-4\">\n<p>La reacci\u00f3n del mercado en el arranque de este segundo mandato de Trump es muy diferente a la de la primera gesti\u00f3n.<strong> En 2017, las acciones de Wall Street se revalorizaron 20% en promedio. <\/strong>A poco m\u00e1s de dos meses del regreso del magnate a la Casa Blanca, <strong>el \u00edndice Nasdaq pierde 8,3% y el S&amp;P 4,7%.<\/strong><\/p>\n<\/div>\n<div id=\"element-body-5\">\n<p>Esto refleja la incertidumbre que prevalece en el mercado, en medio de las marchas y contramarchas de Trump. Esta tensi\u00f3n aumenta a medida que sube la inflaci\u00f3n y vuelve a hablarse del riesgo de recesi\u00f3n. Seg\u00fan un informe del economista Eduardo Levy Yeyati <strong>&#8220;la combinaci\u00f3n de tarifas, menor crecimiento esperado y presi\u00f3n inflacionaria reaviv\u00f3 el viejo fantasma de la estanflaci\u00f3n&#8221;.<\/strong><\/p>\n<\/div>\n<div id=\"element-body-6\">\n<p>&#8220;El oro super\u00f3 los <strong>US$ 3.000 la onza por primera vez en la historia.<\/strong> La pregunta ya circula en Washington y Wall Street: <strong>\u00bfpuede el d\u00f3lar dejar de ser la moneda de referencia global<\/strong>? A\u00fan no, pero las se\u00f1ales de diversificaci\u00f3n en bancos centrales emergentes son crecientes. De hecho, por segundo a\u00f1o consecutivo, las compras de oro superaron a las de d\u00f3lares en las reservas internacionales de varios bancos centrales, seg\u00fan el World Gold Council&#8221;, agreg\u00f3 el economista.<\/p>\n<\/div>\n<div id=\"element-body-7\">\n<p>&#8220;Frente al aislacionismo estadounidense, Europa se reconfigura. La discusi\u00f3n ya no es solo entre derecha e izquierda, sino entre integracionistas y nacionalistas. En Alemania, el debate sobre el &#8220;freno a la deuda&#8221; cede ante el nuevo consenso de mayor gasto en defensa e infraestructura: el presupuesto militar supera por primera vez el 2% del PIB, y se prepara un nuevo fondo de inversi\u00f3n p\u00fablico-privado para infraestructura energ\u00e9tica&#8221;, remarca Levy Yeyati.<\/p>\n<\/div>\n<p><br \/>\n<br \/><a href=\"https:\/\/www.clarin.com\/economia\/inversores-buscan-refugio-seguro-temor-inflacion-recesion_0_RwSU8vRkRo.html\">Fuente Clarin.com <\/a><\/p>\n","protected":false},"excerpt":{"rendered":"<p>El &#8220;D\u00eda de la Liberaci\u00f3n&#8221; que el presidente de los Estados Unidos Donald Trump implementar\u00e1 este mi\u00e9rcoles con la suba de aranceles a los productos que importa su pa\u00eds despierta pesadillas en los mercados globales. El 2 de abril, Trump planea anunciar una serie de aranceles rec\u00edprocos contra los socios comerciales. &#8220;La inquietud se apoder\u00f3 [&hellip;]<\/p>\n","protected":false},"author":1,"featured_media":16771,"comment_status":"open","ping_status":"open","sticky":false,"template":"","format":"standard","meta":{"footnotes":""},"categories":[2],"tags":[3235,1544,1231,28,142,4682,7500,3918,4150],"class_list":["post-16770","post","type-post","status-publish","format-standard","has-post-thumbnail","hentry","category-ultimas-noticias","tag-buscan","tag-inflacion","tag-inversores","tag-los","tag-por","tag-recesion","tag-refugio","tag-seguro","tag-temor"],"_links":{"self":[{"href":"https:\/\/13.com.ar\/index.php\/wp-json\/wp\/v2\/posts\/16770","targetHints":{"allow":["GET"]}}],"collection":[{"href":"https:\/\/13.com.ar\/index.php\/wp-json\/wp\/v2\/posts"}],"about":[{"href":"https:\/\/13.com.ar\/index.php\/wp-json\/wp\/v2\/types\/post"}],"author":[{"embeddable":true,"href":"https:\/\/13.com.ar\/index.php\/wp-json\/wp\/v2\/users\/1"}],"replies":[{"embeddable":true,"href":"https:\/\/13.com.ar\/index.php\/wp-json\/wp\/v2\/comments?post=16770"}],"version-history":[{"count":0,"href":"https:\/\/13.com.ar\/index.php\/wp-json\/wp\/v2\/posts\/16770\/revisions"}],"wp:featuredmedia":[{"embeddable":true,"href":"https:\/\/13.com.ar\/index.php\/wp-json\/wp\/v2\/media\/16771"}],"wp:attachment":[{"href":"https:\/\/13.com.ar\/index.php\/wp-json\/wp\/v2\/media?parent=16770"}],"wp:term":[{"taxonomy":"category","embeddable":true,"href":"https:\/\/13.com.ar\/index.php\/wp-json\/wp\/v2\/categories?post=16770"},{"taxonomy":"post_tag","embeddable":true,"href":"https:\/\/13.com.ar\/index.php\/wp-json\/wp\/v2\/tags?post=16770"}],"curies":[{"name":"wp","href":"https:\/\/api.w.org\/{rel}","templated":true}]}}