{"id":16768,"date":"2025-03-31T20:15:40","date_gmt":"2025-03-31T23:15:40","guid":{"rendered":"https:\/\/13.com.ar\/index.php\/bajo-a-su-hermano-leandro-santoro-de-la-lista-de-candidatos-y-cambio-el-logo-de-su-fuerza\/"},"modified":"2025-03-31T20:15:40","modified_gmt":"2025-03-31T23:15:40","slug":"bajo-a-su-hermano-leandro-santoro-de-la-lista-de-candidatos-y-cambio-el-logo-de-su-fuerza","status":"publish","type":"post","link":"https:\/\/13.com.ar\/index.php\/bajo-a-su-hermano-leandro-santoro-de-la-lista-de-candidatos-y-cambio-el-logo-de-su-fuerza\/","title":{"rendered":"baj\u00f3 a su hermano, Leandro Santoro, de la lista de candidatos y cambi\u00f3 el logo de su fuerza"},"content":{"rendered":"<p> <br \/>\n<br \/><img decoding=\"async\" src=\"https:\/\/13.com.ar\/wp-content\/uploads\/2025\/03\/bajo-a-su-hermano-Leandro-Santoro-de-la-lista-de.jpg\" \/><\/p>\n<div id=\"element-body-0\">\n<p>El actual legislador <strong>Yamil Santoro<\/strong> dio marcha atr\u00e1s con la elecci\u00f3n de su hermano,<strong> Leandro Santoro<\/strong>, como primer candidato a legislador de la fuerza Uni\u00f3n Porte\u00f1a Libertaria. El dirigente liberal hab\u00eda sido <strong>fuertemente criticado<\/strong> por apelar a su familiar, quien lleva el mismo nombre que el candidato peronista, Leandro Santoro, y por utilizar un nombre para su espacio que combina tanto el de Uni\u00f3n por la Patria como el de espacios libertarios.<\/p>\n<\/div>\n<div id=\"element-body-1\">\n<p> &#8220;Lo hicimos a prop\u00f3sito para que sientan lo que millones de argentinos sentimos a lo largo de los a\u00f1os cuando nos vimos atropellados, estafados, robados, indignados por las barbaridades que se la pasaron haciendo ustedes&#8221;, sostuvo el legislador en un mensaje publicado en X, donde admiti\u00f3 que la elecci\u00f3n de su hermana se trat\u00f3 de una jugada electoral.<\/p>\n<\/div>\n<div id=\"element-body-2\">\n<p>&#8220;Aparecieron diciendo <strong>&#8216;qu\u00e9 chorros que son&#8217;, &#8216;estafadores&#8217;<\/strong>. Son ustedes los que estafan al electorado cambiando elecci\u00f3n tras elecci\u00f3n su identidad visual para que nadie sepan qui\u00e9nes son&#8221;, explic\u00f3 Santoro sobre los opositores al proyecto liberal. <\/p>\n<\/div>\n<div id=\"element-body-3\">\n<p>En ese marco, confirm\u00f3 que su hermano Leandro Santoro no encabezar\u00e1 la lista de su fuerza, sino que lo har\u00e1 \u00e9l. &#8220;No somos como ustedes, por eso <strong>no va a ser mi hermano, el Leandro Santoro bueno, el que va a liderar la boleta,<\/strong> ni vamos a ir con un logo que se confunda&#8221;, indic\u00f3.<\/p>\n<\/div>\n<div id=\"element-body-4\">\n<blockquote class=\"twitter-tweet\">\n<p lang=\"es\" dir=\"ltr\">Novedades sobre la lista de la Uni\u00f3n Porte\u00f1a Libertaria <a rel=\"nofollow\" target=\"_blank\" href=\"https:\/\/t.co\/jnPh8jjbqO\">pic.twitter.com\/jnPh8jjbqO<\/a><\/p>\n<p>\u2014 Yamil Santoro (@yamilsantoro) <a rel=\"nofollow\" target=\"_blank\" href=\"https:\/\/twitter.com\/yamilsantoro\/status\/1906839274148008314?ref_src=twsrc%5Etfw\">March 31, 2025<\/a><\/p><\/blockquote>\n<\/div>\n<p><script async src=\"\/\/platform.twitter.com\/widgets.js\" charset=\"utf-8\"><\/script><br \/>\n<br \/><br \/>\n<br \/><a href=\"https:\/\/www.clarin.com\/politica\/insolita-marcha-yamil-santoro-hermano-leandro-santoro-lista-candidatos-cambio-logo-fuerza_0_b2r8kCKBgs.html\">Fuente Clarin.com <\/a><\/p>\n","protected":false},"excerpt":{"rendered":"<p>El actual legislador Yamil Santoro dio marcha atr\u00e1s con la elecci\u00f3n de su hermano, Leandro Santoro, como primer candidato a legislador de la fuerza Uni\u00f3n Porte\u00f1a Libertaria. El dirigente liberal hab\u00eda sido fuertemente criticado por apelar a su familiar, quien lleva el mismo nombre que el candidato peronista, Leandro Santoro, y por utilizar un nombre [&hellip;]<\/p>\n","protected":false},"author":1,"featured_media":16769,"comment_status":"open","ping_status":"open","sticky":false,"template":"","format":"standard","meta":{"footnotes":""},"categories":[2],"tags":[1063,809,3347,251,926,858,8094,12825,12491],"class_list":["post-16768","post","type-post","status-publish","format-standard","has-post-thumbnail","hentry","category-ultimas-noticias","tag-bajo","tag-cambio","tag-candidatos","tag-fuerza","tag-hermano","tag-leandro","tag-lista","tag-logo","tag-santoro"],"_links":{"self":[{"href":"https:\/\/13.com.ar\/index.php\/wp-json\/wp\/v2\/posts\/16768","targetHints":{"allow":["GET"]}}],"collection":[{"href":"https:\/\/13.com.ar\/index.php\/wp-json\/wp\/v2\/posts"}],"about":[{"href":"https:\/\/13.com.ar\/index.php\/wp-json\/wp\/v2\/types\/post"}],"author":[{"embeddable":true,"href":"https:\/\/13.com.ar\/index.php\/wp-json\/wp\/v2\/users\/1"}],"replies":[{"embeddable":true,"href":"https:\/\/13.com.ar\/index.php\/wp-json\/wp\/v2\/comments?post=16768"}],"version-history":[{"count":0,"href":"https:\/\/13.com.ar\/index.php\/wp-json\/wp\/v2\/posts\/16768\/revisions"}],"wp:featuredmedia":[{"embeddable":true,"href":"https:\/\/13.com.ar\/index.php\/wp-json\/wp\/v2\/media\/16769"}],"wp:attachment":[{"href":"https:\/\/13.com.ar\/index.php\/wp-json\/wp\/v2\/media?parent=16768"}],"wp:term":[{"taxonomy":"category","embeddable":true,"href":"https:\/\/13.com.ar\/index.php\/wp-json\/wp\/v2\/categories?post=16768"},{"taxonomy":"post_tag","embeddable":true,"href":"https:\/\/13.com.ar\/index.php\/wp-json\/wp\/v2\/tags?post=16768"}],"curies":[{"name":"wp","href":"https:\/\/api.w.org\/{rel}","templated":true}]}}