{"id":16766,"date":"2025-03-31T20:12:28","date_gmt":"2025-03-31T23:12:28","guid":{"rendered":"https:\/\/13.com.ar\/index.php\/la-planta-que-conquista-oficinas-y-hogares-con-su-estilo-atemporal\/"},"modified":"2025-03-31T20:12:28","modified_gmt":"2025-03-31T23:12:28","slug":"la-planta-que-conquista-oficinas-y-hogares-con-su-estilo-atemporal","status":"publish","type":"post","link":"https:\/\/13.com.ar\/index.php\/la-planta-que-conquista-oficinas-y-hogares-con-su-estilo-atemporal\/","title":{"rendered":"la planta que conquista oficinas y hogares con su estilo atemporal"},"content":{"rendered":"<p> <br \/>\n<br \/><img decoding=\"async\" src=\"https:\/\/13.com.ar\/wp-content\/uploads\/2025\/03\/la-planta-que-conquista-oficinas-y-hogares-con-su-estilo.jpg\" \/><\/p>\n<div id=\"element-body-0\">\n<p>En el \u00e1mbito del <strong>dise\u00f1o de interiores, pocas especies lograron posicionarse como esta planta<\/strong>, elegida por su presencia equilibrada y su capacidad para integrarse en oficinas y hogares sin perder su estilo. <strong>Su fisonom\u00eda acompa\u00f1a est\u00e9ticas variadas<\/strong>, desde lo<strong> escandinavo hasta lo cl\u00e1sico<\/strong>, y aparece cada vez con m\u00e1s fuerza en espacios donde el dise\u00f1o dialoga con lo natural.<\/p>\n<\/div>\n<div id=\"element-body-1\">\n<p>La especie en cuesti\u00f3n es la <strong><em>Chamaedorea elegans<\/em><\/strong>, conocida como<strong> palmera de sal\u00f3n<\/strong>. Seg\u00fan fuentes especializadas en jardiner\u00eda y arquitectura de interiores, <strong>se destaca por su adaptabilidad y su funci\u00f3n como purificadora del aire<\/strong>. Su estructura ligera, de <strong>tallos finos y hojas alargadas, le permite integrarse a distintos ambientes<\/strong> sin saturarlos ni exigir cuidados complejos.<\/p>\n<\/div>\n<div id=\"element-body-3\">\n<p>La<strong> palmera de sal\u00f3n<\/strong> responde a las demandas actuales de funcionalidad, <strong>presencia visual y bajo mantenimiento<\/strong>. Su <strong>forma vertical aporta altura a espacios reducidos <\/strong>sin bloquear la luz, y <strong>su textura verde mate<\/strong> <strong>contrasta <\/strong>con <strong>superficies neutras<\/strong> como cemento alisado o madera clara. Esta combinaci\u00f3n la vuelve compatible con esquemas contempor\u00e1neos.<\/p>\n<\/div>\n<div id=\"element-body-4\">\n<p><strong>No requiere luz solar directa y tolera ambientes con iluminaci\u00f3n media<\/strong>. A diferencia de otras especies, <strong>no exige riegos constantes ni abono frecuente<\/strong>, lo que reduce el mantenimiento. Su crecimiento lento conserva su forma durante largos periodos, sin generar desborde ni necesidad de podas intensivas.<\/p>\n<\/div>\n<div id=\"element-body-5\">\n<p>Puede convivir con<strong> estilos n\u00f3rdicos, modernos o ecl\u00e9cticos<\/strong> sin perder protagonismo ni romper la armon\u00eda visual. Funciona como estructura viva que acompa\u00f1a cuadros, alfombras o muebles sin saturar la escena. <strong>Se adapta a distintos tipos de macetas, desde cer\u00e1mica artesanal hasta materiales reciclados<\/strong>, lo que ampl\u00eda sus posibilidades est\u00e9ticas seg\u00fan cada espacio.<\/p>\n<\/div>\n<div id=\"element-body-8\">\n<p><strong>Incorporarla no implica redise\u00f1ar todo el ambiente.<\/strong> Solo requiere un punto con <strong>luz indirecta y buena ventilaci\u00f3n<\/strong>. Se integra con naturalidad a espacios de trabajo, livings o zonas de descanso, y su tama\u00f1o permite ubicarla junto a muebles sin ocupar demasiado volumen.<strong> En oficinas suma una cuota verde que suaviza lo t\u00e9cnico <\/strong>sin interferir en la funcionalidad del entorno.<\/p>\n<\/div>\n<div id=\"element-body-9\">\n<p><strong>En el hogar act\u00faa como punto de foco visual<\/strong> o como complemento de un conjunto decorativo m\u00e1s amplio. Su est\u00e9tica retro y minimalista la vuelve ideal para equilibrar ambientes con paletas neutras o texturas naturales.<\/p>\n<\/div>\n<div id=\"element-body-11\">\n<p>Adem\u00e1s, <strong>aporta beneficios funcionales<\/strong>: seg\u00fan estudios de la NASA, <strong>contribuye a filtrar toxinas del aire y mejora la sensaci\u00f3n de bienestar en interiores<\/strong>. <\/p>\n<\/div>\n<p><br \/>\n<br \/><a href=\"https:\/\/www.clarin.com\/informacion-general\/favorita-diseno-planta-conquista-oficinas-hogares-estilo-atemporal_0_1rxOEfTrbL.html\">Fuente Clarin.com <\/a><\/p>\n","protected":false},"excerpt":{"rendered":"<p>En el \u00e1mbito del dise\u00f1o de interiores, pocas especies lograron posicionarse como esta planta, elegida por su presencia equilibrada y su capacidad para integrarse en oficinas y hogares sin perder su estilo. Su fisonom\u00eda acompa\u00f1a est\u00e9ticas variadas, desde lo escandinavo hasta lo cl\u00e1sico, y aparece cada vez con m\u00e1s fuerza en espacios donde el dise\u00f1o [&hellip;]<\/p>\n","protected":false},"author":1,"featured_media":16767,"comment_status":"open","ping_status":"open","sticky":false,"template":"","format":"standard","meta":{"footnotes":""},"categories":[2],"tags":[14540,18,8279,1529,10993,6888,1889],"class_list":["post-16766","post","type-post","status-publish","format-standard","has-post-thumbnail","hentry","category-ultimas-noticias","tag-atemporal","tag-con","tag-conquista","tag-estilo","tag-hogares","tag-oficinas","tag-planta"],"_links":{"self":[{"href":"https:\/\/13.com.ar\/index.php\/wp-json\/wp\/v2\/posts\/16766","targetHints":{"allow":["GET"]}}],"collection":[{"href":"https:\/\/13.com.ar\/index.php\/wp-json\/wp\/v2\/posts"}],"about":[{"href":"https:\/\/13.com.ar\/index.php\/wp-json\/wp\/v2\/types\/post"}],"author":[{"embeddable":true,"href":"https:\/\/13.com.ar\/index.php\/wp-json\/wp\/v2\/users\/1"}],"replies":[{"embeddable":true,"href":"https:\/\/13.com.ar\/index.php\/wp-json\/wp\/v2\/comments?post=16766"}],"version-history":[{"count":0,"href":"https:\/\/13.com.ar\/index.php\/wp-json\/wp\/v2\/posts\/16766\/revisions"}],"wp:featuredmedia":[{"embeddable":true,"href":"https:\/\/13.com.ar\/index.php\/wp-json\/wp\/v2\/media\/16767"}],"wp:attachment":[{"href":"https:\/\/13.com.ar\/index.php\/wp-json\/wp\/v2\/media?parent=16766"}],"wp:term":[{"taxonomy":"category","embeddable":true,"href":"https:\/\/13.com.ar\/index.php\/wp-json\/wp\/v2\/categories?post=16766"},{"taxonomy":"post_tag","embeddable":true,"href":"https:\/\/13.com.ar\/index.php\/wp-json\/wp\/v2\/tags?post=16766"}],"curies":[{"name":"wp","href":"https:\/\/api.w.org\/{rel}","templated":true}]}}