{"id":16765,"date":"2025-03-31T20:09:30","date_gmt":"2025-03-31T23:09:30","guid":{"rendered":"https:\/\/13.com.ar\/index.php\/ultima-oportunidad-para-la-inscripcion-hasta-que-dia\/"},"modified":"2025-03-31T20:09:30","modified_gmt":"2025-03-31T23:09:30","slug":"ultima-oportunidad-para-la-inscripcion-hasta-que-dia","status":"publish","type":"post","link":"https:\/\/13.com.ar\/index.php\/ultima-oportunidad-para-la-inscripcion-hasta-que-dia\/","title":{"rendered":"\u00faltima oportunidad para la inscripci\u00f3n, \u00bfhasta qu\u00e9 d\u00eda?"},"content":{"rendered":"<p> <br \/>\n<br \/><img decoding=\"async\" src=\"https:\/\/13.com.ar\/wp-content\/uploads\/2025\/03\/el-error-que-te-impedira-inscribirte-y-cobrar-el-beneficio.jpg\" \/><\/p>\n<div id=\"element-body-0\">\n<p>La <strong>Secretaria de Educaci\u00f3n del Ministerio de Capital Humano<\/strong> extendi\u00f3 la <strong>primera convocatoria 2025 <\/strong>de<strong> inscripci\u00f3n<\/strong> de las<strong> Becas Progresar de Nivel Obligatorio<\/strong>.<\/p>\n<\/div>\n<div id=\"element-body-1\">\n<p>El programa econ\u00f3mico tiene el objetivo de acompa\u00f1ar a los <strong>estudiantes para que puedan terminar sus estudios<\/strong> y formarse profesionalmente<\/p>\n<\/div>\n<div id=\"element-body-2\">\n<p>En primera instancia, la <strong>fecha l\u00edmite de la inscripci\u00f3n<\/strong>, que comenz\u00f3 el 10 de marzo, era el 31 de marzo. Sin embargo, con la prolongaci\u00f3n,<strong> los interesados podr\u00e1n registrarse hasta el 10 de abril.<\/strong><\/p>\n<\/div>\n<p><h2>Becas Progresar Superior 2025: ya abri\u00f3 la inscripci\u00f3n para la primera convocatoria<\/h2>\n<\/p>\n<div id=\"element-body-6\">\n<p>La <strong>Secretar\u00eda de Educaci\u00f3n del Ministerio de Capital Humano<\/strong> abri\u00f3 la inscripci\u00f3n para que estudiantes universitarios, no universitarios y de Enfermer\u00eda puedan acceder a la beca <strong>Progresar Superior<\/strong>.<\/p>\n<\/div>\n<div id=\"element-body-7\">\n<p> Bajo la Resoluci\u00f3n 388\/2025 en el Bolet\u00edn Oficial, las autoridades decidieron que los aspirantes para la l\u00ednea de <strong>educaci\u00f3n superior<\/strong> podr\u00e1n inscribirse <strong>desde el 31 de marzo hasta el 20 de abril<\/strong>. El pago para quienes resulten adjudicados ser\u00e1 de hasta<strong> 12 cuotas mensuales <\/strong>de<strong> $35000<\/strong>.<\/p>\n<\/div>\n<div id=\"element-body-8\">\n<p>Para acceder, los solicitantes deben tener hasta 25 a\u00f1os si son estudiantes ingresantes, hasta 30 a\u00f1os si est\u00e1n avanzados en la carrera y los <strong>estudiantes de enfermer\u00eda<\/strong> no tienen l\u00edmites de edad. <\/p>\n<\/div>\n<div id=\"element-body-10\">\n<p><strong>La asistencia a clases ser\u00e1 monitoreada mediante tres certificaciones anuales<\/strong>. En caso de acumular un n\u00famero elevado de faltas, el estudiante podr\u00eda enfrentarse a la suspensi\u00f3n de la beca. <\/p>\n<\/div>\n<div id=\"element-body-11\">\n<p>Adem\u00e1s, <strong>al finalizar el ciclo lectivo se evaluar\u00e1n los avances acad\u00e9micos<\/strong>; los estudiantes ingresantes a la carrera deben acreditar un <strong>80 % de materias aprobadas<\/strong> durante el a\u00f1o en curso, mientras que los avanzados deber\u00e1n cumplir con el 50 %. El cobro completo de la beca estar\u00e1 sujeto a la realizaci\u00f3n y cumplimiento de dichos requisitos.<\/p>\n<\/div>\n<div id=\"element-body-13\">\n<p><strong>La inscripci\u00f3n<\/strong> se realizar\u00e1 a trav\u00e9s de la plataforma<strong> Progresar<\/strong>, pero para completar parte del proceso ser\u00e1 necesario estar registrado tambi\u00e9n en <strong>Mi Argentina. <\/strong><\/p>\n<\/div>\n<div id=\"element-body-14\">\n<p>Si la inscripci\u00f3n se realiz\u00f3 en a\u00f1os anteriores, no es necesario crear un nuevo usuario. Solo se debe ingresar con el nombre de usuario o CUIL y la contrase\u00f1a.<\/p>\n<\/div>\n<p><br \/>\n<br \/><a href=\"https:\/\/www.clarin.com\/informacion-general\/becas-progresar-2025-ultima-oportunidad-inscripcion-dia_0_bVfZ6PKn4P.html\">Fuente Clarin.com <\/a><\/p>\n","protected":false},"excerpt":{"rendered":"<p>La Secretaria de Educaci\u00f3n del Ministerio de Capital Humano extendi\u00f3 la primera convocatoria 2025 de inscripci\u00f3n de las Becas Progresar de Nivel Obligatorio. El programa econ\u00f3mico tiene el objetivo de acompa\u00f1ar a los estudiantes para que puedan terminar sus estudios y formarse profesionalmente En primera instancia, la fecha l\u00edmite de la inscripci\u00f3n, que comenz\u00f3 el [&hellip;]<\/p>\n","protected":false},"author":1,"featured_media":15343,"comment_status":"open","ping_status":"open","sticky":false,"template":"","format":"standard","meta":{"footnotes":""},"categories":[2],"tags":[1154,476,4386,3234,16,286,1859],"class_list":["post-16765","post","type-post","status-publish","format-standard","has-post-thumbnail","hentry","category-ultimas-noticias","tag-dia","tag-hasta","tag-inscripcion","tag-oportunidad","tag-para","tag-que","tag-ultima"],"_links":{"self":[{"href":"https:\/\/13.com.ar\/index.php\/wp-json\/wp\/v2\/posts\/16765","targetHints":{"allow":["GET"]}}],"collection":[{"href":"https:\/\/13.com.ar\/index.php\/wp-json\/wp\/v2\/posts"}],"about":[{"href":"https:\/\/13.com.ar\/index.php\/wp-json\/wp\/v2\/types\/post"}],"author":[{"embeddable":true,"href":"https:\/\/13.com.ar\/index.php\/wp-json\/wp\/v2\/users\/1"}],"replies":[{"embeddable":true,"href":"https:\/\/13.com.ar\/index.php\/wp-json\/wp\/v2\/comments?post=16765"}],"version-history":[{"count":0,"href":"https:\/\/13.com.ar\/index.php\/wp-json\/wp\/v2\/posts\/16765\/revisions"}],"wp:featuredmedia":[{"embeddable":true,"href":"https:\/\/13.com.ar\/index.php\/wp-json\/wp\/v2\/media\/15343"}],"wp:attachment":[{"href":"https:\/\/13.com.ar\/index.php\/wp-json\/wp\/v2\/media?parent=16765"}],"wp:term":[{"taxonomy":"category","embeddable":true,"href":"https:\/\/13.com.ar\/index.php\/wp-json\/wp\/v2\/categories?post=16765"},{"taxonomy":"post_tag","embeddable":true,"href":"https:\/\/13.com.ar\/index.php\/wp-json\/wp\/v2\/tags?post=16765"}],"curies":[{"name":"wp","href":"https:\/\/api.w.org\/{rel}","templated":true}]}}