{"id":16763,"date":"2025-03-31T20:03:33","date_gmt":"2025-03-31T23:03:33","guid":{"rendered":"https:\/\/13.com.ar\/index.php\/la-advertencia-de-la-aprevide-a-los-hinchas-de-cara-al-arranque-de-las-copas-libertadores-y-sudamericana\/"},"modified":"2025-03-31T20:03:33","modified_gmt":"2025-03-31T23:03:33","slug":"la-advertencia-de-la-aprevide-a-los-hinchas-de-cara-al-arranque-de-las-copas-libertadores-y-sudamericana","status":"publish","type":"post","link":"https:\/\/13.com.ar\/index.php\/la-advertencia-de-la-aprevide-a-los-hinchas-de-cara-al-arranque-de-las-copas-libertadores-y-sudamericana\/","title":{"rendered":"La advertencia de la APreViDe a los hinchas de cara al arranque de las Copas Libertadores y Sudamericana"},"content":{"rendered":"<p> <br \/>\n<br \/><img decoding=\"async\" src=\"https:\/\/13.com.ar\/wp-content\/uploads\/2025\/03\/La-advertencia-de-la-APreViDe-a-los-hinchas-de-cara.jpg\" \/><\/p>\n<div id=\"element-body-0\">\n<p>Esta semana comienza el sue\u00f1o de los equipos argentinos en las competencias internacionales m\u00e1s prestigiosas de esta parte del mundo. Varios son los clubes que saldr\u00e1n a la cancha para dar el primer paso hacia la ilusi\u00f3n copera. A los largo de cada partido se espera un gran marco en los estadios. Se vienen las famosas &#8220;noche de copa&#8221;. Y en este sentido, desde la Agencia de Prevenci\u00f3n de la Violencia en el Deporte, realizaron una advertencia para todos los hinchas.<\/p>\n<\/div>\n<div id=\"element-body-1\">\n<p>Este organismo se encarga de la seguridad de los encuentros en la Provincia de Buenos Aires. Son cinco los clubes bonaerenses que competir\u00e1n este a\u00f1o en el plano internacional. Esta primera semana de abril debutar\u00e1n de visitante, pero desde la siguiente ya actuar\u00e1n de local: el martes 8 de abril jugar\u00e1n Independiente y Estudiantes de local en sus estadios, el mi\u00e9rcoles 9 el turno de Lan\u00fas, Defensa y Racing el jueves 10.<\/p>\n<\/div>\n<div id=\"element-body-2\">\n<p>APreViDe inform\u00f3 que &#8220;trabajar\u00e1 mancomunadamente con la AFA y la Conmebol, con los clubes y los organismos de seguridad de cada pa\u00eds visitante para garantizar un ambiente seguro y respetuoso para todos los asistentes. Esto incluye la implementaci\u00f3n de medidas de seguridad reforzadas, la coordinaci\u00f3n con las autoridades locales y la promoci\u00f3n de campa\u00f1as de concienciaci\u00f3n sobre la importancia de la no violencia y el respeto en el deporte&#8221;. <\/p>\n<\/div>\n<div id=\"element-body-3\">\n<p>A su vez, desde este ente, hicieron un llamado a todos los asistentes a actuar con responsabilidad y respeto hacia los dem\u00e1s, erradicando cualquier forma de violencia y discriminaci\u00f3n. Y avisaron: &#8220;La agencia se compromete a ser inclaudicable con los actos de racismo y cualquier otra forma de discriminaci\u00f3n, y a trabajar en estrecha colaboraci\u00f3n con las autoridades competentes para garantizar que se tomen las medidas necesarias para prevenir y sancionar estos actos&#8221;.<\/p>\n<\/div>\n<p><br \/>\n<br \/><a href=\"https:\/\/www.clarin.com\/deportes\/advertencia-aprevide-hinchas-cara-arranque-copas-libertadores-sudamericana_0_BiBg9TSGdE.html\">Fuente Clarin.com <\/a><\/p>\n","protected":false},"excerpt":{"rendered":"<p>Esta semana comienza el sue\u00f1o de los equipos argentinos en las competencias internacionales m\u00e1s prestigiosas de esta parte del mundo. Varios son los clubes que saldr\u00e1n a la cancha para dar el primer paso hacia la ilusi\u00f3n copera. A los largo de cada partido se espera un gran marco en los estadios. Se vienen las [&hellip;]<\/p>\n","protected":false},"author":1,"featured_media":16764,"comment_status":"open","ping_status":"open","sticky":false,"template":"","format":"standard","meta":{"footnotes":""},"categories":[2],"tags":[4431,14539,2161,2812,12171,3593,48,1749,28,1751],"class_list":["post-16763","post","type-post","status-publish","format-standard","has-post-thumbnail","hentry","category-ultimas-noticias","tag-advertencia","tag-aprevide","tag-arranque","tag-cara","tag-copas","tag-hinchas","tag-las","tag-libertadores","tag-los","tag-sudamericana"],"_links":{"self":[{"href":"https:\/\/13.com.ar\/index.php\/wp-json\/wp\/v2\/posts\/16763","targetHints":{"allow":["GET"]}}],"collection":[{"href":"https:\/\/13.com.ar\/index.php\/wp-json\/wp\/v2\/posts"}],"about":[{"href":"https:\/\/13.com.ar\/index.php\/wp-json\/wp\/v2\/types\/post"}],"author":[{"embeddable":true,"href":"https:\/\/13.com.ar\/index.php\/wp-json\/wp\/v2\/users\/1"}],"replies":[{"embeddable":true,"href":"https:\/\/13.com.ar\/index.php\/wp-json\/wp\/v2\/comments?post=16763"}],"version-history":[{"count":0,"href":"https:\/\/13.com.ar\/index.php\/wp-json\/wp\/v2\/posts\/16763\/revisions"}],"wp:featuredmedia":[{"embeddable":true,"href":"https:\/\/13.com.ar\/index.php\/wp-json\/wp\/v2\/media\/16764"}],"wp:attachment":[{"href":"https:\/\/13.com.ar\/index.php\/wp-json\/wp\/v2\/media?parent=16763"}],"wp:term":[{"taxonomy":"category","embeddable":true,"href":"https:\/\/13.com.ar\/index.php\/wp-json\/wp\/v2\/categories?post=16763"},{"taxonomy":"post_tag","embeddable":true,"href":"https:\/\/13.com.ar\/index.php\/wp-json\/wp\/v2\/tags?post=16763"}],"curies":[{"name":"wp","href":"https:\/\/api.w.org\/{rel}","templated":true}]}}