{"id":16731,"date":"2025-03-31T18:21:35","date_gmt":"2025-03-31T21:21:35","guid":{"rendered":"https:\/\/13.com.ar\/index.php\/el-tas-fallo-a-favor-de-andres-fassi-contra-la-suspension-que-le-habia-aplicado-el-tribunal-de-disciplina-de-la-afa\/"},"modified":"2025-03-31T18:21:35","modified_gmt":"2025-03-31T21:21:35","slug":"el-tas-fallo-a-favor-de-andres-fassi-contra-la-suspension-que-le-habia-aplicado-el-tribunal-de-disciplina-de-la-afa","status":"publish","type":"post","link":"https:\/\/13.com.ar\/index.php\/el-tas-fallo-a-favor-de-andres-fassi-contra-la-suspension-que-le-habia-aplicado-el-tribunal-de-disciplina-de-la-afa\/","title":{"rendered":"El TAS fall\u00f3 a favor de Andr\u00e9s Fassi contra la suspensi\u00f3n que le hab\u00eda aplicado el Tribunal de Disciplina de la AFA"},"content":{"rendered":"<p> <br \/>\n<br \/><img decoding=\"async\" src=\"https:\/\/13.com.ar\/wp-content\/uploads\/2025\/03\/El-TAS-fallo-a-favor-de-Andres-Fassi-contra-la.jpg\" \/><\/p>\n<div id=\"element-body-0\">\n<p>El <strong>TAS <\/strong>(Tribunal de Arbitraje Deportivo)<strong> fall\u00f3 a favor del presidente de Talleres, Andr\u00e9s Fassi <\/strong>en el pedido de una cautelar para anular la sanci\u00f3n de 24 meses que le hab\u00eda aplicado la AFA para ejercer su cargo como consecuencia de los incidentes que protagoniz\u00f3 en octubre del a\u00f1o pasado con el \u00e1rbitro Andr\u00e9s Merlos tras el encuentro contra Boca Juniors, por los octavos de final de la Copa Argentina, en la zona de vestuarios del estadio Malvinas Argentinas de Mendoza.<\/p>\n<\/div>\n<div id=\"element-body-1\">\n<p>El fallo del Tribunal fue publicado por el club cordob\u00e9s en su sitio web y tambi\u00e9n involucra al Gustavo Gatti que hab\u00eda recibido una pena menor. \u00bfQu\u00e9 cambia ahora para ambos?<strong> Que est\u00e1n en condiciones de representar a la entidad en actos oficiales de la AFA, como una Asamblea, o integrar el Comit\u00e9 Ejecutivo.<\/strong> Tambi\u00e9n, podr\u00edan presentarse para cargos electivos, aunque Fassi ya hab\u00eda asegurado que su objetivo no es ser presidente de la entidad.<\/p>\n<\/div>\n<div id=\"element-body-2\">\n<p>El levantamiento de la sanci\u00f3n tiene car\u00e1cter provisorio. Por lo tanto, la habilitaci\u00f3n para Fassi y Gatti ser\u00e1<strong> hasta que el Tribunal ubicado en Suiza termine las evaluaciones del caso.<\/strong><\/p>\n<\/div>\n<div id=\"element-body-5\">\n<p>La disputa entre Fassi y Claudio Tapia, titular de la AFA, ven\u00eda de tiempo atr\u00e1s porque el dirigente cordob\u00e9s apoyaba la incorporaci\u00f3n de las SAD al f\u00fatbol argentino y se hab\u00eda opuesto a la anulaci\u00f3n de los descensos.<\/p>\n<\/div>\n<div id=\"element-body-6\">\n<p>Todo explot\u00f3 en octubre del a\u00f1o pasado, tras un pol\u00e9mico partido entre Boca y Talleres por los octavos de final de la Copa Argentina. Tras la victoria Xeneize, hubo un incidente en la antesala a los vestuarios donde Fassi increp\u00f3 al \u00e1rbitro Andr\u00e9s Merlos. <\/p>\n<\/div>\n<div id=\"element-body-7\">\n<p>Ambos mantuvieron una acalorada discusi\u00f3n. Lo reconoci\u00f3 el mismo Fassi, quien despu\u00e9s dio su versi\u00f3n a la prensa de lo sucedido: &#8220;Le pregunt\u00e9 por qu\u00e9 segu\u00eda perjudicando a Talleres. Por qu\u00e9 lo hac\u00eda; no es la primera vez, ya van varias veces&#8221;, cont\u00f3 el dirigente. Y, sobre el incidente, detall\u00f3: &#8220;Empez\u00f3 a gritar y me dijo \u2018si quer\u00e9s hablar te invito para que vengas\u2019, yo le dije que s\u00ed con todo gusto, Vino y me agredi\u00f3. Me peg\u00f3 una trompada a m\u00ed y le peg\u00f3 una patada al vicepresidente, Hugo Gatti&#8221;.<\/p>\n<\/div>\n<div id=\"element-body-8\">\n<p>En cambio, la versi\u00f3n que dio Merlos horas despu\u00e9s fue diferente: &#8220;Te vamos a matar, hijo de puta, nos viv\u00eds cagando&#8221;, asegura el \u00e1rbitro que le dijo Fassi.<\/p>\n<\/div>\n<div id=\"element-body-9\">\n<p> &#8220;No tengo palabras, ya hab\u00eda tenido un hecho con \u00e9l en el pasado, cuando hab\u00eda pasado lo mismo. Se lo sancion\u00f3, pero ahora fue mucho m\u00e1s grave porque ingresaron dos personas de \u00e9l al vestuario y con un arma de fuego&#8221;. Y as\u00ed figur\u00f3 en el informe que present\u00f3.<\/p>\n<\/div>\n<div id=\"element-body-10\">\n<p>El Tribunal de Disciplina evalu\u00f3 la situaci\u00f3n y concluy\u00f3 que Fassi hab\u00eda violado abiertamente el art\u00edculo 169 del Reglamento de la AFA, que proh\u00edbe la presencia de dirigentes en zonas vedadas, como lo es el vestuario de los \u00e1rbitros. Adem\u00e1s, se consider\u00f3 que sus actos contribuyeron a crear un ambiente de violencia y hostilidad que no puede ser tolerado en el deporte. Ahora, el TAS envi\u00f3 para atr\u00e1s esa resoluci\u00f3n.<\/p>\n<\/div>\n<div id=\"element-body-11\">\n<p>Antes, Fassi hab\u00eda logrado una medida cautelar en la Inspecci\u00f3n General de Justicia para invalidar la Asamblea del 17 de octubre \u00faltimo, en la que no solo se anularon descensos, tambi\u00e9n se reeligi\u00f3 a Tapia. Esto tambi\u00e9n fue un\u00e1nime, aunque despu\u00e9s el presidente de River, Jorge Brito, aclar\u00f3 que el club vot\u00f3 a favor de la anulaci\u00f3n de descensos aunque estaba en contra porque la AFA puso a votar eso en el mismo punto que la elecci\u00f3n de autoridades, y Mat\u00edas Patanian estaba postulado a vice.<\/p>\n<\/div>\n<div id=\"element-body-12\">\n<p>Con la guerra declarada por parte de Fassi a Chiqui Tapia, el presidente de Talleres se reuni\u00f3 con el presidente de la Naci\u00f3n, Javier Milei, quien le dio un fuerte apoyo. El jefe de Estado fue el impulsor de las SAD en el f\u00fatbol argentino.<\/p>\n<\/div>\n<div id=\"element-body-15\">\n<p>El Tribunal Arbitral del Deporte (TAS) resuelve:<\/p>\n<\/div>\n<div id=\"element-body-16\">\n<p>Acoger la medida cautelar solicitada por la parte de D. Andr\u00e9s Miguel Fassi y D. Gustavo Gatti.<\/p>\n<\/div>\n<div id=\"element-body-17\">\n<p>Se ordena suspender los efectos de las sanciones aplicadas a los se\u00f1ores Andr\u00e9s Miguel Fassi y Gustavo Gatti, mediante la decisi\u00f3n adoptada por el Tribunal de Disciplina Deportiva de la Asociaci\u00f3n del F\u00fatbol Argentino, de fecha 10 de octubre de 2024 y confirmada por resoluci\u00f3n dictada por el Tribunal de Apelaciones de la Asociaci\u00f3n del F\u00fatbol Argentino de fecha 4 de noviembre de 2024.<\/p>\n<\/div>\n<div id=\"element-body-18\">\n<p>En Lausana, el 31 de marzo 2025.<\/p>\n<\/div>\n<div id=\"element-body-19\">\n<p>Juan Pablo Arriagada Aljaro (Presidente de la Formaci\u00f3n)<\/p>\n<\/div>\n<div id=\"element-body-20\">\n<p>Carlos Del Campo Col\u00e1s (\u00c1rbitro)<\/p>\n<\/div>\n<div id=\"element-body-21\">\n<p>Ernesto Gamboa Morales (\u00c1rbitro)<\/p>\n<\/div>\n<p><br \/>\n<br \/><a href=\"https:\/\/www.clarin.com\/deportes\/tas-fallo-favor-andres-fassi-suspension-aplicado-tribunal-disciplina-afa_0_XYc8jR3g6E.html\">Fuente Clarin.com <\/a><\/p>\n","protected":false},"excerpt":{"rendered":"<p>El TAS (Tribunal de Arbitraje Deportivo) fall\u00f3 a favor del presidente de Talleres, Andr\u00e9s Fassi en el pedido de una cautelar para anular la sanci\u00f3n de 24 meses que le hab\u00eda aplicado la AFA para ejercer su cargo como consecuencia de los incidentes que protagoniz\u00f3 en octubre del a\u00f1o pasado con el \u00e1rbitro Andr\u00e9s Merlos [&hellip;]<\/p>\n","protected":false},"author":1,"featured_media":16732,"comment_status":"open","ping_status":"open","sticky":false,"template":"","format":"standard","meta":{"footnotes":""},"categories":[2],"tags":[2308,2312,14517,835,14518,1969,11125,1052,822,1217,14516,7700],"class_list":["post-16731","post","type-post","status-publish","format-standard","has-post-thumbnail","hentry","category-ultimas-noticias","tag-afa","tag-andres","tag-aplicado","tag-contra","tag-disciplina","tag-fallo","tag-fassi","tag-favor","tag-habia","tag-suspension","tag-tas","tag-tribunal"],"_links":{"self":[{"href":"https:\/\/13.com.ar\/index.php\/wp-json\/wp\/v2\/posts\/16731","targetHints":{"allow":["GET"]}}],"collection":[{"href":"https:\/\/13.com.ar\/index.php\/wp-json\/wp\/v2\/posts"}],"about":[{"href":"https:\/\/13.com.ar\/index.php\/wp-json\/wp\/v2\/types\/post"}],"author":[{"embeddable":true,"href":"https:\/\/13.com.ar\/index.php\/wp-json\/wp\/v2\/users\/1"}],"replies":[{"embeddable":true,"href":"https:\/\/13.com.ar\/index.php\/wp-json\/wp\/v2\/comments?post=16731"}],"version-history":[{"count":0,"href":"https:\/\/13.com.ar\/index.php\/wp-json\/wp\/v2\/posts\/16731\/revisions"}],"wp:featuredmedia":[{"embeddable":true,"href":"https:\/\/13.com.ar\/index.php\/wp-json\/wp\/v2\/media\/16732"}],"wp:attachment":[{"href":"https:\/\/13.com.ar\/index.php\/wp-json\/wp\/v2\/media?parent=16731"}],"wp:term":[{"taxonomy":"category","embeddable":true,"href":"https:\/\/13.com.ar\/index.php\/wp-json\/wp\/v2\/categories?post=16731"},{"taxonomy":"post_tag","embeddable":true,"href":"https:\/\/13.com.ar\/index.php\/wp-json\/wp\/v2\/tags?post=16731"}],"curies":[{"name":"wp","href":"https:\/\/api.w.org\/{rel}","templated":true}]}}