{"id":16721,"date":"2025-03-31T17:36:27","date_gmt":"2025-03-31T20:36:27","guid":{"rendered":"https:\/\/13.com.ar\/index.php\/oswaldo-balanta-evoluciona-sin-secuelas-del-infarto-y-en-san-lorenzo-hablan-de-un-verdadero-milagro\/"},"modified":"2025-03-31T17:36:27","modified_gmt":"2025-03-31T20:36:27","slug":"oswaldo-balanta-evoluciona-sin-secuelas-del-infarto-y-en-san-lorenzo-hablan-de-un-verdadero-milagro","status":"publish","type":"post","link":"https:\/\/13.com.ar\/index.php\/oswaldo-balanta-evoluciona-sin-secuelas-del-infarto-y-en-san-lorenzo-hablan-de-un-verdadero-milagro\/","title":{"rendered":"Oswaldo Balanta evoluciona sin secuelas del infarto y en San Lorenzo hablan de un &#8220;verdadero milagro&#8221;"},"content":{"rendered":"<p> <br \/>\n<br \/><img decoding=\"async\" src=\"https:\/\/13.com.ar\/wp-content\/uploads\/2025\/03\/San-Lorenzo-informo-buenas-noticias-sobre-el-futbolista-que-se.jpg\" \/><\/p>\n<div id=\"element-body-0\">\n<p>Fueron d\u00edas de m\u00e1xima preocupaci\u00f3n en un <strong>San Lorenzo<\/strong> que qued\u00f3 consternado por la descompensaci\u00f3n del jugador colombiano Oswaldo Balanta, quien sufri\u00f3 un paro card\u00edaco mientras se entrenaba con la Reserva el mi\u00e9rcoles pasado en el club. Pero las noticias que llegan desde el Sanatorio Finochietto, donde permanece internado, son muy positivas.<\/p>\n<\/div>\n<div id=\"element-body-1\">\n<p>El futbolista de 23 a\u00f1os que est\u00e1 a prueba en el Cicl\u00f3n evoluciona y eso genera un gran alivio. Seg\u00fan inform\u00f3 San Lorenzo en las \u00faltimas horas, Balanta<em> \u201cse encuentra hemodin\u00e1micamente compensado y en buen estado general. Ya se le retir\u00f3 la asistencia mec\u00e1nica respiratoria, est\u00e1 sin sedaci\u00f3n y se encuentra l\u00facido. Est\u00e1 acompa\u00f1ado por su madre y recibi\u00f3 visitas, con las cuales inclusive dialog\u00f3\u201d.<\/em><\/p>\n<\/div>\n<div id=\"element-body-2\">\n<p>Este lunes le realizaron m\u00e1s estudios, entre ellos una resonancia de cerebro y una de coraz\u00f3n. <em>\u201cDieron perfecto, no tiene ninguna secuela. Es un verdadero milagro\u201d<\/em>, le confirmaron a <strong>Clar\u00edn<\/strong> desde la instituci\u00f3n de Boedo. Ahora, mientras siguen monitore\u00e1ndolo, los especialistas estudiar\u00e1n la causa del cuadro que sufri\u00f3 y luego le dar\u00e1n el alta.<\/p>\n<\/div>\n<div id=\"element-body-3\">\n<p>En un momento la preocupaci\u00f3n hab\u00eda incrementado al m\u00e1ximo nivel ya que el colombiano permanec\u00eda en estado cr\u00edtico en el hospital Pi\u00f1ero, donde hab\u00eda llegado en primera instancia, y hasta hab\u00eda sufrido una desmejora. Por suerte y gracias al trabajo de los m\u00e9dicos ahora est\u00e1 respondiendo favorablemente.<\/p>\n<\/div>\n<div id=\"element-body-4\">\n<blockquote class=\"twitter-tweet\">\n<p lang=\"es\" dir=\"ltr\">El futbolista Oswaldo Balanta se encuentra hemodin\u00e1micamente compensado y en buen estado general. Ya se le retir\u00f3 la asistencia mec\u00e1nica respiratoria, est\u00e1 sin sedaci\u00f3n y se encuentra l\u00facido. Est\u00e1 acompa\u00f1ado por su madre y recibi\u00f3 visitas, con las cuales inclusive dialog\u00f3.\u2026 <a rel=\"nofollow\" target=\"_blank\" href=\"https:\/\/t.co\/AnBCr0oVpY\">pic.twitter.com\/AnBCr0oVpY<\/a><\/p>\n<p>\u2014 San Lorenzo (@SanLorenzo) <a rel=\"nofollow\" target=\"_blank\" href=\"https:\/\/twitter.com\/SanLorenzo\/status\/1906347832132407794?ref_src=twsrc%5Etfw\">March 30, 2025<\/a><\/p><\/blockquote>\n<\/div>\n<div id=\"element-body-5\">\n<p>Balanta se desvaneci\u00f3 mientras se entrenaba el mi\u00e9rcoles de la semana pasada y fue reanimado por el cuerpo m\u00e9dico de Reserva y Primera en el club, quienes le realizaron maniobras de RCP y tambi\u00e9n de desfibrilaci\u00f3n. Esta asistencia r\u00e1pida result\u00f3 clave para salvarle la vida y, adem\u00e1s, para reducir la probabilidad de secuelas.<\/p>\n<\/div>\n<div id=\"element-body-6\">\n<p>\u00bfPor qu\u00e9? Es que, seg\u00fan los especialistas en cardiolog\u00eda y diversos estudios, la tasa de supervivencia en este tipo de casos es del 58 al 60 por ciento si la reanimaci\u00f3n con desfibrilador se realiza antes de los tres minutos. Pasado ese tiempo, la probabilidad de supervivencia disminuye al 5 por ciento. Su corta edad, a su vez, es otro factor que le jug\u00f3 a favor.<\/p>\n<\/div>\n<div id=\"element-body-7\">\n<p>Seg\u00fan aseguraron desde San Lorenzo, Balanta se hab\u00eda sometido a estudios m\u00e9dicos antes de hacerse la prueba con la Reserva, los cuales no mostraron ning\u00fan problema de salud. En este caso fue un fuerte pelotazo en el pecho lo que desencaden\u00f3 en su cuadro que lo dej\u00f3 al borde de perder su vida a pesar de presentar un coraz\u00f3n sano.<\/p>\n<\/div>\n<div id=\"element-body-8\">\n<p>Todos en el Cicl\u00f3n se pusieron a disposici\u00f3n de la familia del futbolista surgido en Boca Juniors de Cali. Tanto dirigentes como, empleados y hasta el plantel profesional siguen atentamente su situaci\u00f3n. Tras el golazo de Iker Muniain de tiro libre ante Lan\u00fas el pasado viernes, los jugadores posaron con una camiseta que dec\u00eda<strong><em> &#8220;Fuerza Balanta&#8221;<\/em><\/strong>.<\/p>\n<\/div>\n<p><script async src=\"\/\/platform.twitter.com\/widgets.js\" charset=\"utf-8\"><\/script><br \/>\n<br \/><br \/>\n<br \/><a href=\"https:\/\/www.clarin.com\/deportes\/oswaldo-balanta-evoluciona-secuelas-infarto-san-lorenzo-hablan-verdadero-milagro_0_BzTCFv2Bqn.html\">Fuente Clarin.com <\/a><\/p>\n","protected":false},"excerpt":{"rendered":"<p>Fueron d\u00edas de m\u00e1xima preocupaci\u00f3n en un San Lorenzo que qued\u00f3 consternado por la descompensaci\u00f3n del jugador colombiano Oswaldo Balanta, quien sufri\u00f3 un paro card\u00edaco mientras se entrenaba con la Reserva el mi\u00e9rcoles pasado en el club. Pero las noticias que llegan desde el Sanatorio Finochietto, donde permanece internado, son muy positivas. El futbolista de [&hellip;]<\/p>\n","protected":false},"author":1,"featured_media":16431,"comment_status":"open","ping_status":"open","sticky":false,"template":"","format":"standard","meta":{"footnotes":""},"categories":[2],"tags":[13787,100,3276,3505,612,452,9439,13786,451,14513,882,1895],"class_list":["post-16721","post","type-post","status-publish","format-standard","has-post-thumbnail","hentry","category-ultimas-noticias","tag-balanta","tag-del","tag-evoluciona","tag-hablan","tag-infarto","tag-lorenzo","tag-milagro","tag-oswaldo","tag-san","tag-secuelas","tag-sin","tag-verdadero"],"_links":{"self":[{"href":"https:\/\/13.com.ar\/index.php\/wp-json\/wp\/v2\/posts\/16721","targetHints":{"allow":["GET"]}}],"collection":[{"href":"https:\/\/13.com.ar\/index.php\/wp-json\/wp\/v2\/posts"}],"about":[{"href":"https:\/\/13.com.ar\/index.php\/wp-json\/wp\/v2\/types\/post"}],"author":[{"embeddable":true,"href":"https:\/\/13.com.ar\/index.php\/wp-json\/wp\/v2\/users\/1"}],"replies":[{"embeddable":true,"href":"https:\/\/13.com.ar\/index.php\/wp-json\/wp\/v2\/comments?post=16721"}],"version-history":[{"count":0,"href":"https:\/\/13.com.ar\/index.php\/wp-json\/wp\/v2\/posts\/16721\/revisions"}],"wp:featuredmedia":[{"embeddable":true,"href":"https:\/\/13.com.ar\/index.php\/wp-json\/wp\/v2\/media\/16431"}],"wp:attachment":[{"href":"https:\/\/13.com.ar\/index.php\/wp-json\/wp\/v2\/media?parent=16721"}],"wp:term":[{"taxonomy":"category","embeddable":true,"href":"https:\/\/13.com.ar\/index.php\/wp-json\/wp\/v2\/categories?post=16721"},{"taxonomy":"post_tag","embeddable":true,"href":"https:\/\/13.com.ar\/index.php\/wp-json\/wp\/v2\/tags?post=16721"}],"curies":[{"name":"wp","href":"https:\/\/api.w.org\/{rel}","templated":true}]}}