{"id":16719,"date":"2025-03-31T17:27:35","date_gmt":"2025-03-31T20:27:35","guid":{"rendered":"https:\/\/13.com.ar\/index.php\/para-que-la-pobreza-siga-bajando-habra-que-ver-como-se-sale-del-cepo-cambiario\/"},"modified":"2025-03-31T17:27:35","modified_gmt":"2025-03-31T20:27:35","slug":"para-que-la-pobreza-siga-bajando-habra-que-ver-como-se-sale-del-cepo-cambiario","status":"publish","type":"post","link":"https:\/\/13.com.ar\/index.php\/para-que-la-pobreza-siga-bajando-habra-que-ver-como-se-sale-del-cepo-cambiario\/","title":{"rendered":"Para que la pobreza siga bajando habr\u00e1 que ver c\u00f3mo se sale del cepo cambiario"},"content":{"rendered":"<p> <br \/>\n<br \/><img decoding=\"async\" src=\"https:\/\/13.com.ar\/wp-content\/uploads\/2025\/03\/Para-que-la-pobreza-siga-bajando-habra-que-ver-como.jpg\" \/><\/p>\n<div id=\"element-body-0\">\n<p>Pobreza, situaci\u00f3n actual y perspectivas<\/p>\n<\/div>\n<div id=\"element-body-1\">\n<p>La incidencia de la pobreza en el segundo semestre de 2024 alcanz\u00f3 el 38.1% seg\u00fan public\u00f3 el INDEC, mientras que la indigencia se ubic\u00f3 en el 8.2%. Esto significa una ca\u00edda de casi 15 puntos porcentuales con respecto al primer semestre de 2024 (52.9%) en la pobreza y de 10 puntos porcentuales en la indigencia (18.1%).<\/p>\n<\/div>\n<div id=\"element-body-2\">\n<p>Esta ca\u00edda en ambos indicadores estuvo impulsada por la <strong>desaceleraci\u00f3n del ritmo de aumento de la valorizaci\u00f3n de las canastas b\u00e1sicas<\/strong> con las que se mide la pobreza y la indigencia de aproximadamente 8 puntos porcentuales entre el primer y segundo semestres del a\u00f1o y el aumento de los ingresos de los hogares por encima del aumento en las canastas a partir de agosto del 2024. <\/p>\n<\/div>\n<div id=\"element-body-3\">\n<p>En promedio <strong>el ingreso total familiar aument\u00f3 m\u00e1s del 60% comparado con un aumento promedio de menos del 30% en las canastas<\/strong>.<\/p>\n<\/div>\n<div id=\"element-body-4\">\n<p>La pobreza disminuy\u00f3 en todas las regiones del pa\u00eds, destac\u00e1ndose la ca\u00edda de m\u00e1s de 15 puntos porcentuales en las regiones del Noreste, Patagonia y Gran Buenos Aires.<\/p>\n<\/div>\n<div id=\"element-body-5\">\n<p>La Encuesta Permanente de Hogares (EPH) es representativa de una poblaci\u00f3n urbana de 29.7 millones de personas lo que sugiere que <strong>mas de 4 millones de personas salieron de la pobreza entre el primer y el segundo semestre de 2024<\/strong>. Esta es la mayor ca\u00edda entre semestres de un mismo a\u00f1o desde que el INDEC comenz\u00f3 a medir nuevamente la pobreza en 2016.<\/p>\n<\/div>\n<div id=\"element-body-6\">\n<p>Durante el primer trimestre de 2025 se produjo una desaceleraci\u00f3n en el ritmo con el que ve\u00edan creciendo las canastas con las que se mide la pobreza y la indigencia. Mientras que, durante el a\u00f1o pasado, despu\u00e9s de un aumento promedio de m\u00e1s de 15 puntos porcentuales en el primer trimestre de 2024 la canasta b\u00e1sica total cay\u00f3 a 2 por ciento en el \u00faltimo trimestre del a\u00f1o, se ha mantenido estable en ese nivel durante el primer trimestre de 2025 asociado al hecho de que la inflaci\u00f3n todav\u00eda no ha convergido a la tasa de devaluaci\u00f3n del tipo de cambio oficial.<\/p>\n<\/div>\n<div id=\"element-body-7\">\n<p>En este contexto,<strong> junto con una recuperaci\u00f3n de la econom\u00eda y los ingresos de los hogares, la tasa de pobreza del primer trimestre se ubicar\u00eda alrededor del 36% <\/strong>explicada fundamentalmente por el efecto del aguinaldo capturado por la EPH en los primeros trimestres de cada a\u00f1o. <\/p>\n<\/div>\n<div id=\"element-body-8\">\n<p>En el corto plazo, primer semestre del a\u00f1o, la evoluci\u00f3n de la pobreza <strong>depender\u00e1 de si hay alguna condicionalidad en el acuerdo con el FMI para modificar el r\u00e9gimen cambiario<\/strong>. Si el r\u00e9gimen cambiario se mantiene yo esperar\u00eda que la pobreza del primer semestre se mantenga estable <strong>alrededor del 35%.<\/strong> Si hay alguna modificaci\u00f3n del tipo de cambio, el 35 por ciento <strong>ser\u00eda el piso del primer semestre.<\/strong><\/p>\n<\/div>\n<div id=\"element-body-9\">\n<p>En el mediano y largo plazo la evoluci\u00f3n de la pobreza va a depender de <strong>c\u00f3mo sea la salida del cepo y de que tipo de pol\u00edtica monetaria se adopte despu\u00e9s de esa salida<\/strong>. Si la salida del cepo <strong>no es traum\u00e1tica<\/strong> y hay una normalizaci\u00f3n cambiaria suficientemente flexible se puede pensar en que la recuperaci\u00f3n econ\u00f3mica que se observa actualmente se pueda transformar en un <strong>ciclo de crecimiento econ\u00f3mico que genere un aumento del empleo formal<\/strong> que garantice una disminuci\u00f3n paulatina y sostenida de los niveles de pobreza. En este escenario podr\u00edamos llegar a niveles de pobreza de <strong>alrededor de 30% a fines de 2025.<\/strong><\/p>\n<\/div>\n<p><br \/>\n<br \/><a href=\"https:\/\/www.clarin.com\/economia\/pobreza-siga-bajando-ver-sale-cepo-cambiario_0_4ARWj0FrQm.html\">Fuente Clarin.com <\/a><\/p>\n","protected":false},"excerpt":{"rendered":"<p>Pobreza, situaci\u00f3n actual y perspectivas La incidencia de la pobreza en el segundo semestre de 2024 alcanz\u00f3 el 38.1% seg\u00fan public\u00f3 el INDEC, mientras que la indigencia se ubic\u00f3 en el 8.2%. Esto significa una ca\u00edda de casi 15 puntos porcentuales con respecto al primer semestre de 2024 (52.9%) en la pobreza y de 10 [&hellip;]<\/p>\n","protected":false},"author":1,"featured_media":16720,"comment_status":"open","ping_status":"open","sticky":false,"template":"","format":"standard","meta":{"footnotes":""},"categories":[2],"tags":[14512,2487,3195,66,100,2086,16,2516,449,5030,827],"class_list":["post-16719","post","type-post","status-publish","format-standard","has-post-thumbnail","hentry","category-ultimas-noticias","tag-bajando","tag-cambiario","tag-cepo","tag-como","tag-del","tag-habra","tag-para","tag-pobreza","tag-sale","tag-siga","tag-ver"],"_links":{"self":[{"href":"https:\/\/13.com.ar\/index.php\/wp-json\/wp\/v2\/posts\/16719","targetHints":{"allow":["GET"]}}],"collection":[{"href":"https:\/\/13.com.ar\/index.php\/wp-json\/wp\/v2\/posts"}],"about":[{"href":"https:\/\/13.com.ar\/index.php\/wp-json\/wp\/v2\/types\/post"}],"author":[{"embeddable":true,"href":"https:\/\/13.com.ar\/index.php\/wp-json\/wp\/v2\/users\/1"}],"replies":[{"embeddable":true,"href":"https:\/\/13.com.ar\/index.php\/wp-json\/wp\/v2\/comments?post=16719"}],"version-history":[{"count":0,"href":"https:\/\/13.com.ar\/index.php\/wp-json\/wp\/v2\/posts\/16719\/revisions"}],"wp:featuredmedia":[{"embeddable":true,"href":"https:\/\/13.com.ar\/index.php\/wp-json\/wp\/v2\/media\/16720"}],"wp:attachment":[{"href":"https:\/\/13.com.ar\/index.php\/wp-json\/wp\/v2\/media?parent=16719"}],"wp:term":[{"taxonomy":"category","embeddable":true,"href":"https:\/\/13.com.ar\/index.php\/wp-json\/wp\/v2\/categories?post=16719"},{"taxonomy":"post_tag","embeddable":true,"href":"https:\/\/13.com.ar\/index.php\/wp-json\/wp\/v2\/tags?post=16719"}],"curies":[{"name":"wp","href":"https:\/\/api.w.org\/{rel}","templated":true}]}}