{"id":16717,"date":"2025-03-31T17:12:35","date_gmt":"2025-03-31T20:12:35","guid":{"rendered":"https:\/\/13.com.ar\/index.php\/adolescencia-estara-disponible-en-streaming-en-todos-los-colegios-secundarios-del-reino-unido\/"},"modified":"2025-03-31T17:12:35","modified_gmt":"2025-03-31T20:12:35","slug":"adolescencia-estara-disponible-en-streaming-en-todos-los-colegios-secundarios-del-reino-unido","status":"publish","type":"post","link":"https:\/\/13.com.ar\/index.php\/adolescencia-estara-disponible-en-streaming-en-todos-los-colegios-secundarios-del-reino-unido\/","title":{"rendered":"Adolescencia estar\u00e1 disponible en streaming en todos los colegios secundarios del Reino Unido"},"content":{"rendered":"<p> <br \/>\n<br \/><img decoding=\"async\" src=\"https:\/\/13.com.ar\/wp-content\/uploads\/2025\/03\/Adolescencia-estara-disponible-en-streaming-en-todos-los-colegios-secundarios.jpg\" \/><\/p>\n<div id=\"element-body-0\">\n<p><strong><em>Adolescencia<\/em><\/strong> estar\u00e1 disponible en todos los institutos del Reino Unido gracias a una iniciativa que cuenta con el respaldo del gobierno brit\u00e1nico.<\/p>\n<\/div>\n<div id=\"element-body-1\">\n<p>El exitoso drama de<strong> Netflix<\/strong>, que ya ha generado un amplio debate por abordar temas como los delitos con arma blanca, la masculinidad t\u00f3xica y el peligro del contenido online para los ni\u00f1os, estar\u00e1 disponible junto con gu\u00edas y recursos para profesores, padres y cuidadores, para ayudarles a abordar las conversaciones que se planteen.<\/p>\n<\/div>\n<div id=\"element-body-2\">\n<p>El anuncio se produce tras una mesa redonda organizada por el primer ministro Keir Starmer junto con representantes de organizaciones ben\u00e9ficas como Tender, la NSPCC y The Children\u2019s Society, as\u00ed como con el cocreador de <em>Adolescencia<\/em>, Jack Thorne, y las productoras Emily Feller y Jo Johnson, informa <em>Variety<\/em>. Thorne ya hab\u00eda abogado por la emisi\u00f3n de la serie en los centros educativos.<\/p>\n<\/div>\n<div id=\"element-body-4\">\n<p>\u201cComo padre, al ver este programa con mis hijos adolescentes, les aseguro que me impact\u00f3 profundamente\u201d, dijo Starmer. \u201cEs una iniciativa importante para animar al mayor n\u00famero posible de alumnos a verlo. Como veo con mis propios hijos, hablar abiertamente sobre los cambios en su forma de comunicarse, el contenido que ven y explorar las conversaciones que mantienen con sus compa\u00f1eros es vital para apoyarlos adecuadamente a afrontar los desaf\u00edos contempor\u00e1neos y lidiar con las malas influencias\u201d.<\/p>\n<\/div>\n<div id=\"element-body-6\">\n<p>En formato de miniserie de cuatro episodios que ha cautivado a gran parte del mundo, <strong><em>Adolescencia<\/em><\/strong> cuenta la historia de una familia brit\u00e1nica cuyo mundo se trastoca cuando su hijo de 13 a\u00f1os, aparentemente normal, es arrestado por el asesinato de una compa\u00f1era de su clase.<\/p>\n<\/div>\n<div id=\"element-body-7\">\n<p>Netflix pondr\u00e1 <strong><em>Adolescencia<\/em><\/strong> a disposici\u00f3n de todos los centros de secundaria del Reino Unido a trav\u00e9s del servicio de streaming Into Film+. La organizaci\u00f3n ben\u00e9fica para relaciones saludables, Tender, producir\u00e1 las gu\u00edas y los recursos.<\/p>\n<\/div>\n<div id=\"element-body-9\">\n<p>Thorne, cocreador de <strong><em>Adolescencia <\/em><\/strong>junto a Stephen Graham (que interpreta al padre del joven protagonista), a\u00f1adi\u00f3: &#8220;Creamos este programa para generar conversaci\u00f3n. Quer\u00edamos plantear la pregunta: \u00bfc\u00f3mo podemos ayudar a frenar esta creciente crisis? Por eso, tener la oportunidad de llevarlo a las escuelas supera nuestras expectativas. Esperamos que impulse a los profesores a hablar con los alumnos, pero lo que realmente esperamos es que impulse a los alumnos a dialogar entre ellos&#8221;.<\/p>\n<\/div>\n<p><br \/>\n<br \/><a href=\"https:\/\/www.clarin.com\/espectaculos\/adolescencia-disponible-streaming-colegios-secundarios-reino-unido_0_411wiSTkHa.html\">Fuente Clarin.com <\/a><\/p>\n","protected":false},"excerpt":{"rendered":"<p>Adolescencia estar\u00e1 disponible en todos los institutos del Reino Unido gracias a una iniciativa que cuenta con el respaldo del gobierno brit\u00e1nico. El exitoso drama de Netflix, que ya ha generado un amplio debate por abordar temas como los delitos con arma blanca, la masculinidad t\u00f3xica y el peligro del contenido online para los ni\u00f1os, [&hellip;]<\/p>\n","protected":false},"author":1,"featured_media":16718,"comment_status":"open","ping_status":"open","sticky":false,"template":"","format":"standard","meta":{"footnotes":""},"categories":[2],"tags":[5998,13979,100,5532,2061,28,2629,9062,3009,923,13073],"class_list":["post-16717","post","type-post","status-publish","format-standard","has-post-thumbnail","hentry","category-ultimas-noticias","tag-adolescencia","tag-colegios","tag-del","tag-disponible","tag-estara","tag-los","tag-reino","tag-secundarios","tag-streaming","tag-todos","tag-unido"],"_links":{"self":[{"href":"https:\/\/13.com.ar\/index.php\/wp-json\/wp\/v2\/posts\/16717","targetHints":{"allow":["GET"]}}],"collection":[{"href":"https:\/\/13.com.ar\/index.php\/wp-json\/wp\/v2\/posts"}],"about":[{"href":"https:\/\/13.com.ar\/index.php\/wp-json\/wp\/v2\/types\/post"}],"author":[{"embeddable":true,"href":"https:\/\/13.com.ar\/index.php\/wp-json\/wp\/v2\/users\/1"}],"replies":[{"embeddable":true,"href":"https:\/\/13.com.ar\/index.php\/wp-json\/wp\/v2\/comments?post=16717"}],"version-history":[{"count":0,"href":"https:\/\/13.com.ar\/index.php\/wp-json\/wp\/v2\/posts\/16717\/revisions"}],"wp:featuredmedia":[{"embeddable":true,"href":"https:\/\/13.com.ar\/index.php\/wp-json\/wp\/v2\/media\/16718"}],"wp:attachment":[{"href":"https:\/\/13.com.ar\/index.php\/wp-json\/wp\/v2\/media?parent=16717"}],"wp:term":[{"taxonomy":"category","embeddable":true,"href":"https:\/\/13.com.ar\/index.php\/wp-json\/wp\/v2\/categories?post=16717"},{"taxonomy":"post_tag","embeddable":true,"href":"https:\/\/13.com.ar\/index.php\/wp-json\/wp\/v2\/tags?post=16717"}],"curies":[{"name":"wp","href":"https:\/\/api.w.org\/{rel}","templated":true}]}}