{"id":1656,"date":"2025-02-03T14:14:07","date_gmt":"2025-02-03T17:14:07","guid":{"rendered":"https:\/\/13.com.ar\/index.php\/un-adolescente-se-tiro-a-un-arroyo-a-refrescarse-y-la-corriente-lo-llevo\/"},"modified":"2025-02-03T14:14:07","modified_gmt":"2025-02-03T17:14:07","slug":"un-adolescente-se-tiro-a-un-arroyo-a-refrescarse-y-la-corriente-lo-llevo","status":"publish","type":"post","link":"https:\/\/13.com.ar\/index.php\/un-adolescente-se-tiro-a-un-arroyo-a-refrescarse-y-la-corriente-lo-llevo\/","title":{"rendered":"un adolescente se tir\u00f3 a un arroyo a refrescarse y la corriente lo llev\u00f3"},"content":{"rendered":"<p> <br \/>\n<\/p>\n<div id=\"cuerpo\">\n<div class=\"sc-80531b6b-0 chRIGJ container-text text-embed\">\n<p>Un <strong>adolescente de 17 a\u00f1os<\/strong> desapareci\u00f3 este domingo en aguas del<strong> arroyo Urugua-\u00ed,<\/strong> en el norte de <strong>Misiones<\/strong>, tras lanzarse al cauce para refrescarse. Su padre, que intent\u00f3 salvarlo, tambi\u00e9n fue arrastrado por la corriente pero pudo llegar hasta la orilla. Tras pasar gran parte de la noche en la selva, pudo llegar a su casa a la madrugada. De su hijo a\u00fan no  hay noticias.<\/p>\n<\/div>\n<div class=\"sc-80531b6b-0 chRIGJ container-text text-embed\">\n<p>El hecho ocurri\u00f3 a unos 600 metros aguas abajo del coronamiento de la central hidroel\u00e9ctrica de Urugua-\u00ed, un lugar donde el agua <strong>se desplazaba a gran velocidad<\/strong> despu\u00e9s de pasar por las turbinas generadoras.<\/p>\n<\/div>\n<div class=\"sc-80531b6b-0 chRIGJ container-text text-embed\">\n<p>El joven, que todav\u00eda no pudo ser hallado por los rescatistas, hab\u00eda llegado al lugar junto a su familia para pasar el d\u00eda en un entorno natural agreste. El grupo comparti\u00f3 un asado y realizaron un recorrido por la selva. Al atardecer, el adolescente decidi\u00f3 lanzarse al agua para trasponer el cauce del arroyo, que en ese lugar tiene unos quince metros de ancho y cuatro de profundidad.<\/p>\n<\/div>\n<div class=\"sc-80531b6b-0 chRIGJ container-text text-embed\">\n<p>Las potentes brazadas de Axel Paredes (17) no fueron suficiente para mantener el rumbo. La correntada r\u00e1pidamente lo arrastr\u00f3 aguas abajo, situaci\u00f3n que fue advertida por su padre, Santos Miguel Paredes (50). <\/p>\n<\/div>\n<div class=\"sc-80531b6b-0 chRIGJ container-text text-embed\">\n<p>El hombre decidi\u00f3 arrojarse al arroyo para intentar rescatarlo, pero tambi\u00e9n desapareci\u00f3 r\u00e1pidamente, lo cual hac\u00eda presumir una tragedia a\u00fan mayor.<\/p>\n<\/div>\n<div class=\"sc-198be8ec-0 cynXbu image-embed  image-embed \"><picture class=\"sc-198be8ec-1 kOjRiQ\"><source media=\"(min-width: 975px)\" width=\"720\" height=\"480\" \/><img alt=\"Axel Paredes (17) quiso cruzar un arroyo a nado, en Misiones, y fue arrastrado por la corriente. Est\u00e1 desaparecido.\" loading=\"lazy\" width=\"720\" height=\"480\" decoding=\"async\" data-nimg=\"1\" style=\"color:transparent\" src=\"https:\/\/13.com.ar\/wp-content\/uploads\/2025\/02\/un-adolescente-se-tiro-a-un-arroyo-a-refrescarse-y.jpg\"\/><span class=\"epigraphe\">Axel Paredes (17) quiso cruzar un arroyo a nado, en Misiones, y fue arrastrado por la corriente. Est\u00e1 desaparecido.<\/span><span class=\"bkg\"\/><span class=\"picture-open\"><button class=\"open-image\" aria-label=\"Open Image\"\/><\/span><\/picture><\/div>\n<div class=\"sc-80531b6b-0 chRIGJ container-text text-embed\">\n<p>La Comisar\u00eda de Puerto Libertad fue alertada sobre el hecho y r\u00e1pidamente se inici\u00f3 un operativo de b\u00fasqueda que fue suspendido al llegar la noche. <\/p>\n<\/div>\n<div class=\"sc-80531b6b-0 chRIGJ container-text text-embed\">\n<p>Los rescatistas ya se aprestaban a buscar a los dos desaparecidos en el caudaloso arroyo, pero horas despu\u00e9s pudieron hallar a Santos Miguel, que estaba conmocionado por la desaparici\u00f3n del adolescente, y hab\u00eda llegado por sus propios medios a su casa, en la localidad de Puerto Libertad.<\/p>\n<\/div>\n<div class=\"sc-80531b6b-0 chRIGJ container-text text-embed\">\n<p>Durante la ma\u00f1ana de este lunes se reinici\u00f3 el operativo de b\u00fasqueda por parte de bomberos voluntarios, Prefectura Naval y la Divisi\u00f3n Defensa del Medio Ambiente de la Polic\u00eda de Misiones.<\/p>\n<\/div>\n<div class=\"sc-198be8ec-0 cynXbu image-embed  image-embed \"><picture class=\"sc-198be8ec-1 kOjRiQ\"><source media=\"(min-width: 975px)\" width=\"720\" height=\"480\" \/><img alt=\"Axel Paredes (17) quiso cruzar un arroyo a nado, en Misiones, y fue arrastrado por la corriente. Est\u00e1 desaparecido.\" loading=\"lazy\" width=\"720\" height=\"480\" decoding=\"async\" data-nimg=\"1\" style=\"color:transparent\" src=\"https:\/\/13.com.ar\/wp-content\/uploads\/2025\/02\/1738602847_763_un-adolescente-se-tiro-a-un-arroyo-a-refrescarse-y.jpg\"\/><span class=\"epigraphe\">Axel Paredes (17) quiso cruzar un arroyo a nado, en Misiones, y fue arrastrado por la corriente. Est\u00e1 desaparecido.<\/span><span class=\"bkg\"\/><span class=\"picture-open\"><button class=\"open-image\" aria-label=\"Open Image\"\/><\/span><\/picture><\/div>\n<div class=\"sc-80531b6b-0 chRIGJ container-text text-embed\">\n<p>Mientras un grupo recorre la zona costera, que es de muy dif\u00edcil acceso, otros rescatistas rastrillan el arroyo en piraguas, ya que hay algunas zonas de escasa profundidad. La Prefectura, en tanto, inici\u00f3 su labor en la desembocadura del curso de agua en el r\u00edo Paran\u00e1. Los agentes cuentan con el apoyo de drones.<\/p>\n<\/div>\n<div class=\"sc-80531b6b-0 chRIGJ container-text text-embed\">\n<p>El comisario general de la Polic\u00eda de Misiones, Ra\u00fal Maslowski, explic\u00f3 que el adolescente y su familia \u201cestaban haciendo una actividad parecida al senderismo, caminando por el monte. Comieron un asado ah\u00ed y en horas de la tarde, decidieron seguir caminando. El chico de 17 a\u00f1os intent\u00f3 cruzar el cauce del arroyo, que no es muy ancho pero corre con fuerza\u201d. Sostuvo que \u201cel hecho se produjo a unos 500 o 700 metros de la represa y el agua lo arrastr\u00f3\u201d.<\/p>\n<\/div>\n<div class=\"sc-80531b6b-0 chRIGJ container-text text-embed\">\n<p>Los familiares del menor est\u00e1n esperanzados en el que haya logrado ganar la costa, como sucedi\u00f3 con su padre, ya que lo consideran un buen nadador<\/p>\n<\/div>\n<div class=\"sc-80531b6b-0 chRIGJ container-text text-embed\">\n<p>El jefe policial destac\u00f3 que el lugar no est\u00e1 habilitado como balneario. Y advirti\u00f3 a la gente que \u201cpor m\u00e1s que sepas nadar muy bien, hay lugares peligrosos en la provincia de Misiones. As\u00ed que hay que tomar todos los recaudos necesarios para que este tipo de accidente no vuelva a ocurrir\u201d.<\/p>\n<\/div>\n<\/div>\n<p><br \/>\n<br \/><a href=\"https:\/\/www.clarin.com\/sociedad\/desesperada-busqueda-selva-misiones-adolescente-tiro-arroyo-refrescarse-corriente-llevo_0_T6ueyCsNJt.html\">Fuente Clarin.com <\/a><\/p>\n","protected":false},"excerpt":{"rendered":"<p>Un adolescente de 17 a\u00f1os desapareci\u00f3 este domingo en aguas del arroyo Urugua-\u00ed, en el norte de Misiones, tras lanzarse al cauce para refrescarse. Su padre, que intent\u00f3 salvarlo, tambi\u00e9n fue arrastrado por la corriente pero pudo llegar hasta la orilla. Tras pasar gran parte de la noche en la selva, pudo llegar a su [&hellip;]<\/p>\n","protected":false},"author":1,"featured_media":1657,"comment_status":"open","ping_status":"open","sticky":false,"template":"","format":"standard","meta":{"footnotes":""},"categories":[2],"tags":[3223,3354,888,1743,2067,719],"class_list":["post-1656","post","type-post","status-publish","format-standard","has-post-thumbnail","hentry","category-ultimas-noticias","tag-adolescente","tag-arroyo","tag-corriente","tag-llevo","tag-refrescarse","tag-tiro"],"_links":{"self":[{"href":"https:\/\/13.com.ar\/index.php\/wp-json\/wp\/v2\/posts\/1656","targetHints":{"allow":["GET"]}}],"collection":[{"href":"https:\/\/13.com.ar\/index.php\/wp-json\/wp\/v2\/posts"}],"about":[{"href":"https:\/\/13.com.ar\/index.php\/wp-json\/wp\/v2\/types\/post"}],"author":[{"embeddable":true,"href":"https:\/\/13.com.ar\/index.php\/wp-json\/wp\/v2\/users\/1"}],"replies":[{"embeddable":true,"href":"https:\/\/13.com.ar\/index.php\/wp-json\/wp\/v2\/comments?post=1656"}],"version-history":[{"count":0,"href":"https:\/\/13.com.ar\/index.php\/wp-json\/wp\/v2\/posts\/1656\/revisions"}],"wp:featuredmedia":[{"embeddable":true,"href":"https:\/\/13.com.ar\/index.php\/wp-json\/wp\/v2\/media\/1657"}],"wp:attachment":[{"href":"https:\/\/13.com.ar\/index.php\/wp-json\/wp\/v2\/media?parent=1656"}],"wp:term":[{"taxonomy":"category","embeddable":true,"href":"https:\/\/13.com.ar\/index.php\/wp-json\/wp\/v2\/categories?post=1656"},{"taxonomy":"post_tag","embeddable":true,"href":"https:\/\/13.com.ar\/index.php\/wp-json\/wp\/v2\/tags?post=1656"}],"curies":[{"name":"wp","href":"https:\/\/api.w.org\/{rel}","templated":true}]}}