{"id":16549,"date":"2025-03-31T03:19:31","date_gmt":"2025-03-31T06:19:31","guid":{"rendered":"https:\/\/13.com.ar\/index.php\/prohiben-el-acceso-a-eventos-deportivos-a-barras-de-gimnasia-y-estudiantes-de-la-plata-tras-los-incidentes-en-el-hospital-de-gonnet\/"},"modified":"2025-03-31T03:19:31","modified_gmt":"2025-03-31T06:19:31","slug":"prohiben-el-acceso-a-eventos-deportivos-a-barras-de-gimnasia-y-estudiantes-de-la-plata-tras-los-incidentes-en-el-hospital-de-gonnet","status":"publish","type":"post","link":"https:\/\/13.com.ar\/index.php\/prohiben-el-acceso-a-eventos-deportivos-a-barras-de-gimnasia-y-estudiantes-de-la-plata-tras-los-incidentes-en-el-hospital-de-gonnet\/","title":{"rendered":"Proh\u00edben el acceso a eventos deportivos a barras de Gimnasia y Estudiantes de La Plata tras los incidentes en el hospital de Gonnet"},"content":{"rendered":"<p> <br \/>\n<br \/><img decoding=\"async\" src=\"https:\/\/13.com.ar\/wp-content\/uploads\/2025\/03\/Prohiben-el-acceso-a-eventos-deportivos-a-barras-de-Gimnasia.jpg\" \/><\/p>\n<div id=\"element-body-0\">\n<p>El Ministerio de Seguridad Nacional les <strong>prohibi\u00f3 el acceso a eventos deportivos<\/strong> a los <strong>barrabravas de Gimnasia y Estudiantes de La Plata<\/strong> que estuvieron involucrados en el salvaje enfrentamiento registrado el pasado martes en la guardia del hospital \u201cSan Roque\u201d de la localidad de Gonnet.<\/p>\n<\/div>\n<div id=\"element-body-1\">\n<p>Seg\u00fan explic\u00f3 la <strong>Resoluci\u00f3n 411\/2025<\/strong> publicada este lunes en el <strong>Bolet\u00edn Oficial<\/strong> con la firma de <strong>Patricia Bullrich<\/strong>, la Direcci\u00f3n de Seguridad en Eventos Deportivos estim\u00f3 conveniente aplicarles a 15 barras la figura de \u201cRestricci\u00f3n de concurrencia administrativa a todo evento deportivo en todo el territorio nacional\u201d.<\/p>\n<\/div>\n<div id=\"element-body-2\">\n<p>La medida es por <strong>tiempo indeterminado<\/strong> y entr\u00f3 en vigencia a partir de su dictado, se aclar\u00f3 en el mismo documento.<\/p>\n<\/div>\n<div id=\"element-body-3\">\n<p>El texto indica que las actuaciones se iniciaron \u201ccon motivo de los <strong>graves episodios de violencia<\/strong> &#8211; de p\u00fablico y notorio conocimiento &#8211; protagonizados por <strong>dos grupos antag\u00f3nicos<\/strong> de simpatizantes radicalizados\u201d de Estudiantes y Gimnasia.<\/p>\n<\/div>\n<div id=\"element-body-4\">\n<p>Record\u00f3, en ese sentido, que los barras se enfrentaron en el hospital de Gonnet mientras \u201crecib\u00eda atenci\u00f3n medica un individuo perteneciente a la denominada barra brava\u201d de Gimnasia, \u201cque momentos antes hab\u00eda resultado herido a manos de otro grupo de personas, luego de participar en<strong> un acto oficial de reinauguraci\u00f3n de la Plaza San Mart\u00edn<\/strong>\u201d, en La Plata.<\/p>\n<\/div>\n<div id=\"element-body-5\">\n<div class=\"sc-c2c2a3c6-1 kQhBlc videoText videoText\">\n<h2>Video<\/h2>\n<p>Pelea entre barras de Estudiantes y Gimnasia en el Hospital de Gonnet<\/p>\n<\/div>\n<\/div>\n<div id=\"element-body-6\">\n<p>Seg\u00fan repasa el texto de la Resoluci\u00f3n, la <strong>\u201cviolenta confrontaci\u00f3n\u201d<\/strong> comenz\u00f3 luego del arribo al hospital de la v\u00edctima de ese<strong> ataque \u201cperpetrado por miembros de la barra brava de Estudiantes<\/strong>\u201d, quien fue trasladada hasta all\u00ed \u201cpor integrantes de Gimnasia, bajo el liderazgo de <strong>Christian Omar Camilleri<\/strong>\u201d.<\/p>\n<\/div>\n<div id=\"element-body-7\">\n<p>Se produjo, dice la normativa, \u201ccomo consecuencia de una serie de episodios de agresiones f\u00edsicas y amenazas propiciadas por uno y otro bando en <strong>evidente lucha de poder<\/strong> que exceden el \u00e1mbito puramente futbol\u00edstico extendi\u00e9ndose al terreno de la pol\u00edtica partidaria y de los sindicatos\u201d.<\/p>\n<\/div>\n<div id=\"element-body-8\">\n<p>Adem\u00e1s, se mencion\u00f3 que \u201clos hechos de violencia no solo se registraron dentro del hospital sino tambi\u00e9n en sus inmediaciones, ingresos y la v\u00eda p\u00fablica, lo que provoc\u00f3 el estupor de las personas que normalmente concurren a recibir los servicios m\u00e9dicos que se prestan a diario\u201d.<\/p>\n<\/div>\n<div id=\"element-body-9\">\n<p>\u201cLa ri\u00f1a que tuvo lugar dej\u00f3<strong> lesionados y heridos de consideraci\u00f3n<\/strong> que debieron ser hospitalizados, incluso efectivos policiales resultaron agredidos\u201d, se destac\u00f3. Esto origin\u00f3 actuaciones caratuladas \u201cLesiones agravadas y averiguaci\u00f3n de il\u00edcito\u201d con intervenci\u00f3n de la Unidad Funcional de Instrucci\u00f3n Nro. 3 del Departamento Judicial La Plata a cargo del Se\u00f1or Fiscal Gonzalo Petit Bosnic.<\/p>\n<\/div>\n<div id=\"element-body-11\">\n<p>Entre los<strong> alcanzados por la decisi\u00f3n del Ministerio<\/strong> de Seguridad Nacional qued\u00f3 Christian Camilleri, l\u00edder de la barra tripera Cristian Camilleri, m\u00e1s conocido como &#8220;El Volador&#8221;, y uno de los cuatro heridos por el salvaje enfrentamiento en la puerta del centro de salud de 19 y 508.<\/p>\n<\/div>\n<div id=\"element-body-12\">\n<p>Tambi\u00e9n est\u00e1n en la lista Iv\u00e1n Tobar, quien disputa el liderazgo de la barra de Estudiantes y maneja los resortes de la UOCRA de La Plata, adem\u00e1s de tener estrechos v\u00ednculos con la pol\u00edtica local y provincial; y Jonatan Ruiz. Ambos se encuentran detenidos en el marco de una causa caratulada como \u201cAmenazas con armas o an\u00f3nimas y Coacci\u00f3n Agravada\u201d.<\/p>\n<\/div>\n<div id=\"element-body-13\">\n<div class=\"sc-c2c2a3c6-1 kQhBlc videoText videoText\">\n<h2>Video<\/h2>\n<p>Detenciones de barras en Ensenada tras ataque en hospital de Gonnet<\/p>\n<\/div>\n<\/div>\n<div id=\"element-body-14\">\n<p>Adem\u00e1s, de acuerdo con el detalle de la Resoluci\u00f3n, \u201cpor estar relacionados tanto directamente como indirectamente con los incidentes\u201d quedaron afectados por la prohibici\u00f3n \u201cLuis Nievas, Natalio Ybarra, Marcelo Amuchastegui, Gustavo Avalos\u201d.<\/p>\n<\/div>\n<div id=\"element-body-15\">\n<p>Lo mismo les sucedi\u00f3 a Santiago Tobar, Rodrigo Tobar, Nicol\u00e1s Tobar y Emiliano D\u2019Amico, aunque estos \u00faltimos por ser identificados en fotograf\u00edas y videos \u201cque circularon por distintos medios period\u00edsticos y redes sociales que ilustran el acto de reinauguraci\u00f3n de la plaza \u2018San Martin\u2019 de La Plata\u201d y que permiten inferir la participaci\u00f3n en los hechos posteriores.<\/p>\n<\/div>\n<p><br \/>\n<br \/><a href=\"https:\/\/www.clarin.com\/sociedad\/prohiben-acceso-eventos-deportivos-barras-gimnasia-estudiantes-plata-incidentes-hospital-gonnet_0_WseVjMzlzd.html\">Fuente Clarin.com <\/a><\/p>\n","protected":false},"excerpt":{"rendered":"<p>El Ministerio de Seguridad Nacional les prohibi\u00f3 el acceso a eventos deportivos a los barrabravas de Gimnasia y Estudiantes de La Plata que estuvieron involucrados en el salvaje enfrentamiento registrado el pasado martes en la guardia del hospital \u201cSan Roque\u201d de la localidad de Gonnet. Seg\u00fan explic\u00f3 la Resoluci\u00f3n 411\/2025 publicada este lunes en el [&hellip;]<\/p>\n","protected":false},"author":1,"featured_media":16550,"comment_status":"open","ping_status":"open","sticky":false,"template":"","format":"standard","meta":{"footnotes":""},"categories":[2],"tags":[1940,6781,6778,605,953,1654,13951,154,2325,28,255,3883,312],"class_list":["post-16549","post","type-post","status-publish","format-standard","has-post-thumbnail","hentry","category-ultimas-noticias","tag-acceso","tag-barras","tag-deportivos","tag-estudiantes","tag-eventos","tag-gimnasia","tag-gonnet","tag-hospital","tag-incidentes","tag-los","tag-plata","tag-prohiben","tag-tras"],"_links":{"self":[{"href":"https:\/\/13.com.ar\/index.php\/wp-json\/wp\/v2\/posts\/16549","targetHints":{"allow":["GET"]}}],"collection":[{"href":"https:\/\/13.com.ar\/index.php\/wp-json\/wp\/v2\/posts"}],"about":[{"href":"https:\/\/13.com.ar\/index.php\/wp-json\/wp\/v2\/types\/post"}],"author":[{"embeddable":true,"href":"https:\/\/13.com.ar\/index.php\/wp-json\/wp\/v2\/users\/1"}],"replies":[{"embeddable":true,"href":"https:\/\/13.com.ar\/index.php\/wp-json\/wp\/v2\/comments?post=16549"}],"version-history":[{"count":0,"href":"https:\/\/13.com.ar\/index.php\/wp-json\/wp\/v2\/posts\/16549\/revisions"}],"wp:featuredmedia":[{"embeddable":true,"href":"https:\/\/13.com.ar\/index.php\/wp-json\/wp\/v2\/media\/16550"}],"wp:attachment":[{"href":"https:\/\/13.com.ar\/index.php\/wp-json\/wp\/v2\/media?parent=16549"}],"wp:term":[{"taxonomy":"category","embeddable":true,"href":"https:\/\/13.com.ar\/index.php\/wp-json\/wp\/v2\/categories?post=16549"},{"taxonomy":"post_tag","embeddable":true,"href":"https:\/\/13.com.ar\/index.php\/wp-json\/wp\/v2\/tags?post=16549"}],"curies":[{"name":"wp","href":"https:\/\/api.w.org\/{rel}","templated":true}]}}