{"id":16545,"date":"2025-03-31T01:22:41","date_gmt":"2025-03-31T04:22:41","guid":{"rendered":"https:\/\/13.com.ar\/index.php\/a-unos-les-falta-calle-y-a-otros-les-sobra\/"},"modified":"2025-03-31T01:22:41","modified_gmt":"2025-03-31T04:22:41","slug":"a-unos-les-falta-calle-y-a-otros-les-sobra","status":"publish","type":"post","link":"https:\/\/13.com.ar\/index.php\/a-unos-les-falta-calle-y-a-otros-les-sobra\/","title":{"rendered":"A unos les falta calle y a otros, les sobra"},"content":{"rendered":"<p> <br \/>\n<br \/><img decoding=\"async\" src=\"https:\/\/13.com.ar\/wp-content\/uploads\/2025\/03\/A-unos-les-falta-calle-y-a-otros-les-sobra.jpg\" \/><\/p>\n<div id=\"element-body-0\">\n<p>Estamos viviendo un cambio hist\u00f3rico en las elecciones, dir\u00eda que en casi todo el mundo. Es que un empresario, economista o actor pueden llegar a una presidencia de un pa\u00eds. Pero les falta calle, les falta conocer al pueblo, personas normales que en su \u00e1mbito ni siquiera existen o no los registran directamente, personas que necesitan m\u00e1s que el resto, abuelos que luchan para llegar a fin de mes o jornaleros que necesitan levantar paredes para llevar el pan a la mesa.<\/p>\n<\/div>\n<div id=\"element-body-1\">\n<p>Pero tambi\u00e9n est\u00e1n los otros pol\u00edticos a los que les sobra calle, conocen los vericuetos para sobrefacturar en la necesidad y hacerse millonarios a costa del pueblo, de los abuelos, de la obra p\u00fablica.<\/p>\n<\/div>\n<div id=\"element-body-2\">\n<p>Todo esto nos lleva a pensar si realmente este pa\u00eds va a cambiar en alg\u00fan momento. Cuando el pol\u00edtico recorra los barrios realmente viendo en primera persona lo que es tener necesidades reales y no n\u00fameros que se hacen en un papel para mostrar al Fondo que estamos mejorando los \u00edndices. O cuando los otros pol\u00edticos dejen de llevarse la plata que realmente necesita el pueblo para poder llegar a fin de mes y darse un gustito por el esfuerzo diario.<\/p>\n<\/div>\n<div id=\"element-body-3\">\n<p>Ojal\u00e1 lea esto el Presidente para que recorra la calle y la realidad del pueblo. Y que tambi\u00e9n lea esto la oposici\u00f3n y que hagan un cambio en sus h\u00e1bitos para que este hermoso pa\u00eds sea el que nuestro hijos disfruten.<\/p>\n<\/div>\n<div id=\"element-body-4\">\n<p><strong>Diego E. Cord\u00f3n <\/strong>Imagenvisualdesign@gmail.com<\/p>\n<\/div>\n<div id=\"element-body-8\">\n<p>Es contradictoria y a la vez indignante la facilidad que muestran los pol\u00edticos cuando se refieren a la importancia de la educaci\u00f3n. Por un lado no dejan de reconocer que sin duda es la educaci\u00f3n la clave para empezar a recorrer la recuperaci\u00f3n del pa\u00eds en general y de la Ciudad en particular. Y por otro no les tiembla el pulso para firmar de un plumazo el cierre de escuelas e institutos formadores de docentes. Eso es lo que est\u00e1 ocurriendo con la decisi\u00f3n tomada en 2023 por el Ministerio de Educaci\u00f3n del Gobierno de la Ciudad de Buenos Aires por la que se determin\u00f3 la prohibici\u00f3n de inscribir alumnos en el Profesorado de Letras del Instituto de Educaci\u00f3n Superior \u201cMariano Acosta\u201d. Esa medida y decretar la muerte a corto plazo del establecimiento es m\u00e1s o menos la misma cosa. La hipocres\u00eda de la entonces ministra del rubro y del jefe de Gobierno se puso claramente de manifiesto con ese acto administrativo. Una vez m\u00e1s pes\u00f3 m\u00e1s en la balanza el inter\u00e9s econ\u00f3mico. La cantidad versus la calidad. Y as\u00ed llegamos a este a\u00f1o electoral. Esperemos que los candidatos a legisladores y el actual Poder Ejecutivo de la CABA tomen nota del error cometido y reviertan la situaci\u00f3n. La instituci\u00f3n en la que se formaron Julio Cort\u00e1zar y Leopoldo Marechal entre cientos de ilustres escritores, docentes y pol\u00edticos argentinos se los agradecer\u00e1. Y la educaci\u00f3n argentina no quedar\u00e1 s\u00f3lo en la declamaci\u00f3n de frases huecas sino que se har\u00e1n realidad. Eso esperamos.<\/p>\n<\/div>\n<div id=\"element-body-9\">\n<p><strong>Jorge Norberto Butera <\/strong>EX RECTOR DE LA ESCUELA NORMAL SUPERIOR \u201cMARIANO ACOSTA\u201d jorgebutera05@gmail.com<\/p>\n<\/div>\n<div id=\"element-body-11\">\n<p>Ante toda acci\u00f3n humana equivocada la naturaleza va a reaccionar. Principio de acci\u00f3n y reacci\u00f3n donde la naturaleza nunca pierde y s\u00ed los que no aprenden. Demasiadas advertencias a un mundo que se puede tornar insoportable. Alguna vez hubo un mensaje de cient\u00edficos advirtiendo el plazo de lo irreversible. B\u00e1sicamente somos depredadores y a falta de soluciones vamos a ser parte de la depredaci\u00f3n. Si no renovamos las pol\u00edticas que nos manejan no va a ser alentador el futuro. El consumo genera trabajo, desmedido y mal planificado, resultados adversos. No me baso en la inundaci\u00f3n de mi casa, solucionable, sino en advertencia reiterativa. No es mensaje aterrador ni certero, es m\u00e1s bien pregunta sin respuesta.<\/p>\n<\/div>\n<div id=\"element-body-12\">\n<p><strong>Juan Arturo Murrie<\/strong>\u2009agrimmurrie@gmail.com<\/p>\n<\/div>\n<p><br \/>\n<br \/><a href=\"https:\/\/www.clarin.com\/cartas-al-pais\/falta-calle-sobra_0_ipj9SiM9m6.html\">Fuente Clarin.com <\/a><\/p>\n","protected":false},"excerpt":{"rendered":"<p>Estamos viviendo un cambio hist\u00f3rico en las elecciones, dir\u00eda que en casi todo el mundo. Es que un empresario, economista o actor pueden llegar a una presidencia de un pa\u00eds. Pero les falta calle, les falta conocer al pueblo, personas normales que en su \u00e1mbito ni siquiera existen o no los registran directamente, personas que [&hellip;]<\/p>\n","protected":false},"author":1,"featured_media":16546,"comment_status":"open","ping_status":"open","sticky":false,"template":"","format":"standard","meta":{"footnotes":""},"categories":[2],"tags":[520,943,2815,1103,12369,499],"class_list":["post-16545","post","type-post","status-publish","format-standard","has-post-thumbnail","hentry","category-ultimas-noticias","tag-calle","tag-falta","tag-les","tag-otros","tag-sobra","tag-unos"],"_links":{"self":[{"href":"https:\/\/13.com.ar\/index.php\/wp-json\/wp\/v2\/posts\/16545","targetHints":{"allow":["GET"]}}],"collection":[{"href":"https:\/\/13.com.ar\/index.php\/wp-json\/wp\/v2\/posts"}],"about":[{"href":"https:\/\/13.com.ar\/index.php\/wp-json\/wp\/v2\/types\/post"}],"author":[{"embeddable":true,"href":"https:\/\/13.com.ar\/index.php\/wp-json\/wp\/v2\/users\/1"}],"replies":[{"embeddable":true,"href":"https:\/\/13.com.ar\/index.php\/wp-json\/wp\/v2\/comments?post=16545"}],"version-history":[{"count":0,"href":"https:\/\/13.com.ar\/index.php\/wp-json\/wp\/v2\/posts\/16545\/revisions"}],"wp:featuredmedia":[{"embeddable":true,"href":"https:\/\/13.com.ar\/index.php\/wp-json\/wp\/v2\/media\/16546"}],"wp:attachment":[{"href":"https:\/\/13.com.ar\/index.php\/wp-json\/wp\/v2\/media?parent=16545"}],"wp:term":[{"taxonomy":"category","embeddable":true,"href":"https:\/\/13.com.ar\/index.php\/wp-json\/wp\/v2\/categories?post=16545"},{"taxonomy":"post_tag","embeddable":true,"href":"https:\/\/13.com.ar\/index.php\/wp-json\/wp\/v2\/tags?post=16545"}],"curies":[{"name":"wp","href":"https:\/\/api.w.org\/{rel}","templated":true}]}}