{"id":16543,"date":"2025-03-31T01:19:51","date_gmt":"2025-03-31T04:19:51","guid":{"rendered":"https:\/\/13.com.ar\/index.php\/que-significa-llevar-siempre-el-cabello-suelto-segun-expertos-en-lenguaje-corporal\/"},"modified":"2025-03-31T01:19:51","modified_gmt":"2025-03-31T04:19:51","slug":"que-significa-llevar-siempre-el-cabello-suelto-segun-expertos-en-lenguaje-corporal","status":"publish","type":"post","link":"https:\/\/13.com.ar\/index.php\/que-significa-llevar-siempre-el-cabello-suelto-segun-expertos-en-lenguaje-corporal\/","title":{"rendered":"Qu\u00e9 significa llevar siempre el cabello suelto, seg\u00fan expertos en lenguaje corporal"},"content":{"rendered":"<p> <br \/>\n<br \/><img decoding=\"async\" src=\"https:\/\/13.com.ar\/wp-content\/uploads\/2025\/03\/Que-significa-llevar-siempre-el-cabello-suelto-segun-expertos-en.jpg\" \/><\/p>\n<div id=\"element-body-0\">\n<p><strong>La manera en c\u00f3mo llevamos el cabello, suelto o recogido en el caso de las mujeres, es una manera de mostrarse ante el mundo. <\/strong>Porque el pelo, natural o te\u00f1ido, dice mucho de una persona, al menos desde el punto de vista externo.<\/p>\n<\/div>\n<div id=\"element-body-1\">\n<p>Los estereotipos sobre las mujeres, y desde hace algunos a\u00f1os tambi\u00e9n sobre los hombres, muchas veces parten del color de su cabello. Pero esto es f\u00e1cil de controlar.<\/p>\n<\/div>\n<div id=\"element-body-2\">\n<p>Una visita a la peluquer\u00eda puede cambiar el tono <strong>natural del cabello.<\/strong> De esta manera, una mujer morocha puede convertirse en rubia gracias a la tintura y a otros cuidados.<\/p>\n<\/div>\n<div id=\"element-body-3\">\n<p>M\u00e1s f\u00e1cil a\u00fan es decidir llevar el cabello corto o largo, suelto o recogido. Sin embargo, estas decisiones podr\u00edan indicar ciertos rasgos a nivel psicol\u00f3gico.<\/p>\n<\/div>\n<div id=\"element-body-6\">\n<p><em>Un art\u00edculo del sitio Psychology Today <\/em>afirma que el cabello es \u201cparte de la identidad de una persona porque ayuda a definir la personalidad que intentas crear para impresionar a los dem\u00e1s, ya sea como un intelectual, un ser sexual, un rebelde o una combinaci\u00f3n de las anteriores\u201d.<\/p>\n<\/div>\n<div id=\"element-body-7\">\n<p>El cabello tambi\u00e9n puede influir en la <strong>forma en como alguien se define a s\u00ed mismo.<\/strong><\/p>\n<\/div>\n<div id=\"element-body-8\">\n<p>Durante la adolescencia, recuerda el art\u00edculo, el cabello madura hasta su forma m\u00e1s o menos definitiva, dejando atr\u00e1s la textura e incluso el color de la infancia. \u201cEste aspecto del desarrollo del cabello es quiz\u00e1s el m\u00e1s interesante: a diferencia de los rasgos de la cara y el cuerpo que llevan la marca del paso del tiempo, el cabello podr\u00eda permanecer inalterado durante d\u00e9cadas con poco esfuerzo\u201d, agrega.<\/p>\n<\/div>\n<div id=\"element-body-10\">\n<p>Como describen<strong> <\/strong>la soci\u00f3loga de la Universidad de Kent <strong>Julia Twigg,<\/strong> y la de la Universidad de Gakashuin, Jap\u00f3n, <strong>Shinobu Majima,<\/strong> la tesis de la reconstituci\u00f3n del envejecimiento sostiene que la vejez sufri\u00f3 un cambio a finales del siglo XX.<\/p>\n<\/div>\n<div id=\"element-body-11\">\n<p>Los llamados patrones de edad ya no existen, y las expectativas sobre lo que es apropiado a determinadas edades ahora es muy personal.<\/p>\n<\/div>\n<div id=\"element-body-12\">\n<p>Las catedr\u00e1ticas dicen que \u201cun cabello controlado y bien cuidado es particularmente importante para las mujeres mayores, ya que evitan el estado de abandono o trastorno, que se manifiesta por un cabello rebelde o descuidado\u201d.<\/p>\n<\/div>\n<div id=\"element-body-13\">\n<p>En un estudio, teniendo en cuenta los gastos en ropa, peluquer\u00eda y cosm\u00e9ticos, se ha demostrado que las mujeres mayores gastan m\u00e1s en peluquer\u00eda y cosm\u00e9tica.<\/p>\n<\/div>\n<div id=\"element-body-14\">\n<p>\u201cLa forma en que prepara el rostro y el cabello que presenta <strong>al mundo exterior <\/strong>puede reflejar las convenciones culturales prevalecientes en su propia transici\u00f3n a la edad adulta\u201d, dicen las expertas.<\/p>\n<\/div>\n<div id=\"element-body-16\">\n<p>En tanto, <em>otro art\u00edculo, en el sitio Su M\u00e9dico<\/em>, asegura que quienes llevan el pelo suelto son \u201cpersonas tranquilas y relajadas, que <strong>se sienten bien consigo mismas<\/strong> y que quieren que los dem\u00e1s los perciban de manera natural\u201d.<\/p>\n<\/div>\n<div id=\"element-body-17\">\n<p>Agrega que tambi\u00e9n \u201ccuando una persona no lleva peinados muy complicados y prefiere llevar su cabello suelto, suele relacionarse con una personalidad mucho m\u00e1s flexible o que se adapta al cambio con mayor facilidad\u201d. Podr\u00edan ser m\u00e1s creativas y abiertas a las nuevas ideas.<\/p>\n<\/div>\n<div id=\"element-body-18\">\n<p>El cabello suelto, claro,<strong> tambi\u00e9n est\u00e1 asociado con la libertad y la naturalidad. <\/strong>\u201cDe acuerdo con un art\u00edculo de Ecoosfera, las personas que suelen llevar su cabello sin peinados buscan dar una impresi\u00f3n de que son libres, desenfadados y que no se preocupan demasiado por las cosas superficiales\u201d, agrega Su M\u00e9dico.<\/p>\n<\/div>\n<p><br \/>\n<br \/><a href=\"https:\/\/www.clarin.com\/internacional\/significa-llevar-siempre-cabello-suelto-expertos-lenguaje-corporal_0_i0elxiqEGt.html\">Fuente Clarin.com <\/a><\/p>\n","protected":false},"excerpt":{"rendered":"<p>La manera en c\u00f3mo llevamos el cabello, suelto o recogido en el caso de las mujeres, es una manera de mostrarse ante el mundo. Porque el pelo, natural o te\u00f1ido, dice mucho de una persona, al menos desde el punto de vista externo. Los estereotipos sobre las mujeres, y desde hace algunos a\u00f1os tambi\u00e9n sobre [&hellip;]<\/p>\n","protected":false},"author":1,"featured_media":16544,"comment_status":"open","ping_status":"open","sticky":false,"template":"","format":"standard","meta":{"footnotes":""},"categories":[2],"tags":[1952,8289,1887,9786,4146,286,227,2789,914,1047],"class_list":["post-16543","post","type-post","status-publish","format-standard","has-post-thumbnail","hentry","category-ultimas-noticias","tag-cabello","tag-corporal","tag-expertos","tag-lenguaje","tag-llevar","tag-que","tag-segun","tag-siempre","tag-significa","tag-suelto"],"_links":{"self":[{"href":"https:\/\/13.com.ar\/index.php\/wp-json\/wp\/v2\/posts\/16543","targetHints":{"allow":["GET"]}}],"collection":[{"href":"https:\/\/13.com.ar\/index.php\/wp-json\/wp\/v2\/posts"}],"about":[{"href":"https:\/\/13.com.ar\/index.php\/wp-json\/wp\/v2\/types\/post"}],"author":[{"embeddable":true,"href":"https:\/\/13.com.ar\/index.php\/wp-json\/wp\/v2\/users\/1"}],"replies":[{"embeddable":true,"href":"https:\/\/13.com.ar\/index.php\/wp-json\/wp\/v2\/comments?post=16543"}],"version-history":[{"count":0,"href":"https:\/\/13.com.ar\/index.php\/wp-json\/wp\/v2\/posts\/16543\/revisions"}],"wp:featuredmedia":[{"embeddable":true,"href":"https:\/\/13.com.ar\/index.php\/wp-json\/wp\/v2\/media\/16544"}],"wp:attachment":[{"href":"https:\/\/13.com.ar\/index.php\/wp-json\/wp\/v2\/media?parent=16543"}],"wp:term":[{"taxonomy":"category","embeddable":true,"href":"https:\/\/13.com.ar\/index.php\/wp-json\/wp\/v2\/categories?post=16543"},{"taxonomy":"post_tag","embeddable":true,"href":"https:\/\/13.com.ar\/index.php\/wp-json\/wp\/v2\/tags?post=16543"}],"curies":[{"name":"wp","href":"https:\/\/api.w.org\/{rel}","templated":true}]}}