{"id":1654,"date":"2025-02-03T14:03:42","date_gmt":"2025-02-03T17:03:42","guid":{"rendered":"https:\/\/13.com.ar\/index.php\/alberto-fernandez-pidio-postergar-su-indagatoria-en-la-causa-por-violencia-de-genero-pero-el-juez-lo-rechazo\/"},"modified":"2025-02-03T14:03:42","modified_gmt":"2025-02-03T17:03:42","slug":"alberto-fernandez-pidio-postergar-su-indagatoria-en-la-causa-por-violencia-de-genero-pero-el-juez-lo-rechazo","status":"publish","type":"post","link":"https:\/\/13.com.ar\/index.php\/alberto-fernandez-pidio-postergar-su-indagatoria-en-la-causa-por-violencia-de-genero-pero-el-juez-lo-rechazo\/","title":{"rendered":"Alberto Fern\u00e1ndez pidi\u00f3 postergar su indagatoria en la causa por violencia de g\u00e9nero, pero el juez lo rechaz\u00f3"},"content":{"rendered":"<p> <br \/>\n<br \/><img decoding=\"async\" src=\"https:\/\/13.com.ar\/wp-content\/uploads\/2025\/02\/Alberto-Fernandez-pidio-postergar-su-indagatoria-en-la-causa-por.jpg\" \/><\/p>\n<div>\n<p>El expresidente <strong>Alberto Fern\u00e1ndez <\/strong>est\u00e1 citado para este martes a las 11 de la ma\u00f1ana en car\u00e1cter de imputado, en la<strong> causa por violencia de g\u00e9nero<\/strong> que se inici\u00f3 tras la denuncia penal que interpuso <strong>Fabiola Ya\u00f1ez<\/strong> y la Justicia acaba de rechazar una maniobra para volver a postergar la presentaci\u00f3n. <\/p>\n<\/div>\n<div>\n<p><strong>El juez federal Juli\u00e1n Ercolini lo cit\u00f3 a indagatoria, pero este lunes la abogada, Silvina Carreira interpuso un escrito para postergar su presentaci\u00f3n. El magistrado en una breve resoluci\u00f3n no hizo lugar a los argumentos de la defensa. <\/strong><\/p>\n<\/div>\n<div>\n<p>&#8220;En cuanto al pedido de postergaci\u00f3n y reprogramaci\u00f3n de la audiencia de indagatoria fijada respecto del nombrado Fern\u00e1ndez para el d\u00eda de ma\u00f1ana 4 de febrero del corriente a\u00f1o, no har\u00e9 lugar a lo solicitado&#8221;, sostiene la resoluci\u00f3n del juzgado a la que accedi\u00f3<strong> Clar\u00edn<\/strong>.<\/p>\n<\/div>\n<div>\n<p>De esta manera, se sostuvo que la indagatoria por los delitos de lesiones graves agravadas por haberse cometido en un contexto de violencia de g\u00e9nero y contra su pareja, <strong>debe celebrarse como estaba previsto este martes<\/strong>.<\/p>\n<\/div>\n<div>\n<p>Al momento de analizar el pedido del ex Jefe de Estado, el juez consider\u00f3 que Fern\u00e1ndez como su defensa<strong> &#8220;conocen el hecho y la prueba que abarcan la imputaci\u00f3n que le ser\u00e1 formalizada en el acto que pretende suspender&#8221;<\/strong>.<\/p>\n<\/div>\n<div>\n<p>En ese mismo sentido, se indic\u00f3 que fueron diversas las oportunidades en las que<strong> &#8220;se ha detallado el material probatorio que sustenta el motivo de sospecha&#8221;<\/strong> que condujo al magistrado a citar a indagatoria a Alberto Fern\u00e1ndez tras el pedido del fiscal.<\/p>\n<\/div>\n<p><br \/>\n<br \/><a href=\"https:\/\/www.clarin.com\/politica\/alberto-fernandez-pidio-postergar-indagatoria-causa-violencia-genero-juez-rechazo_0_jnHzUomvQZ.html\">Fuente Clarin.com <\/a><\/p>\n","protected":false},"excerpt":{"rendered":"<p>El expresidente Alberto Fern\u00e1ndez est\u00e1 citado para este martes a las 11 de la ma\u00f1ana en car\u00e1cter de imputado, en la causa por violencia de g\u00e9nero que se inici\u00f3 tras la denuncia penal que interpuso Fabiola Ya\u00f1ez y la Justicia acaba de rechazar una maniobra para volver a postergar la presentaci\u00f3n. El juez federal Juli\u00e1n [&hellip;]<\/p>\n","protected":false},"author":1,"featured_media":1655,"comment_status":"open","ping_status":"open","sticky":false,"template":"","format":"standard","meta":{"footnotes":""},"categories":[2],"tags":[579,1663,5,630,3352,1252,265,318,142,3351,3353,3028],"class_list":["post-1654","post","type-post","status-publish","format-standard","has-post-thumbnail","hentry","category-ultimas-noticias","tag-alberto","tag-causa","tag-fernandez","tag-genero","tag-indagatoria","tag-juez","tag-pero","tag-pidio","tag-por","tag-postergar","tag-rechazo","tag-violencia"],"_links":{"self":[{"href":"https:\/\/13.com.ar\/index.php\/wp-json\/wp\/v2\/posts\/1654","targetHints":{"allow":["GET"]}}],"collection":[{"href":"https:\/\/13.com.ar\/index.php\/wp-json\/wp\/v2\/posts"}],"about":[{"href":"https:\/\/13.com.ar\/index.php\/wp-json\/wp\/v2\/types\/post"}],"author":[{"embeddable":true,"href":"https:\/\/13.com.ar\/index.php\/wp-json\/wp\/v2\/users\/1"}],"replies":[{"embeddable":true,"href":"https:\/\/13.com.ar\/index.php\/wp-json\/wp\/v2\/comments?post=1654"}],"version-history":[{"count":0,"href":"https:\/\/13.com.ar\/index.php\/wp-json\/wp\/v2\/posts\/1654\/revisions"}],"wp:featuredmedia":[{"embeddable":true,"href":"https:\/\/13.com.ar\/index.php\/wp-json\/wp\/v2\/media\/1655"}],"wp:attachment":[{"href":"https:\/\/13.com.ar\/index.php\/wp-json\/wp\/v2\/media?parent=1654"}],"wp:term":[{"taxonomy":"category","embeddable":true,"href":"https:\/\/13.com.ar\/index.php\/wp-json\/wp\/v2\/categories?post=1654"},{"taxonomy":"post_tag","embeddable":true,"href":"https:\/\/13.com.ar\/index.php\/wp-json\/wp\/v2\/tags?post=1654"}],"curies":[{"name":"wp","href":"https:\/\/api.w.org\/{rel}","templated":true}]}}