{"id":16532,"date":"2025-03-30T22:29:31","date_gmt":"2025-03-31T01:29:31","guid":{"rendered":"https:\/\/13.com.ar\/index.php\/patricia-bullrich-no-quiere-hablar-de-una-candidatura-propia-pero-apunta-a-mauricio-macri-y-rodriguez-larreta\/"},"modified":"2025-03-30T22:29:31","modified_gmt":"2025-03-31T01:29:31","slug":"patricia-bullrich-no-quiere-hablar-de-una-candidatura-propia-pero-apunta-a-mauricio-macri-y-rodriguez-larreta","status":"publish","type":"post","link":"https:\/\/13.com.ar\/index.php\/patricia-bullrich-no-quiere-hablar-de-una-candidatura-propia-pero-apunta-a-mauricio-macri-y-rodriguez-larreta\/","title":{"rendered":"Patricia Bullrich no quiere hablar de una candidatura propia, pero apunta a Mauricio Macri y Rodr\u00edguez Larreta"},"content":{"rendered":"<p> <br \/>\n<br \/><img decoding=\"async\" src=\"https:\/\/13.com.ar\/wp-content\/uploads\/2025\/03\/Patricia-Bullrich-no-quiere-hablar-de-una-candidatura-propia-pero.jpg\" \/><\/p>\n<div id=\"element-body-0\">\n<p>La ministra de Seguridad <strong>Patricia Bullrich<\/strong> neg\u00f3 este domingo una posible candidatura en las elecciones legislativas de octubre. Fue durante una entrevista televisiva en la que, adem\u00e1s, cuestion\u00f3 al expresidente<strong> Mauricio Macri<\/strong>, al actual jefe de Gobierno porte\u00f1o <strong>Jorge Macri<\/strong>, y a <strong>Horacio Rodr\u00edguez Larreta<\/strong>, el ex PRO que supo ser jefe de Gobierno porte\u00f1o y competir\u00e1 en las elecciones legislativas porte\u00f1as del 18 mayo por un espacio independiente.<\/p>\n<\/div>\n<div id=\"element-body-1\">\n<p>Respecto a la posibilidad de presentarse en octubre para un cargo legislativo, Bullrich afirm\u00f3:<strong> &#8220;No creo que sea candidata&#8221;<\/strong> y, m\u00e1s tarde, agreg\u00f3: &#8220;Tener que estar discutiendo si voy a ser o no voy a ser candidata a mi me saca de eje, y yo quiero estar en el eje de lo m\u00e1s importante&#8221;. Lo dijo, haciendo foco en sus tareas actuales como ministra de Seguridad.<\/p>\n<\/div>\n<div id=\"element-body-2\">\n<p>La ministra se refiri\u00f3 tambi\u00e9n a las palabras de <strong>Mauricio Macri<\/strong>, quien hab\u00eda asegurado el viernes pasado en la Bolsa de Comercio de C\u00f3rdoba que existe una preocupaci\u00f3n por &#8220;la <strong>falta de apego a lo institucional<\/strong> (por parte del Gobierno)&#8221; y que este factor &#8220;empieza a afectar el plan econ\u00f3mico&#8221;. <\/p>\n<\/div>\n<div id=\"element-body-3\">\n<p>Al respecto, Bullrich <strong>calific\u00f3 las palabras del ex presidente de &#8220;temerarias&#8221;<\/strong>, asegur\u00f3 que &#8220;todo se ha hecho en el marco de las instituciones, con minor\u00edas parlamentarias&#8221;, y expres\u00f3 que &#8220;decir que eso mueve lo econ\u00f3mico <strong>genera una situaci\u00f3n de incertidumbre <\/strong>que justamente es lo que se ha logrado que no suceda&#8221;.<\/p>\n<\/div>\n<div id=\"element-body-4\">\n<p>La titular de la cartera de Seguridad ahond\u00f3 en la explicaci\u00f3n: &#8220;Si hubiera realmente una situaci\u00f3n como la que describe el expresidente Macri, estar\u00edamos en una situaci\u00f3n de descontrol total, y <strong>hay un control total y absoluto<\/strong> del d\u00e9ficit, de la inflaci\u00f3n, de las variables del cierre&#8221;. <\/p>\n<\/div>\n<div id=\"element-body-5\">\n<p>Adem\u00e1s, habl\u00f3 sobre el <strong>acuerdo con el FMI<\/strong>. Dijo que &#8220;hubo que tomar el momento, la oportunidad de votar el DNU del Fondo Monetario antes de que el acuerdo estuviera cerrado&#8221; porque, coment\u00f3, &#8220;por ah\u00ed, se cierra la ventana de oportunidad&#8221;.<\/p>\n<\/div>\n<p><h2>Patricia Bullrich cuestion\u00f3 a Jorge Macri por adelantar las elecciones porte\u00f1as<\/h2>\n<\/p>\n<div id=\"element-body-7\">\n<p>Bullrich cuestion\u00f3 tambi\u00e9n la<strong> fecha de las elecciones en la Ciudad<\/strong> y apunt\u00f3 contra el actual jefe de Gobierno porte\u00f1o: &#8220;(Jorge) Macri meti\u00f3 una elecci\u00f3n el 18 de mayo; es decir, que en vez de preocuparse por gobernar hasta agosto y la elecci\u00f3n la tenemos en octubre, <strong>tenemos una elecci\u00f3n ahora el 18 de mayo que perturba<\/strong>; yo no s\u00e9 por qu\u00e9 lo hizo, nunca lo consult\u00f3 con el Gobierno&#8221;, asegur\u00f3 la ministra este domingo, en la entrevista que brind\u00f3 al canal <em>TN<\/em>.<\/p>\n<\/div>\n<div id=\"element-body-8\">\n<p><strong>Horacio Rodr\u00edguez Larreta<\/strong> fue otro de los apuntados durante la entrevista. Sobre el ex jefe de Gobierno porte\u00f1o y ex rival en la intern presidencial del PRO, dijo que &#8220;ha vuelto al lugar donde siempre se sinti\u00f3 seguro que es la Ciudad de Buenos Aires&#8221;, <\/p>\n<\/div>\n<div id=\"element-body-9\">\n<p>Sin embargo, critic\u00f3 su campa\u00f1a presidencial de 2023 mientras estaba al frente del distrito. &#8220;La verdad es que \u00e9l us\u00f3 los \u00faltimos a\u00f1os la Ciudad de Buenos Aires como<strong> un barril sin fondo para bancar su campa\u00f1a<\/strong>&#8220;.<\/p>\n<\/div>\n<p><br \/>\n<br \/><a href=\"https:\/\/www.clarin.com\/politica\/patricia-bullrich-quiere-hablar-candidatura-propia-apunta-mauricio-macri-rodriguez-larreta_0_mMJ6dKDbdx.html\">Fuente Clarin.com <\/a><\/p>\n","protected":false},"excerpt":{"rendered":"<p>La ministra de Seguridad Patricia Bullrich neg\u00f3 este domingo una posible candidatura en las elecciones legislativas de octubre. Fue durante una entrevista televisiva en la que, adem\u00e1s, cuestion\u00f3 al expresidente Mauricio Macri, al actual jefe de Gobierno porte\u00f1o Jorge Macri, y a Horacio Rodr\u00edguez Larreta, el ex PRO que supo ser jefe de Gobierno porte\u00f1o [&hellip;]<\/p>\n","protected":false},"author":1,"featured_media":16533,"comment_status":"open","ping_status":"open","sticky":false,"template":"","format":"standard","meta":{"footnotes":""},"categories":[2],"tags":[1769,584,4640,76,7930,1109,1253,583,265,3330,1273,480,73],"class_list":["post-16532","post","type-post","status-publish","format-standard","has-post-thumbnail","hentry","category-ultimas-noticias","tag-apunta","tag-bullrich","tag-candidatura","tag-hablar","tag-larreta","tag-macri","tag-mauricio","tag-patricia","tag-pero","tag-propia","tag-quiere","tag-rodriguez","tag-una"],"_links":{"self":[{"href":"https:\/\/13.com.ar\/index.php\/wp-json\/wp\/v2\/posts\/16532","targetHints":{"allow":["GET"]}}],"collection":[{"href":"https:\/\/13.com.ar\/index.php\/wp-json\/wp\/v2\/posts"}],"about":[{"href":"https:\/\/13.com.ar\/index.php\/wp-json\/wp\/v2\/types\/post"}],"author":[{"embeddable":true,"href":"https:\/\/13.com.ar\/index.php\/wp-json\/wp\/v2\/users\/1"}],"replies":[{"embeddable":true,"href":"https:\/\/13.com.ar\/index.php\/wp-json\/wp\/v2\/comments?post=16532"}],"version-history":[{"count":0,"href":"https:\/\/13.com.ar\/index.php\/wp-json\/wp\/v2\/posts\/16532\/revisions"}],"wp:featuredmedia":[{"embeddable":true,"href":"https:\/\/13.com.ar\/index.php\/wp-json\/wp\/v2\/media\/16533"}],"wp:attachment":[{"href":"https:\/\/13.com.ar\/index.php\/wp-json\/wp\/v2\/media?parent=16532"}],"wp:term":[{"taxonomy":"category","embeddable":true,"href":"https:\/\/13.com.ar\/index.php\/wp-json\/wp\/v2\/categories?post=16532"},{"taxonomy":"post_tag","embeddable":true,"href":"https:\/\/13.com.ar\/index.php\/wp-json\/wp\/v2\/tags?post=16532"}],"curies":[{"name":"wp","href":"https:\/\/api.w.org\/{rel}","templated":true}]}}