{"id":16530,"date":"2025-03-30T22:26:02","date_gmt":"2025-03-31T01:26:02","guid":{"rendered":"https:\/\/13.com.ar\/index.php\/como-sera-la-primera-semana-de-abril-2025-segun-la-astrologia\/"},"modified":"2025-03-30T22:26:02","modified_gmt":"2025-03-31T01:26:02","slug":"como-sera-la-primera-semana-de-abril-2025-segun-la-astrologia","status":"publish","type":"post","link":"https:\/\/13.com.ar\/index.php\/como-sera-la-primera-semana-de-abril-2025-segun-la-astrologia\/","title":{"rendered":"C\u00f3mo ser\u00e1 la primera semana de abril 2025, seg\u00fan la astrolog\u00eda"},"content":{"rendered":"<p> <br \/>\n<br \/><img decoding=\"async\" src=\"https:\/\/13.com.ar\/wp-content\/uploads\/2025\/03\/Como-sera-la-primera-semana-de-abril-2025-segun-la.jpg\" \/><\/p>\n<div id=\"element-body-0\">\n<p>El eclipse de sol de Luna nueva en Aries -que se perfeccion\u00f3 el 29 de marzo- extiende su influencia a los d\u00edas siguientes, lo que marca el inicio de un per\u00edodo de renovaci\u00f3n y valent\u00eda, dice la astr\u00f3loga <strong>Roc\u00edo Sabatini <\/strong>a <strong>Clar\u00edn<\/strong>.<\/p>\n<\/div>\n<div id=\"element-body-1\">\n<p>Seg\u00fan la experta, <strong>el domingo 30 y el lunes 31<\/strong>, la Luna en Aries sigue irradiando la intensidad del eclipse, trayendo un impulso de energ\u00eda y determinaci\u00f3n.<\/p>\n<\/div>\n<div id=\"element-body-2\">\n<p>Sin embargo, al ingresar en Tauro el lunes, el ambiente se vuelve m\u00e1s estable y terrenal, favoreciendo la concreci\u00f3n de ideas y proyectos.<\/p>\n<\/div>\n<div id=\"element-body-3\">\n<p>El <strong>martes 1\u00b0 de abril <\/strong>el astro lunar contin\u00faa su tr\u00e1nsito por Tauro, promoviendo la b\u00fasqueda de seguridad y confort.<\/p>\n<\/div>\n<div id=\"element-body-4\">\n<p>El <strong>mi\u00e9rcoles 2 y el jueves 3<\/strong>, Roc\u00edo explica que, al ingresar en el signo de los gemelos, G\u00e9minis, la energ\u00eda cambia hacia la comunicaci\u00f3n, la curiosidad y la adaptabilidad. \u201cEs un buen escenario para intercambiar ideas y explorar nuevas perspectivas, tambi\u00e9n para inscribirse a cursos y juntarse con amistades con las cuales conversar fluida y divertidamente\u201d, advierte Sabatini (@rowsabatini en Instagram).<\/p>\n<\/div>\n<div id=\"element-body-6\">\n<p>El <strong>viernes 4 y el s\u00e1bado 5<\/strong>, el sat\u00e9lite lunar se desliza hacia el signo m\u00e1s familiero, C\u00e1ncer, ti\u00f1endo el ambiente de sensibilidad y conexi\u00f3n emocional. Adem\u00e1s, el viernes trae aspectos importantes: Saturno en Piscis en armon\u00eda con Urano en Tauro fusiona estructura e innovaci\u00f3n, haci\u00e9ndonos sentir una mezcla de estabilidad y cambio.<\/p>\n<\/div>\n<div id=\"element-body-7\">\n<p>Adem\u00e1s, la astr\u00f3loga explica que Marte en C\u00e1ncer forma un sextil con Urano en Tauro y un tr\u00edgono con Saturno en Piscis, impulsando acciones intuitivas y estrat\u00e9gicas, llev\u00e1ndonos a tomar decisiones con mayor fluidez y confianza.<\/p>\n<\/div>\n<div id=\"element-body-8\">\n<p>El <strong>domingo 6<\/strong>, la Luna en el signo leonino enciende el deseo de brillar y expresarnos con confianza. Adem\u00e1s, el d\u00eda tiene cuotas de optimismo y crecimiento por el sextil del Sol en Aries con J\u00fapiter en G\u00e9minis y pizcas de romanticismo y sensibilidad con el tr\u00edgono de Venus en Piscis con Marte en C\u00e1ncer, creando un clima de expansi\u00f3n, magnetismo y pasi\u00f3n.<\/p>\n<\/div>\n<div id=\"element-body-9\">\n<p>Esta semana -siempre seg\u00fan Roc\u00edo Sabatini- marca la salida de la intensa energ\u00eda de los eclipses de marzo, permiti\u00e9ndonos <strong>asimilar todo lo aprendido<\/strong> en este proceso. Es un momento ideal para integrar las lecciones del mes anterior y comenzar a actuar con mayor claridad y determinaci\u00f3n.<\/p>\n<\/div>\n<div id=\"element-body-12\">\n<p>La semana empieza con energ\u00eda taurina, brindando estabilidad y conexi\u00f3n con lo material, luego transita por el aire l\u00fadico y curioso de G\u00e9minis, pasa por la familiaridad y sensibilidad de C\u00e1ncer y concluye con el centrismo y la creatividad de Leo.<\/p>\n<\/div>\n<div id=\"element-body-13\">\n<p>Para Roc\u00edo, un ritual ideal para realizar el primer d\u00eda del mes puede integrar los cuatro elementos que protagonizan la semana:<\/p>\n<\/div>\n<div id=\"element-body-18\">\n<p>\u201cEste ritual permite alinear nuestra energ\u00eda con el flujo de la semana y aprovechar sus cualidades para avanzar con claridad y prop\u00f3sito\u201d, cierra Sabatini.<\/p>\n<\/div>\n<div id=\"element-body-19\">\n<p><strong><em>Asesor\u00f3 la astr\u00f3loga Roc\u00edo Sabatini. En instagram @rowsabatini.<\/em><\/strong><\/p>\n<\/div>\n<p><br \/>\n<br \/><a href=\"https:\/\/www.clarin.com\/astrologia\/primera-semana-abril-2025-astrologia_0_ACKzkBOwnn.html\">Fuente Clarin.com <\/a><\/p>\n","protected":false},"excerpt":{"rendered":"<p>El eclipse de sol de Luna nueva en Aries -que se perfeccion\u00f3 el 29 de marzo- extiende su influencia a los d\u00edas siguientes, lo que marca el inicio de un per\u00edodo de renovaci\u00f3n y valent\u00eda, dice la astr\u00f3loga Roc\u00edo Sabatini a Clar\u00edn. Seg\u00fan la experta, el domingo 30 y el lunes 31, la Luna en [&hellip;]<\/p>\n","protected":false},"author":1,"featured_media":16531,"comment_status":"open","ping_status":"open","sticky":false,"template":"","format":"standard","meta":{"footnotes":""},"categories":[2],"tags":[10047,6627,66,89,227,982,153],"class_list":["post-16530","post","type-post","status-publish","format-standard","has-post-thumbnail","hentry","category-ultimas-noticias","tag-abril","tag-astrologia","tag-como","tag-primera","tag-segun","tag-semana","tag-sera"],"_links":{"self":[{"href":"https:\/\/13.com.ar\/index.php\/wp-json\/wp\/v2\/posts\/16530","targetHints":{"allow":["GET"]}}],"collection":[{"href":"https:\/\/13.com.ar\/index.php\/wp-json\/wp\/v2\/posts"}],"about":[{"href":"https:\/\/13.com.ar\/index.php\/wp-json\/wp\/v2\/types\/post"}],"author":[{"embeddable":true,"href":"https:\/\/13.com.ar\/index.php\/wp-json\/wp\/v2\/users\/1"}],"replies":[{"embeddable":true,"href":"https:\/\/13.com.ar\/index.php\/wp-json\/wp\/v2\/comments?post=16530"}],"version-history":[{"count":0,"href":"https:\/\/13.com.ar\/index.php\/wp-json\/wp\/v2\/posts\/16530\/revisions"}],"wp:featuredmedia":[{"embeddable":true,"href":"https:\/\/13.com.ar\/index.php\/wp-json\/wp\/v2\/media\/16531"}],"wp:attachment":[{"href":"https:\/\/13.com.ar\/index.php\/wp-json\/wp\/v2\/media?parent=16530"}],"wp:term":[{"taxonomy":"category","embeddable":true,"href":"https:\/\/13.com.ar\/index.php\/wp-json\/wp\/v2\/categories?post=16530"},{"taxonomy":"post_tag","embeddable":true,"href":"https:\/\/13.com.ar\/index.php\/wp-json\/wp\/v2\/tags?post=16530"}],"curies":[{"name":"wp","href":"https:\/\/api.w.org\/{rel}","templated":true}]}}