{"id":16528,"date":"2025-03-30T22:04:13","date_gmt":"2025-03-31T01:04:13","guid":{"rendered":"https:\/\/13.com.ar\/index.php\/ingreso-en-el-entretiempo-y-se-fue-lesionado-a-los-cinco-minutos\/"},"modified":"2025-03-30T22:04:13","modified_gmt":"2025-03-31T01:04:13","slug":"ingreso-en-el-entretiempo-y-se-fue-lesionado-a-los-cinco-minutos","status":"publish","type":"post","link":"https:\/\/13.com.ar\/index.php\/ingreso-en-el-entretiempo-y-se-fue-lesionado-a-los-cinco-minutos\/","title":{"rendered":"ingres\u00f3 en el entretiempo y se fue lesionado a los cinco minutos"},"content":{"rendered":"<p> <br \/>\n<br \/><img decoding=\"async\" src=\"https:\/\/13.com.ar\/wp-content\/uploads\/2025\/03\/ingreso-en-el-entretiempo-y-se-fue-lesionado-a-los.jpg\" \/><\/p>\n<div id=\"element-body-0\">\n<p>La noche en Rosario er\u00e1 siendo catastr\u00f3fica para Boca: solo ca\u00eda 2-0 frente a Newell\u2019s, sino que Edinson Cavani hab\u00eda erra un penal en el inicio del complemento. Era la chance de asomar la cabeza cuando era claramente superado. Para colmo, hab\u00eda m\u00e1s lugar para malas noticias. \u00bfCu\u00e1l? La lesi\u00f3n de Ander Herrera. El vasco hab\u00eda ingresado en el entretiempo en lugar de Milton Delgado junto con Rodrigo Battaglia y Luis Adv\u00edncula, <strong>pero tuvo que ser reemplazado a cinco minutos de su ingreso por una lesi\u00f3n muscular.<\/strong><\/p>\n<\/div>\n<div id=\"element-body-1\">\n<blockquote class=\"twitter-tweet\">\n<p lang=\"es\" dir=\"ltr\">\ud83c\uddea\ud83c\uddf8 ANDER HERRERA pidi\u00f3 el CAMBIO con solo 5 MINUTOS en la cancha ante Newell\u2019s.<\/p>\n<p>\u274c SE FUE SOLO AL BANCO DE SUPLENTES.<\/p>\n<p><a rel=\"nofollow\" target=\"_blank\" href=\"https:\/\/t.co\/1GdCpV6OSg\">pic.twitter.com\/1GdCpV6OSg<\/a><\/p>\n<p>\u2014 dataref (@dataref_ar) <a rel=\"nofollow\" target=\"_blank\" href=\"https:\/\/twitter.com\/dataref_ar\/status\/1906494550220107971?ref_src=twsrc%5Etfw\">March 30, 2025<\/a><\/p><\/blockquote>\n<\/div>\n<div id=\"element-body-3\">\n<p>El primer tiempo de Boca fue catastr\u00f3fico, el conjunto de Fernando Gago tuvo deficiencias por todos lados y es por ello que el DT decidi\u00f3 meter tres cambios de cara a la segunda parte, en donde reemplaz\u00f3 a Milton Delgado por Ander Herrera. Sin embargo, <strong>el vasco tan solo tuvo cinco minutos de acci\u00f3n<\/strong> en el Coloso Marcelo Bielsa.<\/p>\n<\/div>\n<div id=\"element-body-4\">\n<p>Si bien no qued\u00f3 del todo claro que zona fue la afectada, lo cierto es que el espa\u00f1ol se retir\u00f3 sin podes <strong>pisar bien para sentarse en el banco de suplentes entre l\u00e1grimas.<\/strong> Cabe destacar que el volante ya se hab\u00eda perdido varios encuentros por un desgarro que lo margin\u00f3 de los \u00faltimos duelos del Xeneize.<\/p>\n<\/div>\n<div id=\"element-body-6\">\n<blockquote class=\"twitter-tweet\">\n<p lang=\"es\" dir=\"ltr\">Me destroza ver a Ander Herrera asi, me da lastima porque se ve que es re contra profesional y esto le da mas bronca a el que a cualquiera<a rel=\"nofollow\" target=\"_blank\" href=\"https:\/\/t.co\/0S3T06d1UQ\">pic.twitter.com\/0S3T06d1UQ<\/a><\/p>\n<p>\u2014 El tio bostero\ud83c\uddf8\ud83c\uddea (@ElTioBostero) <a rel=\"nofollow\" target=\"_blank\" href=\"https:\/\/twitter.com\/ElTioBostero\/status\/1906495412610974052?ref_src=twsrc%5Etfw\">March 30, 2025<\/a><\/p><\/blockquote>\n<\/div>\n<p><script async src=\"\/\/platform.twitter.com\/widgets.js\" charset=\"utf-8\"><\/script><br \/>\n<br \/><br \/>\n<br \/><a href=\"https:\/\/www.clarin.com\/deportes\/llanto-ander-herrera-newells-ingreso-entretiempo-lesionado-minutos_0_YOnuG7bKs8.html\">Fuente Clarin.com <\/a><\/p>\n","protected":false},"excerpt":{"rendered":"<p>La noche en Rosario er\u00e1 siendo catastr\u00f3fica para Boca: solo ca\u00eda 2-0 frente a Newell\u2019s, sino que Edinson Cavani hab\u00eda erra un penal en el inicio del complemento. Era la chance de asomar la cabeza cuando era claramente superado. Para colmo, hab\u00eda m\u00e1s lugar para malas noticias. \u00bfCu\u00e1l? La lesi\u00f3n de Ander Herrera. El vasco [&hellip;]<\/p>\n","protected":false},"author":1,"featured_media":16529,"comment_status":"open","ping_status":"open","sticky":false,"template":"","format":"standard","meta":{"footnotes":""},"categories":[2],"tags":[567,5325,105,2031,7656,28,1080],"class_list":["post-16528","post","type-post","status-publish","format-standard","has-post-thumbnail","hentry","category-ultimas-noticias","tag-cinco","tag-entretiempo","tag-fue","tag-ingreso","tag-lesionado","tag-los","tag-minutos"],"_links":{"self":[{"href":"https:\/\/13.com.ar\/index.php\/wp-json\/wp\/v2\/posts\/16528","targetHints":{"allow":["GET"]}}],"collection":[{"href":"https:\/\/13.com.ar\/index.php\/wp-json\/wp\/v2\/posts"}],"about":[{"href":"https:\/\/13.com.ar\/index.php\/wp-json\/wp\/v2\/types\/post"}],"author":[{"embeddable":true,"href":"https:\/\/13.com.ar\/index.php\/wp-json\/wp\/v2\/users\/1"}],"replies":[{"embeddable":true,"href":"https:\/\/13.com.ar\/index.php\/wp-json\/wp\/v2\/comments?post=16528"}],"version-history":[{"count":0,"href":"https:\/\/13.com.ar\/index.php\/wp-json\/wp\/v2\/posts\/16528\/revisions"}],"wp:featuredmedia":[{"embeddable":true,"href":"https:\/\/13.com.ar\/index.php\/wp-json\/wp\/v2\/media\/16529"}],"wp:attachment":[{"href":"https:\/\/13.com.ar\/index.php\/wp-json\/wp\/v2\/media?parent=16528"}],"wp:term":[{"taxonomy":"category","embeddable":true,"href":"https:\/\/13.com.ar\/index.php\/wp-json\/wp\/v2\/categories?post=16528"},{"taxonomy":"post_tag","embeddable":true,"href":"https:\/\/13.com.ar\/index.php\/wp-json\/wp\/v2\/tags?post=16528"}],"curies":[{"name":"wp","href":"https:\/\/api.w.org\/{rel}","templated":true}]}}