{"id":16521,"date":"2025-03-30T20:46:32","date_gmt":"2025-03-30T23:46:32","guid":{"rendered":"https:\/\/13.com.ar\/index.php\/betis-rompio-la-maldicion-del-espejo-y-le-gano-a-sevilla-tras-siete-anos-en-un-clasico-andaluz-que-desborda-pasion\/"},"modified":"2025-03-30T20:46:32","modified_gmt":"2025-03-30T23:46:32","slug":"betis-rompio-la-maldicion-del-espejo-y-le-gano-a-sevilla-tras-siete-anos-en-un-clasico-andaluz-que-desborda-pasion","status":"publish","type":"post","link":"https:\/\/13.com.ar\/index.php\/betis-rompio-la-maldicion-del-espejo-y-le-gano-a-sevilla-tras-siete-anos-en-un-clasico-andaluz-que-desborda-pasion\/","title":{"rendered":"Betis rompi\u00f3 &#8220;la maldici\u00f3n del espejo&#8221; y le gan\u00f3 a Sevilla tras siete a\u00f1os en un cl\u00e1sico andaluz que desborda pasi\u00f3n"},"content":{"rendered":"<p> <br \/>\n<br \/><img decoding=\"async\" src=\"https:\/\/13.com.ar\/wp-content\/uploads\/2025\/03\/Betis-rompio-la-maldicion-del-espejo-y-le-gano-a.jpg\" \/><\/p>\n<div id=\"element-body-0\">\n<p>Dicen que pasi\u00f3n y raz\u00f3n no maridan bien. Que una inhibe los sentimientos. Que la otra los hace descarrilar. Sin embargo, sucedi\u00f3 todo lo contrario en la fresca y ardiente noche de domingo en el <strong>Benito Villamar\u00edn<\/strong>, el hogar del Gran Derbi, el cl\u00e1sico de Andaluc\u00eda, por esta fecha 29 de LaLiga de Espa\u00f1a.<\/p>\n<\/div>\n<div id=\"element-body-1\">\n<p>El f\u00fatbol, se sabe, todo lo hace posible. As\u00ed fue c\u00f3mo pasi\u00f3n y raz\u00f3n se unieron en feliz y alocado matrimonio al menos para una mitad de la ciudad que est\u00e1 dividida por las aguas del Guadalquivir y partida por los colores de <strong>dos clubes que se necesitan casi tanto como se odian<\/strong>. Porque Betis dijo por fin y le gan\u00f3 a Sevilla. Fue un merecido y apretado 2-1. As\u00ed <strong>hizo a\u00f1icos una maldici\u00f3n de 12 partidos y siete a\u00f1os sin poder festejar en el cl\u00e1sico<\/strong>. Alguien hab\u00eda roto un espejo. Y no hab\u00eda avisado. Ya poco importa, claro. Porque ser\u00e1 una semana larga. Para los que ganaron. Y tambi\u00e9n para los que perdieron. La guasa, como se dice aqu\u00ed a la burla, estar\u00e1 a la orden del d\u00eda.<\/p>\n<\/div>\n<div id=\"element-body-2\">\n<p>La pasi\u00f3n desbord\u00f3 antes, durante y despu\u00e9s en un estadio, muy parecido al Cilindro de Avellaneda, que late y ensordece. Los b\u00e9ticos no paran de saltar. No paran cantar. No paran. Porque <strong>la afici\u00f3n verdiblanca destila amor por un equipo que no siempre pudo devolverle tanta devoci\u00f3n<\/strong> a lo largo de una sufrida historia&#8230; Fueron d\u00edas de ansiedad extrema a ra\u00edz del parate por la fecha FIFA. Tanta espera -las dos semanas, los siete a\u00f1os y los 12 partidos- provoc\u00f3 que la victoria se celebrara como un t\u00edtulo. Hubo vuelta ol\u00edmpica. Hubo abrazos al por mayor. Hubo desahogo dentro y fuera de la cancha. Hubo despedida con t\u00e9rminos no aptos para menores para los 500 sevillistas que ocuparon un rinc\u00f3n de la bandeja alta del Benito Villamar\u00edn y que tuvieron que guardarse la pancartas con el escudo de Betis tachado.<\/p>\n<\/div>\n<div id=\"element-body-3\">\n<p>Toda esa pasi\u00f3n se desat\u00f3, esta vez, por culpa de la raz\u00f3n. Porque el equipo del chileno Manuel Pellegrini, con 20 minutos del recuperado Gio Lo Celso y con el Chimy \u00c1vila en el banco, justific\u00f3 ampliamente la victoria. Y eso que la noche hab\u00eda arrancado cuesta arriba.<\/p>\n<\/div>\n<div id=\"element-body-4\">\n<p>Todos los fantasmas, absolutamente todos, aparecieron pasado el primer cuarto de hora. Hasta ah\u00ed hab\u00eda sido un mon\u00f3logo del due\u00f1o de casa. Con Isco como manija, con Antony y su peligro pirot\u00e9cnico y con un chico que se llama Jes\u00fas Rodr\u00edguez, que tiene 19 a\u00f1os y que seguramente, en un pesta\u00f1eo de ojos, valdr\u00e1 entre 30 y 40 millones de euros gracias a su poder de gambeta.<\/p>\n<\/div>\n<div id=\"element-body-5\">\n<p>Pero en el minuto 17 el belga Dodi Lukebakio pic\u00f3 al vac\u00edo a la caza de un pelotazo, le gan\u00f3 en la carrera a la defensa rival, pero no se apur\u00f3. Todo lo contrario. Fren\u00f3, junt\u00f3 a dos defensores, y esper\u00f3 para habilitar al suizo Ruben Vargas, que control\u00f3 y le peg\u00f3 con alma y vida para silenciar -por apenas un ratito- a todo Betis.<\/p>\n<\/div>\n<div id=\"element-body-6\">\n<blockquote class=\"twitter-tweet\">\n<p lang=\"in\" dir=\"ltr\">\ud83c\udfa5\ud83c\udd70\ufe0f| Dodi Lukebakio ASSIST \ud83c\udd9a Real Betis<a rel=\"nofollow\" target=\"_blank\" href=\"https:\/\/twitter.com\/hashtag\/SevillaRealBetis?src=hash&amp;ref_src=twsrc%5Etfw\">#SevillaRealBetis<\/a> <a rel=\"nofollow\" target=\"_blank\" href=\"https:\/\/t.co\/BjxOabbK2n\">pic.twitter.com\/BjxOabbK2n<\/a><\/p>\n<p>\u2014 Absolute Belgian Fans \ud83c\udde7\ud83c\uddea (@BelgianFans) <a rel=\"nofollow\" target=\"_blank\" href=\"https:\/\/twitter.com\/BelgianFans\/status\/1906470243012366550?ref_src=twsrc%5Etfw\">March 30, 2025<\/a><\/p><\/blockquote>\n<\/div>\n<div id=\"element-body-7\">\n<p><strong>Pel\u00edcula repetida pensaba el Ingeniero Pellegrini<\/strong>, quien todav\u00eda nunca hab\u00eda podido ganar el Gran Derbi. Pero no se desesper\u00f3 su equipo. Y sigui\u00f3 tejiendo jugadas para asediar el \u00e1rea del noruego Orjan Nyland. As\u00ed fue c\u00f3mo a los 25 minutos, el lateral senegal\u00e9s Youssouf Sabaly lleg\u00f3 hasta el fondo y la pic\u00f3 para que Johnny Cardoso, estadounidense con ADN verdeamarelo y volante m\u00e1s que interesante, igualara el marcador con una volea al borde del \u00e1rea chica.<\/p>\n<\/div>\n<div id=\"element-body-9\">\n<p>Era merecido. Y tambi\u00e9n era una locura lo que empujaban los fan\u00e1ticos. El partido tomaba temperatura de cl\u00e1sico. Una piernita olvidada por ah\u00ed. Un empell\u00f3n por all\u00e1. Un empuj\u00f3n dem\u00e1s y todo lo que uno se pueda imaginar. Pero, en lo que importaba, el juego, Betis era m\u00e1s.<\/p>\n<\/div>\n<div id=\"element-body-10\">\n<p>Y la remontada se concret\u00f3 un ratito antes del descanso. Jes\u00fas Rodr\u00edguez gambete\u00f3 para adentro por en\u00e9sima vez en la noche, toc\u00f3 para Isco y el ex Real Madrid, de primera, habilit\u00f3 a Cucho Hern\u00e1ndez, que pic\u00f3 y defini\u00f3 de punta para anticipar la salida de Nyland. Fue un golazo por la precisi\u00f3n y por la repentizaci\u00f3n. Fue un gol que seguramente quedar\u00e1 en la galer\u00eda de los recuerdos grandes de Betis. Fue una se\u00f1al de que el colombiano est\u00e1 encendido. Dos goles en los \u00faltimos partidos luego de su paso por la MLS. Vigente y picante.<\/p>\n<\/div>\n<div id=\"element-body-11\">\n<blockquote class=\"twitter-tweet\">\n<p lang=\"es\" dir=\"ltr\">La perfecta conexi\u00f3n entre Isco y Cucho Hern\u00e1ndez le dio la victoria a Betis en el derbi de Sevilla.<\/p>\n<p>\ud83c\uddea\ud83c\uddf8\ud83e\udd1d\ud83c\udffb\ud83c\udde8\ud83c\uddf4 <a rel=\"nofollow\" target=\"_blank\" href=\"https:\/\/t.co\/R0xOJTHI8t\">pic.twitter.com\/R0xOJTHI8t<\/a><\/p>\n<p>\u2014 Pablo Giralt (@giraltpablo) <a rel=\"nofollow\" target=\"_blank\" href=\"https:\/\/twitter.com\/giraltpablo\/status\/1906464356231184582?ref_src=twsrc%5Etfw\">March 30, 2025<\/a><\/p><\/blockquote>\n<\/div>\n<div id=\"element-body-12\">\n<p>Esos 45 minutos fueron vibrantes. Fueron tambi\u00e9n un gran espect\u00e1culo. Raro para un derbi donde el nervio suele ganarle la pulseada a la calma. Donde la pasi\u00f3n casi siempre traiciona a la raz\u00f3n. Y se hace esa mala fama de la que todos ya sabemos.<\/p>\n<\/div>\n<div id=\"element-body-13\">\n<p>La segunda parte mostr\u00f3 a un Betis seguro de que la victoria, esta vez, no se le iba a escurrir de las manos. Isco sigui\u00f3 manejando todo hasta que, condicionado por una amarilla, le dej\u00f3 su lugar a Lo Celso. Fue la vuelta del miembro estable de la Scaloneta tras una lesi\u00f3n que lo hab\u00eda sacado de las canchas y que le hizo perderse la doble cita de Eliminatorias con los greatest hits ante Uruguay y Brasil. Mostr\u00f3 chispazos y valent\u00eda para pedir la pelota. Le falt\u00f3 claridad para resolver alguna que otra contra que pudo haber matado al suspenso y adelantado la fiesta. Lo mismo para Antony, que dej\u00f3 atr\u00e1s las nubes de Manchester United y recuper\u00f3 la sonrisa y la explosi\u00f3n al calor del sol andaluz.<\/p>\n<\/div>\n<div id=\"element-body-15\">\n<p>Todo condujo inevitablemente a la fiesta. Casi que no pas\u00f3 contratiempos Betis, que con esta victoria lleg\u00f3 a los 47 puntos e igual\u00f3 la l\u00ednea de Villarreal en la compulsa por el quinto lugar, ese que entrega una plaza en Europa League. Est\u00e1 cerca tambi\u00e9n el sue\u00f1o de Champions -a seis puntos de Athletic de Bilbao, a falta de nueve fechas-. Ambiciones de las que est\u00e1 lejos Sevilla en esta temporada de transici\u00f3n, ya sin argentinos.<\/p>\n<\/div>\n<div id=\"element-body-16\">\n<p>La fiesta fue total. El \u00e9xtasis de las tribunas baj\u00f3 a la cancha. Hubo, como se dijo, una vuelta ol\u00edmpica para saludar a las cuatro tribunas. El Ingeniero Pellegrini, con el inseparable Rub\u00e9n Cousillas como ladero, miraban con orgullo desde la l\u00ednea central. Lo Celso, entre festejo y festejo, se cruz\u00f3 con un par de rivales de Sevilla. No pas\u00f3 a mayores. No era el momento. Era el momento de gozar. Y vaya si se goz\u00f3 en el lado verdiblanco de una ciudad. Con raz\u00f3n. Y, obvio, con much\u00edsima pasi\u00f3n.<\/p>\n<\/div>\n<p><script async src=\"\/\/platform.twitter.com\/widgets.js\" charset=\"utf-8\"><\/script><br \/>\n<br \/><br \/>\n<br \/><a href=\"https:\/\/www.clarin.com\/deportes\/betis-rompio-maldicion-espejo-gano-sevilla-anos-clasico-andaluz-desborda-pasion_0_ncIKmZwVa2.html\">Fuente Clarin.com <\/a><\/p>\n","protected":false},"excerpt":{"rendered":"<p>Dicen que pasi\u00f3n y raz\u00f3n no maridan bien. Que una inhibe los sentimientos. Que la otra los hace descarrilar. Sin embargo, sucedi\u00f3 todo lo contrario en la fresca y ardiente noche de domingo en el Benito Villamar\u00edn, el hogar del Gran Derbi, el cl\u00e1sico de Andaluc\u00eda, por esta fecha 29 de LaLiga de Espa\u00f1a. El [&hellip;]<\/p>\n","protected":false},"author":1,"featured_media":16522,"comment_status":"open","ping_status":"open","sticky":false,"template":"","format":"standard","meta":{"footnotes":""},"categories":[2],"tags":[14425,636,10187,1766,100,14426,9689,1999,1868,3868,3312,12380,2264,312],"class_list":["post-16521","post","type-post","status-publish","format-standard","has-post-thumbnail","hentry","category-ultimas-noticias","tag-andaluz","tag-anos","tag-betis","tag-clasico","tag-del","tag-desborda","tag-espejo","tag-gano","tag-maldicion","tag-pasion","tag-rompio","tag-sevilla","tag-siete","tag-tras"],"_links":{"self":[{"href":"https:\/\/13.com.ar\/index.php\/wp-json\/wp\/v2\/posts\/16521","targetHints":{"allow":["GET"]}}],"collection":[{"href":"https:\/\/13.com.ar\/index.php\/wp-json\/wp\/v2\/posts"}],"about":[{"href":"https:\/\/13.com.ar\/index.php\/wp-json\/wp\/v2\/types\/post"}],"author":[{"embeddable":true,"href":"https:\/\/13.com.ar\/index.php\/wp-json\/wp\/v2\/users\/1"}],"replies":[{"embeddable":true,"href":"https:\/\/13.com.ar\/index.php\/wp-json\/wp\/v2\/comments?post=16521"}],"version-history":[{"count":0,"href":"https:\/\/13.com.ar\/index.php\/wp-json\/wp\/v2\/posts\/16521\/revisions"}],"wp:featuredmedia":[{"embeddable":true,"href":"https:\/\/13.com.ar\/index.php\/wp-json\/wp\/v2\/media\/16522"}],"wp:attachment":[{"href":"https:\/\/13.com.ar\/index.php\/wp-json\/wp\/v2\/media?parent=16521"}],"wp:term":[{"taxonomy":"category","embeddable":true,"href":"https:\/\/13.com.ar\/index.php\/wp-json\/wp\/v2\/categories?post=16521"},{"taxonomy":"post_tag","embeddable":true,"href":"https:\/\/13.com.ar\/index.php\/wp-json\/wp\/v2\/tags?post=16521"}],"curies":[{"name":"wp","href":"https:\/\/api.w.org\/{rel}","templated":true}]}}