{"id":1652,"date":"2025-02-03T13:52:09","date_gmt":"2025-02-03T16:52:09","guid":{"rendered":"https:\/\/13.com.ar\/index.php\/hubo-una-entrega-buscaban-cosas-especificas\/"},"modified":"2025-02-03T13:52:09","modified_gmt":"2025-02-03T16:52:09","slug":"hubo-una-entrega-buscaban-cosas-especificas","status":"publish","type":"post","link":"https:\/\/13.com.ar\/index.php\/hubo-una-entrega-buscaban-cosas-especificas\/","title":{"rendered":"Hubo una entrega, buscaban cosas espec\u00edficas"},"content":{"rendered":"<p> <br \/>\n<br \/><img decoding=\"async\" src=\"https:\/\/13.com.ar\/wp-content\/uploads\/2025\/02\/Hubo-una-entrega-buscaban-cosas-especificas.jpg\" \/><\/p>\n<div>\n<p>El s\u00e1bado a la noche, en el barrio<strong> C\u00f3ndor de Villa Allende<\/strong>, en <strong>Gran C\u00f3rdoba<\/strong>, cinco delincuentes ingresaron una casa y sorprendieron a una familia que se encontraban en la galer\u00eda buscando algo de aire fresco despu\u00e9s de una jornada de intenso calor en el que la m\u00e1xima roz\u00f3 los 38 grados.<\/p>\n<\/div>\n<div>\n<p>Conrado Alc\u00e1zar de 34 a\u00f1os, su madre de 64 y su abuela de 85  estaban cenando con las ventanas abiertas para que corriera la brisa de la noche. Hab\u00edan escuchado que sus perros estuvieron ladrando, pero no les llam\u00f3 la atenci\u00f3n. Hasta que vieron que <strong>un hombre encapuchado estaba dentro del domicilio y otros sub\u00edan por las escaleras<\/strong>.<\/p>\n<\/div>\n<div>\n<p>Seg\u00fan coment\u00f3 la v\u00edctima, uno de los ladrones estuvo todo el tiempo en contacto con una persona que estaba afuera de la casa, y que le preguntabas qu\u00e9 cosas ten\u00edan que llevarse de ah\u00ed.<strong> &#8220;Eran cinco y nos obligaron a entrar&#8221;<\/strong>, relat\u00f3 Conrado a los medios cordobesas. \u00c9l y su madre fueron maniatada con cables y tirada al piso bajo amenaza. Solo tuvieron piedad con la abuela que se qued\u00f3 en el sill\u00f3n.<\/p>\n<\/div>\n<div>\n<p>En el lapso de 40 minutos que los delincuentes estuvieron en la casa<strong>, descolgaron cuadros, le desmontaron los marcos, agarraron cubiertos de plata, candelabros y tres obras de pintura europea poco comunes<\/strong>. Tambi\u00e9n se robaron una computadora, los celulares, tarjetas de cr\u00e9dito y d\u00e9bito, y un auto que fue encontrado m\u00e1s tarde en el barrio San Mart\u00edn de C\u00f3rdoba Capital.<\/p>\n<\/div>\n<div>\n<p>\u201c<strong>No eran improvisados, era un grupo comando<\/strong>. Hubo una entrega previa y no s\u00e9 en qu\u00e9 situaci\u00f3n. Buscaban cosas espec\u00edficas\u201d, asegur\u00f3 el damnificado. \u201cMe preguntaban d\u00f3nde estaba la plata, pero ya nos hab\u00edan robado hace un tiempo y no hab\u00eda mucho\u201d, agreg\u00f3. Adem\u00e1s de los elementos robados, <strong>los ladrones sacaron pesos y 30.000 d\u00f3lares<\/strong> que hab\u00eda en la caja fuerte, que estaba abierta.<\/p>\n<\/div>\n<div>\n<p>En un intento por justificarse, los delincuentes les dijeron a sus v\u00edctimas que estaban <strong>\u201ctrabajando para mantener a sus familias<\/strong>\u201d. \u201cEs un error de concepto, para los que trabajamos eso no es trabajar\u201d, expres\u00f3 indignado Conrado.<\/p>\n<\/div>\n<div>\n<p>Una vez que termin\u00f3 el robo, pudieron desatarse y alertar a los vecinos para que pudieran avisar a la polic\u00eda. \u201c<strong>Ahora, estamos presos en nuestra propia casa<\/strong>. No se la deseo a nadie, m\u00e1s all\u00e1 de lo material. Son cosas que cuestan mucho conseguirlas y conservarlas. <strong>Se robaron nuestros recuerdos y la tranquilidad<\/strong>\u201d, destac\u00f3 el damnificado del hecho.<\/p>\n<\/div>\n<div>\n<p>Esta no es la primera vez que la familia sufre este tipo de hechos, ya que hace siete meses el padre de Conrado, Aldo Alc\u00e1zar (quien falleci\u00f3 en septiembre pasado), pas\u00f3 por el mismo hecho con caracter\u00edsticas similares, con el mismo reclamo.<strong> \u201cLe ped\u00edan obras de arte y me hace pensar que es el mismo grupo que ten\u00edan un encargo\u201d<\/strong>, sentenci\u00f3.<\/p>\n<\/div>\n<p><br \/>\n<br \/><a href=\"https:\/\/www.clarin.com\/policiales\/grupo-comando-entro-casa-cordoba-llevo-obras-arte-30-mil-dolares-entrega-buscaban-cosas-especificas_0_UYtrlHsQbv.html\">Fuente Clarin.com <\/a><\/p>\n","protected":false},"excerpt":{"rendered":"<p>El s\u00e1bado a la noche, en el barrio C\u00f3ndor de Villa Allende, en Gran C\u00f3rdoba, cinco delincuentes ingresaron una casa y sorprendieron a una familia que se encontraban en la galer\u00eda buscando algo de aire fresco despu\u00e9s de una jornada de intenso calor en el que la m\u00e1xima roz\u00f3 los 38 grados. Conrado Alc\u00e1zar de [&hellip;]<\/p>\n","protected":false},"author":1,"featured_media":1653,"comment_status":"open","ping_status":"open","sticky":false,"template":"","format":"standard","meta":{"footnotes":""},"categories":[2],"tags":[3349,2799,2857,3350,1633,73],"class_list":["post-1652","post","type-post","status-publish","format-standard","has-post-thumbnail","hentry","category-ultimas-noticias","tag-buscaban","tag-cosas","tag-entrega","tag-especificas","tag-hubo","tag-una"],"_links":{"self":[{"href":"https:\/\/13.com.ar\/index.php\/wp-json\/wp\/v2\/posts\/1652","targetHints":{"allow":["GET"]}}],"collection":[{"href":"https:\/\/13.com.ar\/index.php\/wp-json\/wp\/v2\/posts"}],"about":[{"href":"https:\/\/13.com.ar\/index.php\/wp-json\/wp\/v2\/types\/post"}],"author":[{"embeddable":true,"href":"https:\/\/13.com.ar\/index.php\/wp-json\/wp\/v2\/users\/1"}],"replies":[{"embeddable":true,"href":"https:\/\/13.com.ar\/index.php\/wp-json\/wp\/v2\/comments?post=1652"}],"version-history":[{"count":0,"href":"https:\/\/13.com.ar\/index.php\/wp-json\/wp\/v2\/posts\/1652\/revisions"}],"wp:featuredmedia":[{"embeddable":true,"href":"https:\/\/13.com.ar\/index.php\/wp-json\/wp\/v2\/media\/1653"}],"wp:attachment":[{"href":"https:\/\/13.com.ar\/index.php\/wp-json\/wp\/v2\/media?parent=1652"}],"wp:term":[{"taxonomy":"category","embeddable":true,"href":"https:\/\/13.com.ar\/index.php\/wp-json\/wp\/v2\/categories?post=1652"},{"taxonomy":"post_tag","embeddable":true,"href":"https:\/\/13.com.ar\/index.php\/wp-json\/wp\/v2\/tags?post=1652"}],"curies":[{"name":"wp","href":"https:\/\/api.w.org\/{rel}","templated":true}]}}