{"id":16517,"date":"2025-03-30T20:04:30","date_gmt":"2025-03-30T23:04:30","guid":{"rendered":"https:\/\/13.com.ar\/index.php\/agredieron-a-leandro-brey-con-un-vidrio-en-el-cuello-antes-del-arranque-del-newells-vs-boca-en-rosario\/"},"modified":"2025-03-30T20:04:30","modified_gmt":"2025-03-30T23:04:30","slug":"agredieron-a-leandro-brey-con-un-vidrio-en-el-cuello-antes-del-arranque-del-newells-vs-boca-en-rosario","status":"publish","type":"post","link":"https:\/\/13.com.ar\/index.php\/agredieron-a-leandro-brey-con-un-vidrio-en-el-cuello-antes-del-arranque-del-newells-vs-boca-en-rosario\/","title":{"rendered":"Agredieron a Leandro Brey con un vidrio en el cuello antes del arranque del Newell&#8217;s vs. Boca en Rosario"},"content":{"rendered":"<p> <br \/>\n<br \/><img decoding=\"async\" src=\"https:\/\/13.com.ar\/wp-content\/uploads\/2025\/03\/Agredieron-a-Leandro-Brey-con-un-vidrio-en-el-cuello.jpg\" \/><\/p>\n<div id=\"element-body-0\">\n<p>El encuentro en el Coloso Marcelo Bielsa entre Newell\u2019s y Boca comenz\u00f3 con un hecho de violencia que incre\u00edblemente fue minimizado por las autoridades arbitrales y tambi\u00e9n del arquero xeneize Leandro Brey, quien mientras realizaba la entrada en calor fue alcanzado por un pedazo de vidrio que le tiraron desde la popular local y que le produjo un corte en la zona derecha del cuello. Despu\u00e9s varias proyectiles le tiraron a Agust\u00edn Marches\u00edn antes del pitado inicial. <\/p>\n<\/div>\n<div id=\"element-body-1\">\n<p>El arquero, que ocup\u00f3 el banco de suplentes ya que el titular es Agust\u00edn Marches\u00edn, se qued\u00f3 un rato con el proyectil en su mano mientras intentaba seguir con los ejercicios precompetitivos. Enseguida se acercaron desde el cuerpo m\u00e9dico de Boca, revisaron la lastimadura, y todo sigui\u00f3 como si nada.<\/p>\n<\/div>\n<div id=\"element-body-2\">\n<blockquote class=\"twitter-tweet\">\n<p lang=\"es\" dir=\"ltr\">\ud83d\ude33El VIDRIO que CORT\u00d3 a LEANDRO BREY en el cuello arrojado desde la tribuna de Newell&#8217;s.<\/p>\n<p>\u26a0\ufe0fSi era en <a rel=\"nofollow\" target=\"_blank\" href=\"https:\/\/twitter.com\/hashtag\/LaBombonera?src=hash&amp;ref_src=twsrc%5Etfw\">#LaBombonera<\/a>, la &#8216;fiscal&#8217; ya la estaba clausurando. <a rel=\"nofollow\" target=\"_blank\" href=\"https:\/\/t.co\/93cjSdi0Ac\">pic.twitter.com\/93cjSdi0Ac<\/a><\/p>\n<p>\u2014 Boca Juniors &#8211; La12Tuittera (@la12tuittera) <a rel=\"nofollow\" target=\"_blank\" href=\"https:\/\/twitter.com\/la12tuittera\/status\/1906472834475700597?ref_src=twsrc%5Etfw\">March 30, 2025<\/a><\/p><\/blockquote>\n<\/div>\n<div id=\"element-body-3\">\n<p>Sin embargo, justo antes de empezar el encuentro, cuando Marches\u00edn se acerc\u00f3 al arco, le tiraron una lata. El arquero fue a hablar con el \u00e1rbitro Dario Herrera, quien enseguida llam\u00f3 a los encargados de seguridad. Cuando parec\u00eda calmado el tema, el ex Lan\u00fas regres\u00f3 hacia el arco y nuevamente cayeron un par de latitas, de las que se utilizan para hacer bengalas de humo.<\/p>\n<\/div>\n<div id=\"element-body-4\">\n<p>El gesto de incredulidad del t\u00e9cnico Fernando Gago cuando otra vez ca\u00edan latas en el \u00e1rea mientras se acercaba Marches\u00edn fue elocuente. Hubo otra vez una peque\u00f1a reuni\u00f3n entre las autoridades, incluidas las de la Liga, y tras otros minutos de demora, el juego pudo comenzar. En la \u00faltima llegada a su \u00e1rea, Marches\u00edn levant\u00f3 los pulgares hacia la gente en gesto de amistad y para que se terminen las agresiones.<\/p>\n<\/div>\n<p><script async src=\"\/\/platform.twitter.com\/widgets.js\" charset=\"utf-8\"><\/script><br \/>\n<br \/><br \/>\n<br \/><a href=\"https:\/\/www.clarin.com\/deportes\/agredieron-leandro-brey-vidrio-cuello-arranque-newells-vs-boca-rosario_0_crAQVfAKqP.html\">Fuente Clarin.com <\/a><\/p>\n","protected":false},"excerpt":{"rendered":"<p>El encuentro en el Coloso Marcelo Bielsa entre Newell\u2019s y Boca comenz\u00f3 con un hecho de violencia que incre\u00edblemente fue minimizado por las autoridades arbitrales y tambi\u00e9n del arquero xeneize Leandro Brey, quien mientras realizaba la entrada en calor fue alcanzado por un pedazo de vidrio que le tiraron desde la popular local y que [&hellip;]<\/p>\n","protected":false},"author":1,"featured_media":16518,"comment_status":"open","ping_status":"open","sticky":false,"template":"","format":"standard","meta":{"footnotes":""},"categories":[2],"tags":[14420,733,2161,707,9411,18,2594,100,858,7304,1806,6514],"class_list":["post-16517","post","type-post","status-publish","format-standard","has-post-thumbnail","hentry","category-ultimas-noticias","tag-agredieron","tag-antes","tag-arranque","tag-boca","tag-brey","tag-con","tag-cuello","tag-del","tag-leandro","tag-newells","tag-rosario","tag-vidrio"],"_links":{"self":[{"href":"https:\/\/13.com.ar\/index.php\/wp-json\/wp\/v2\/posts\/16517","targetHints":{"allow":["GET"]}}],"collection":[{"href":"https:\/\/13.com.ar\/index.php\/wp-json\/wp\/v2\/posts"}],"about":[{"href":"https:\/\/13.com.ar\/index.php\/wp-json\/wp\/v2\/types\/post"}],"author":[{"embeddable":true,"href":"https:\/\/13.com.ar\/index.php\/wp-json\/wp\/v2\/users\/1"}],"replies":[{"embeddable":true,"href":"https:\/\/13.com.ar\/index.php\/wp-json\/wp\/v2\/comments?post=16517"}],"version-history":[{"count":0,"href":"https:\/\/13.com.ar\/index.php\/wp-json\/wp\/v2\/posts\/16517\/revisions"}],"wp:featuredmedia":[{"embeddable":true,"href":"https:\/\/13.com.ar\/index.php\/wp-json\/wp\/v2\/media\/16518"}],"wp:attachment":[{"href":"https:\/\/13.com.ar\/index.php\/wp-json\/wp\/v2\/media?parent=16517"}],"wp:term":[{"taxonomy":"category","embeddable":true,"href":"https:\/\/13.com.ar\/index.php\/wp-json\/wp\/v2\/categories?post=16517"},{"taxonomy":"post_tag","embeddable":true,"href":"https:\/\/13.com.ar\/index.php\/wp-json\/wp\/v2\/tags?post=16517"}],"curies":[{"name":"wp","href":"https:\/\/api.w.org\/{rel}","templated":true}]}}