{"id":16515,"date":"2025-03-30T20:01:28","date_gmt":"2025-03-30T23:01:28","guid":{"rendered":"https:\/\/13.com.ar\/index.php\/dos-heridos-y-cinco-detenidos\/"},"modified":"2025-03-30T20:01:28","modified_gmt":"2025-03-30T23:01:28","slug":"dos-heridos-y-cinco-detenidos","status":"publish","type":"post","link":"https:\/\/13.com.ar\/index.php\/dos-heridos-y-cinco-detenidos\/","title":{"rendered":"dos heridos y cinco detenidos"},"content":{"rendered":"<p> <br \/>\n<\/p>\n<div id=\"cuerpo\">\n<div class=\"sc-80531b6b-0 chRIGJ container-text text-embed\" id=\"element-body-0\">\n<p>Los alardeos y amenazas por las redes sociales se trasladan a los hechos en la feroz interna que combina barrabravas y sindicalistas que pugnan por la conducci\u00f3n de un gremio en La Plata. Emergi\u00f3 con crudeza en los enfrentamientos registrados esta semana en el Hospital San Roque de Gonnet y se repitieron el s\u00e1bado en una avenida c\u00e9ntrica de Berisso.<\/p>\n<\/div>\n<div class=\"sc-80531b6b-0 chRIGJ container-text text-embed\" id=\"element-body-1\">\n<p>Para poner algo de contexto: en la capital bonaerense y la regi\u00f3n se libra una <strong>batalla por el manejo de la seccional local de la Uocra<\/strong> entre dos sectores pesados: la facci\u00f3n \u201cLos Leales\u201d de la barra de Estudiantes, liderada por Iv\u00e1n Tobar (44), recientemente detenido por dos causas diferentes.<\/p>\n<\/div>\n<div class=\"sc-80531b6b-0 chRIGJ container-text text-embed\" id=\"element-body-2\">\n<p>Y, del otro lado, grupos cercanos a <strong>Cristian \u201cEl Volador\u201d Camilleri<\/strong>, capo de la hinchada de Gimnasia y Esgrima y apadrinado por la \u201cfamilia\u201d del hist\u00f3rico secretario del gremio de construcci\u00f3n Juan Pablo \u201cEl Pata\u201d Medina. Ese barra termin\u00f3 herido en el ataque frente al hospital y jur\u00f3 \u201cvenganza\u201d con un video que grab\u00f3 con su celular desde una camilla.<\/p>\n<\/div>\n<div class=\"sc-80531b6b-0 chRIGJ container-text text-embed\" id=\"element-body-3\">\n<p>Parece que aprovech\u00f3 la &#8220;ca\u00edda&#8221; de su contrincante, preso desde el jueves, para llevar adelante la advertencia.<\/p>\n<\/div>\n<div class=\"sc-80531b6b-0 chRIGJ container-text text-embed\" id=\"element-body-4\">\n<p>Los hechos del s\u00e1bado est\u00e1n vinculados con esa pelea. Cerca de las 20 en la avenida c\u00e9ntrica Nueva York, entre 169 y 170, de la localidad vecina a La Plata, un grupo de la Uocra, presuntamente ligado al sector de Medina, <strong>atac\u00f3 a una pareja identificada con el grupo de Tobar<\/strong>. Hubo una emboscada, bajaron varios hombres de un auto en pleno centro y comenzaron a los golpes y palazos.<\/p>\n<\/div>\n<div class=\"sc-80531b6b-0 chRIGJ container-text text-embed\" id=\"element-body-5\">\n<p>Todo qued\u00f3 registrado en videos que despu\u00e9s se hicieron virales. El fiscal Gonzalo Petit Bosnic, que interviene tambi\u00e9n en la causa por lo ocurrido en Gonnet, pidi\u00f3 el arresto de cinco miembros de \u201cLos Medina\u201d, aliados a \u201cEl Volador\u201d Camilleri.<\/p>\n<\/div>\n<div class=\"sc-80531b6b-0 chRIGJ container-text text-embed\" id=\"element-body-6\">\n<p>Cuando lleg\u00f3 la polic\u00eda por un llamado al 911, asistieron a la pareja y salieron a buscar a los presuntos agresores que escaparon en un Chevrolet Onix. A las pocas cuadras los encontraron y fueron arrestados. Los identificaron como <strong>Ezequiel Altamirano Ezequiel (28), Alejandro Mendoza (34), Rub\u00e9n Mansilla (36), Junior Ben\u00edtez Rojas (32) <\/strong>y<strong> Tito Rafael Ben\u00edtez Rojas (34).<\/strong><\/p>\n<\/div>\n<div class=\"sc-98b114a2-0 bkqiHH image-embed  image-embed \" id=\"element-body-7\"><picture class=\"sc-98b114a2-1 jRUlDm\"><source media=\"(min-width: 975px)\" width=\"720\" height=\"480\" \/><img alt=\"El Chevrolet Onix en el que se movilizaban los barras sindicalistas de la Uocra.\" loading=\"lazy\" width=\"720\" height=\"480\" decoding=\"async\" data-nimg=\"1\" style=\"color:transparent\" src=\"https:\/\/13.com.ar\/wp-content\/uploads\/2025\/03\/dos-heridos-y-cinco-detenidos.jpg\"\/><span class=\"epigraphe\">El Chevrolet Onix en el que se movilizaban los barras sindicalistas de la Uocra.<\/span><span class=\"picture-open\"><button class=\"open-image\" aria-label=\"Open Image\"\/><\/span><\/picture><\/div>\n<div class=\"sc-80531b6b-0 chRIGJ container-text text-embed\" id=\"element-body-8\">\n<p>Los imputaron por amenazas agravadas por el uso de arma de fuego y lesiones agravadas. Permanecen en una dependencia policial.<\/p>\n<\/div>\n<div class=\"sc-80531b6b-0 chRIGJ container-text text-embed\" id=\"element-body-9\">\n<p>Petis Bosnic es quien tambi\u00e9n este fin de semana encontr\u00f3 pruebas para imputar a Tobar, a dos de sus hijos y a otras cinco personas como responsables de los incidentes que incluyeron balazos, golpizas a palos, trompadas y da\u00f1os en el Hospital el martes pasado.<\/p>\n<\/div>\n<div class=\"sc-80531b6b-0 chRIGJ container-text text-embed\" id=\"element-body-10\">\n<p>Tobar de 44 a\u00f1os, alias &#8220;El General&#8221;, a cargo de la facci\u00f3n <strong>&#8220;Los Leales&#8221;<\/strong> de la hinchada de Estudiantes, qued\u00f3 imputado por &#8220;tentativa de homicidio&#8221; y por las lesiones contra Fernando Nicol\u00e1s Sanconi, alias &#8220;Fernandito&#8221; lugarteniente de la barra de Gimnasia, atacado en la v\u00eda p\u00fablica antes de la pelea en el centro asistencial.<\/p>\n<\/div>\n<div class=\"sc-c2c2a3c6-0 ecgiEX border-video video-embed horizontal border-video video-embed horizontal\" id=\"element-body-11\">\n<div class=\"sc-c2c2a3c6-1 kQhBlc videoText videoText\">\n<h2>Video<\/h2>\n<p>Pelea entre barras de Estudiantes y Gimnasia en el Hospital de Gonnet<\/p>\n<\/div>\n<\/div>\n<div class=\"sc-80531b6b-0 chRIGJ container-text text-embed\" id=\"element-body-12\">\n<p>La fiscal\u00eda tambi\u00e9n orden\u00f3 seis allanamientos en la zona de Villa Catella y otros sitios de Ensenada, donde secuestraron banderas y bombos de la hinchada de Estudiantes, adem\u00e1s de ropa que identifica al sector de Iv\u00e1n Tobar, como supuesto \u201cconductor\u201d de la filial platense de la Uocra.<\/p>\n<\/div>\n<div class=\"sc-80531b6b-0 chRIGJ container-text text-embed\" id=\"element-body-13\">\n<p>El s\u00e1bado adem\u00e1s hubo pedido de detenci\u00f3n a los <strong>hijos del barrabrava pincharrata y referente de la Agrupaci\u00f3n Azul y Blanca<\/strong> que se disputa el control del gremio: <strong>Rodrigo y Santiago Tobar<\/strong>. Los j\u00f3venes y al menos otras seis personas se encuentran pr\u00f3fugos y son buscados por la Polic\u00eda Bonaerense.<\/p>\n<\/div>\n<div class=\"sc-80531b6b-0 chRIGJ container-text text-embed\" id=\"element-body-14\">\n<p>El cruce entre los barras de los dos principales clubes de la ciudad que se enfrentaron en la puerta del centro de salud de 19 y 508 termin\u00f3 con al menos cuatro heridos, entre ellos el l\u00edder de la barra tripera Cristian Camilleri, m\u00e1s conocido como &#8220;El Volador&#8221;.<\/p>\n<\/div>\n<div class=\"sc-80531b6b-0 chRIGJ container-text text-embed\" id=\"element-body-15\">\n<p>La investigaci\u00f3n que llev\u00f3 a la detenci\u00f3n de Tobar incluy\u00f3 el an\u00e1lisis de c\u00e1maras que ubican una <strong>&#8220;caravana de Estudiantes, partiendo de Galp\u00f3n Uocra (el de 526 entre 23 y 24) en varios veh\u00edculos&#8221;.<\/strong> Tras ese an\u00e1lisis, que incluy\u00f3 a las redes sociales Facebook, TikTok e Instagram y seguimientos, &#8220;se logr\u00f3 individualizar agresores, solicit\u00e1ndose ordenes de allanamientos y detenciones&#8221;.<\/p>\n<\/div>\n<div class=\"sc-80531b6b-0 chRIGJ container-text text-embed\" id=\"element-body-16\">\n<p>Es la din\u00e1mica habitual de estas organizaciones. Casi todas las acciones las graban y las publican en redes.<\/p>\n<\/div>\n<div class=\"sc-80531b6b-0 chRIGJ container-text text-embed\" id=\"element-body-17\">\n<p>De hecho, el detonante de la pelea en Gonnet fue la filmaci\u00f3n de un encuentro entre un hincha de Gimnasia (de segunda l\u00ednea) que se cruz\u00f3 con Tobar en el paraje de Atalaya, en la ruta 2. All\u00ed lo habr\u00eda invitado a pelear &#8220;mano a mano; vos y yo&#8221; y como Tobar rechaz\u00f3 la propuesta le advirti\u00f3 que<strong> &#8220;voy a subir a las redes para que veas que sos un cag\u00f3n&#8221;<\/strong>.<\/p>\n<\/div>\n<div class=\"sc-80531b6b-0 chRIGJ container-text text-embed\" id=\"element-body-18\">\n<p>Ahora, en Berisso se volvi\u00f3 a repetir: \u201cEl Volador\u201d amenaz\u00f3, habr\u00eda concretado la acci\u00f3n y cuatro de los de su grupo fueron detenidos. La pelea se concreta en varios frentes y en diferentes puntos de la regi\u00f3n capital.<\/p>\n<\/div>\n<p><h2>Otra causa contra Tobar<\/h2>\n<\/p>\n<div class=\"sc-80531b6b-0 chRIGJ container-text text-embed\" id=\"element-body-20\">\n<p>Tobar est\u00e1 detenido desde el jueves, pero por otra causa: <strong>amenazas coactivas agravadas contra un juez<\/strong>, en un proceso que est\u00e1 en la Justicia Federal y que se denunci\u00f3 en 2022. Cuando sali\u00f3 la orden se entreg\u00f3 en 120 y 36 y el viernes se neg\u00f3 a declarar ante el juez Ernesto Kreplak.<\/p>\n<\/div>\n<div class=\"sc-80531b6b-0 chRIGJ container-text text-embed\" id=\"element-body-21\">\n<p>En ese tr\u00e1mite judicial le agregaron cargos: lo acusan de ser jefe de una asociaci\u00f3n il\u00edcita dedicada al lavado de activos, robos, encubrimientos y amenazas. En los operativos que se realizaron el jueves en instalaciones de la Uocra de las localidades de Tolosa, Berisso, Ensenada y en domicilios de la Ciudad de Buenos Aires. En total fueron 22 inmuebles allanados.<\/p>\n<\/div>\n<div class=\"sc-80531b6b-0 chRIGJ container-text text-embed\" id=\"element-body-22\">\n<p>Secuestraron veh\u00edculos, motos, 9 millones de pesos; m\u00e1s de medio centenar de armas, celulares y otros elementos. Seg\u00fan fuentes de la investigaci\u00f3n, la Justicia sospecha que Tobar ser\u00eda el l\u00edder de una organizaci\u00f3n delictiva dedicada al lavado de activos, amenazas, encubrimiento, robos y otros delitos. La imputaci\u00f3n fue notificada a las partes del proceso, trascendi\u00f3 en Tribunales.<\/p>\n<\/div>\n<div class=\"sc-80531b6b-0 chRIGJ container-text text-embed\" id=\"element-body-23\">\n<p><strong>La Plata. Corresponsal\u00eda<\/strong><\/p>\n<\/div>\n<\/div>\n<p><br \/>\n<br \/><a href=\"https:\/\/www.clarin.com\/sociedad\/pelea-barras-gimnasia-estudiantes-manejo-uocra-plata-heridos-detenidos_0_9lGObNXkVe.html\">Fuente Clarin.com <\/a><\/p>\n","protected":false},"excerpt":{"rendered":"<p>Los alardeos y amenazas por las redes sociales se trasladan a los hechos en la feroz interna que combina barrabravas y sindicalistas que pugnan por la conducci\u00f3n de un gremio en La Plata. Emergi\u00f3 con crudeza en los enfrentamientos registrados esta semana en el Hospital San Roque de Gonnet y se repitieron el s\u00e1bado en [&hellip;]<\/p>\n","protected":false},"author":1,"featured_media":16516,"comment_status":"open","ping_status":"open","sticky":false,"template":"","format":"standard","meta":{"footnotes":""},"categories":[2],"tags":[567,3791,59,568],"class_list":["post-16515","post","type-post","status-publish","format-standard","has-post-thumbnail","hentry","category-ultimas-noticias","tag-cinco","tag-detenidos","tag-dos","tag-heridos"],"_links":{"self":[{"href":"https:\/\/13.com.ar\/index.php\/wp-json\/wp\/v2\/posts\/16515","targetHints":{"allow":["GET"]}}],"collection":[{"href":"https:\/\/13.com.ar\/index.php\/wp-json\/wp\/v2\/posts"}],"about":[{"href":"https:\/\/13.com.ar\/index.php\/wp-json\/wp\/v2\/types\/post"}],"author":[{"embeddable":true,"href":"https:\/\/13.com.ar\/index.php\/wp-json\/wp\/v2\/users\/1"}],"replies":[{"embeddable":true,"href":"https:\/\/13.com.ar\/index.php\/wp-json\/wp\/v2\/comments?post=16515"}],"version-history":[{"count":0,"href":"https:\/\/13.com.ar\/index.php\/wp-json\/wp\/v2\/posts\/16515\/revisions"}],"wp:featuredmedia":[{"embeddable":true,"href":"https:\/\/13.com.ar\/index.php\/wp-json\/wp\/v2\/media\/16516"}],"wp:attachment":[{"href":"https:\/\/13.com.ar\/index.php\/wp-json\/wp\/v2\/media?parent=16515"}],"wp:term":[{"taxonomy":"category","embeddable":true,"href":"https:\/\/13.com.ar\/index.php\/wp-json\/wp\/v2\/categories?post=16515"},{"taxonomy":"post_tag","embeddable":true,"href":"https:\/\/13.com.ar\/index.php\/wp-json\/wp\/v2\/tags?post=16515"}],"curies":[{"name":"wp","href":"https:\/\/api.w.org\/{rel}","templated":true}]}}