{"id":16513,"date":"2025-03-30T19:43:36","date_gmt":"2025-03-30T22:43:36","guid":{"rendered":"https:\/\/13.com.ar\/index.php\/el-dolor-de-franco-colapinto-y-del-mundo-de-la-formula-1-por-la-muerte-del-historico-camarografo-argentino-ulises-panizza\/"},"modified":"2025-03-30T19:43:36","modified_gmt":"2025-03-30T22:43:36","slug":"el-dolor-de-franco-colapinto-y-del-mundo-de-la-formula-1-por-la-muerte-del-historico-camarografo-argentino-ulises-panizza","status":"publish","type":"post","link":"https:\/\/13.com.ar\/index.php\/el-dolor-de-franco-colapinto-y-del-mundo-de-la-formula-1-por-la-muerte-del-historico-camarografo-argentino-ulises-panizza\/","title":{"rendered":"El dolor de Franco Colapinto y del mundo de la F\u00f3rmula 1 por la muerte del hist\u00f3rico camar\u00f3grafo argentino Ulises Panizza"},"content":{"rendered":"<p> <br \/>\n<br \/><img decoding=\"async\" src=\"https:\/\/13.com.ar\/wp-content\/uploads\/2025\/03\/El-dolor-de-Franco-Colapinto-y-del-mundo-de-la.jpg\" \/><\/p>\n<div id=\"element-body-0\">\n<p>El mundo del automovilismo llora por la muerte de Ulises Panizza, el camar\u00f3grafo argentino de la transmisi\u00f3n oficial de la F\u00f3rmula 1. C<strong>on Franco Colapinto<\/strong> a la cabeza, todo el ambiente que rodea al Gran Circo lo despidi\u00f3 con conmovedores mensajes.<\/p>\n<\/div>\n<div id=\"element-body-1\">\n<p>El piloto pilarense que espera su lugar en Alpine le dedic\u00f3 unas sentidas palabras a Panizza, con quien comparti\u00f3 grandes momentos desde septiembre del a\u00f1o pasado, cuando irrumpi\u00f3 en la F\u00f3rmula 1 en el Gran Premio de Monza: &#8220;Un grande Uli, siempre dejando todo, \u00a1te vamos a extra\u00f1ar! Qu\u00e9 lindo haber compartido juntos mis primeras carreras en F1. Mucha fuerza para toda la familia&#8221;.<\/p>\n<\/div>\n<div id=\"element-body-3\">\n<p>&#8220;Todav\u00eda no lo puedo creer. No sab\u00e9s c\u00f3mo te voy a extra\u00f1ar. Hermano, amigo, compa\u00f1ero de aventuras. S\u00faper profesional y una persona \u00daNICA. La F1 ni ser\u00e1 lo mismo sin vos. ULI D.E.P&#8221;, escribi\u00f3 Juan Fossaroli, una de las caras de las transmisiones de ESPN y Fox Sports.<\/p>\n<\/div>\n<div id=\"element-body-5\">\n<p>Su compa\u00f1ero espa\u00f1ol, Albert Fabregasu, otro de los compa\u00f1eros con quien compart\u00eda el paddock, tambi\u00e9n se mostr\u00f3 muy conmovido: &#8221; LA F1 ser\u00e1 m\u00e1s triste, fr\u00eda y gris sin ti, Uli. Cuanto te vamos a echar de menos. Cuanto te voy a echar de menos. Qu\u00e9 dif\u00edcil va a ser sin tu sonrisa. Descansa en paz, amigo. Nunca te olvidaremos. Siempre con nosotros, papi&#8221;.<\/p>\n<\/div>\n<div id=\"element-body-7\">\n<p>Pero Colapinto no fue el \u00fanico piloto que record\u00f3 al camar\u00f3grafo argentino: &#8220;Muy triste por la partida de nuestro querido Uli. Se va a extra\u00f1ar su alegr\u00eda y su sentido del humor. Descansa en paz, hermano&#8221;.<\/p>\n<\/div>\n<div id=\"element-body-9\">\n<p>Panizza comenz\u00f3 a trabajar como camar\u00f3grafo en el a\u00f1o 2012 en Fox Sports y desde entonces hizo un gran recorrido que lo depositaron como el responsable de las notas y las im\u00e1genes que se vieron por la pantalla de ESPN en los \u00faltimos a\u00f1os.<\/p>\n<\/div>\n<p><br \/>\n<br \/><a href=\"https:\/\/www.clarin.com\/deportes\/dolor-franco-colapinto-mundo-formula-1-muerte-historico-camarografo-argentino-ulises-panizza_0_4Nc3NrtYjI.html\">Fuente Clarin.com <\/a><\/p>\n","protected":false},"excerpt":{"rendered":"<p>El mundo del automovilismo llora por la muerte de Ulises Panizza, el camar\u00f3grafo argentino de la transmisi\u00f3n oficial de la F\u00f3rmula 1. Con Franco Colapinto a la cabeza, todo el ambiente que rodea al Gran Circo lo despidi\u00f3 con conmovedores mensajes. El piloto pilarense que espera su lugar en Alpine le dedic\u00f3 unas sentidas palabras [&hellip;]<\/p>\n","protected":false},"author":1,"featured_media":16514,"comment_status":"open","ping_status":"open","sticky":false,"template":"","format":"standard","meta":{"footnotes":""},"categories":[2],"tags":[508,8009,1053,100,3219,3016,3011,752,1506,143,14419,142,4005],"class_list":["post-16513","post","type-post","status-publish","format-standard","has-post-thumbnail","hentry","category-ultimas-noticias","tag-argentino","tag-camarografo","tag-colapinto","tag-del","tag-dolor","tag-formula","tag-franco","tag-historico","tag-muerte","tag-mundo","tag-panizza","tag-por","tag-ulises"],"_links":{"self":[{"href":"https:\/\/13.com.ar\/index.php\/wp-json\/wp\/v2\/posts\/16513","targetHints":{"allow":["GET"]}}],"collection":[{"href":"https:\/\/13.com.ar\/index.php\/wp-json\/wp\/v2\/posts"}],"about":[{"href":"https:\/\/13.com.ar\/index.php\/wp-json\/wp\/v2\/types\/post"}],"author":[{"embeddable":true,"href":"https:\/\/13.com.ar\/index.php\/wp-json\/wp\/v2\/users\/1"}],"replies":[{"embeddable":true,"href":"https:\/\/13.com.ar\/index.php\/wp-json\/wp\/v2\/comments?post=16513"}],"version-history":[{"count":0,"href":"https:\/\/13.com.ar\/index.php\/wp-json\/wp\/v2\/posts\/16513\/revisions"}],"wp:featuredmedia":[{"embeddable":true,"href":"https:\/\/13.com.ar\/index.php\/wp-json\/wp\/v2\/media\/16514"}],"wp:attachment":[{"href":"https:\/\/13.com.ar\/index.php\/wp-json\/wp\/v2\/media?parent=16513"}],"wp:term":[{"taxonomy":"category","embeddable":true,"href":"https:\/\/13.com.ar\/index.php\/wp-json\/wp\/v2\/categories?post=16513"},{"taxonomy":"post_tag","embeddable":true,"href":"https:\/\/13.com.ar\/index.php\/wp-json\/wp\/v2\/tags?post=16513"}],"curies":[{"name":"wp","href":"https:\/\/api.w.org\/{rel}","templated":true}]}}