{"id":16511,"date":"2025-03-30T19:34:41","date_gmt":"2025-03-30T22:34:41","guid":{"rendered":"https:\/\/13.com.ar\/index.php\/recorridas-y-medios-para-adorni-y-un-festejo-bien-karinista\/"},"modified":"2025-03-30T19:34:41","modified_gmt":"2025-03-30T22:34:41","slug":"recorridas-y-medios-para-adorni-y-un-festejo-bien-karinista","status":"publish","type":"post","link":"https:\/\/13.com.ar\/index.php\/recorridas-y-medios-para-adorni-y-un-festejo-bien-karinista\/","title":{"rendered":"recorridas y medios para Adorni y un festejo bien karinista"},"content":{"rendered":"<p> <br \/>\n<br \/><img decoding=\"async\" src=\"https:\/\/13.com.ar\/wp-content\/uploads\/2025\/03\/recorridas-y-medios-para-Adorni-y-un-festejo-bien-karinista.jpg\" \/><\/p>\n<div id=\"element-body-0\">\n<p>Para<strong> La Libertad Avanza<\/strong> la elecci\u00f3n en CABA tiene proyecci\u00f3n nacional y por eso apuesta a todo o nada en una competencia que ser\u00e1 re\u00f1ida con un peronismo fortalecido por la disparidad de ofertas de las fuerzas del centro-derecha. Con <strong>Manuel Adorni<\/strong> a la cabeza de la boleta, y la karinista <strong>Pilar Ramirez<\/strong> como jefa de campa\u00f1a, la etapa proselitista de LLA acelerar\u00e1 desde este mi\u00e9rcoles con recorridas por distintas barrios y apariciones en los medios del vocero presidencial.<\/p>\n<\/div>\n<div id=\"element-body-1\">\n<p>Este domingo por la noche <strong>Karina Milei encabezar\u00e1 un festejo privado tras haber cumplido el viernes 52 a\u00f1os<\/strong>. Al encuentro concurrir\u00e1n unas 20 personas, entre ellas el Presidente, Ram\u00edrez y su esposo, <strong>Dar\u00edo Wasserman,<\/strong> vicepresidente del Banco Naci\u00f3n, pero el mismo no estar\u00e1 vinculado a la etapa proselitista que comienza sino m\u00e1s bien a una celebraci\u00f3n \u00edntima que la homenajeada compartir\u00e1 con amigos y familiares.<\/p>\n<\/div>\n<div id=\"element-body-2\">\n<p>Fue durante su cumplea\u00f1os cuando &#8220;El Jefe&#8221; decidi\u00f3 oficializar a Adorni como cabeza de lista en la sede partidaria de avenida de Mayo 605. La secretaria general de la Presidencia pudo imponer la mayor parte de los nombres con chances de ocupar un lugar en la Legislatura porte\u00f1a a partir del 10 de diciembre. El segundo lugar qued\u00f3 para Solana Pelayo, directora del Banco Naci\u00f3n, y el tercero, para Nicol\u00e1s Pakgojz, titular del AABE y secretario general de LLA CABA, y el cuarto para Andrea Freguia, secretaria parlamentaria y coordinadora comunal de LLA en la Ciudad. Si los dos primeros est\u00e1n vinculados al matrimonio de Ramirez-Wasserman, el tercero lo est\u00e1 a &#8220;Lule&#8221; Menem. En \u00faltima instancia, todos de extrema confianza de la presidenta del partido a nivel nacional.<\/p>\n<\/div>\n<div id=\"element-body-3\">\n<p>En el armado de la lista, sin embargo, quedaron afuera dirigentes que hab\u00edan acompa\u00f1ado a Karina en la primera convocatoria para juntar afiliaciones, realizada en abril de 2024 en un local de Palermo, como el gastron\u00f3mico<strong> Juan Pablo Scalese. <\/strong>Con el paso de los meses, Ram\u00edrez fue ganando influencia y no s\u00f3lo se qued\u00f3 con la presidencia del bloque de LLA a nivel local sino que se impuso como conductora del partido.<\/p>\n<\/div>\n<div id=\"element-body-4\">\n<p>Como sea, los estrategas de campa\u00f1a organizan las primeras bajadas de Adorni, con otros candidatos, para esta semana. Seguramente tambi\u00e9n participar\u00e1 la titular del bloque libertario en CABA y representantes del armado de <strong>Patricia Bullrich,<\/strong> como <strong>Juan Pablo Arenaza,<\/strong> que ocupa en quinto lugar en la lista de candidatos a legisladores porte\u00f1os.<\/p>\n<\/div>\n<div id=\"element-body-5\">\n<p>El vocero presidencial continuar\u00e1 con su labor en el gabinete nacional hasta diciembre, lo que ha llevado a la candidata de la Coalici\u00f3n C\u00edvica,<strong> Paula Olivetto<\/strong>, a pedir su renuncia al denunciar supuestas incompatibilidades. El temor de la fuerza que lidera <strong>Elisa Carri\u00f3<\/strong> es que el portavoz aproveche su cargo para sacar una posible ventaja frente a sus competidores en los comicios del 18 de mayo pr\u00f3ximo.<\/p>\n<\/div>\n<div id=\"element-body-6\">\n<p>En un sector del oficialismo, adem\u00e1s, hay temor que la candidatura del portavoz resulte al final de cuenta, esto es en diciembre pr\u00f3ximo, <strong>&#8220;testimonial&#8221; y<\/strong> no se avenga a ocupar su banca. Sin embargo, en Casa Rosada salieron a desmentir esas elucubraciones y reafirmaron que el postulante representar\u00e1 a la fuerza en el parlamento porte\u00f1o.<\/p>\n<\/div>\n<div id=\"element-body-7\">\n<p>Si bien <strong>Santiago Caputo<\/strong> no pudo incluir a ning\u00fan dirigente de su confianza en la lista de postulantes de CABA, si participa de la estrategia de campa\u00f1a, en especial, de la discusi\u00f3n del \u00e1gora digital que representan las redes sociales. &#8220;Tenemos un relato claro, es el proyecto nacional de Milei. Y el PRO tiene un problema en ese sentido, est\u00e1 entrampado: porque por el lado de la gesti\u00f3n lo corre (Horacio Rodr\u00edguez) Larreta y por la demanda de mejores servicios p\u00fablicos, (Leandro) Santoro. Es una gesti\u00f3n desgastada y nosotros somos lo nuevo&#8221;, explic\u00f3 a este diario un colaborador del influyente asesor presidencial. <\/p>\n<\/div>\n<div id=\"element-body-8\">\n<p>Si bien en el Gobierno hay optimismo en lo que ser\u00e1 una elecci\u00f3n de proyecci\u00f3n nacional, tambi\u00e9n surgen disonancias por la lista  conformada y la reciente ruptura con el legislador y ahora candidato <strong>Ramiro Marra (UCD)<\/strong>. &#8220;<strong>La candidatura de Adorni es buena para retener el n\u00facleo duro pero no te permite sumar por otro lado<\/strong>&#8220;, conjetur\u00f3 una calificada fuente libertaria consultada.<\/p>\n<\/div>\n<p><br \/>\n<br \/><a href=\"https:\/\/www.clarin.com\/politica\/lla-acelera-campana-caba-recorridas-medios-adorni-festejo-bien-karinista_0_uyU5lc3xm8.html\">Fuente Clarin.com <\/a><\/p>\n","protected":false},"excerpt":{"rendered":"<p>Para La Libertad Avanza la elecci\u00f3n en CABA tiene proyecci\u00f3n nacional y por eso apuesta a todo o nada en una competencia que ser\u00e1 re\u00f1ida con un peronismo fortalecido por la disparidad de ofertas de las fuerzas del centro-derecha. Con Manuel Adorni a la cabeza de la boleta, y la karinista Pilar Ramirez como jefa [&hellip;]<\/p>\n","protected":false},"author":1,"featured_media":16512,"comment_status":"open","ping_status":"open","sticky":false,"template":"","format":"standard","meta":{"footnotes":""},"categories":[2],"tags":[7355,2385,478,14418,4536,16,14417],"class_list":["post-16511","post","type-post","status-publish","format-standard","has-post-thumbnail","hentry","category-ultimas-noticias","tag-adorni","tag-bien","tag-festejo","tag-karinista","tag-medios","tag-para","tag-recorridas"],"_links":{"self":[{"href":"https:\/\/13.com.ar\/index.php\/wp-json\/wp\/v2\/posts\/16511","targetHints":{"allow":["GET"]}}],"collection":[{"href":"https:\/\/13.com.ar\/index.php\/wp-json\/wp\/v2\/posts"}],"about":[{"href":"https:\/\/13.com.ar\/index.php\/wp-json\/wp\/v2\/types\/post"}],"author":[{"embeddable":true,"href":"https:\/\/13.com.ar\/index.php\/wp-json\/wp\/v2\/users\/1"}],"replies":[{"embeddable":true,"href":"https:\/\/13.com.ar\/index.php\/wp-json\/wp\/v2\/comments?post=16511"}],"version-history":[{"count":0,"href":"https:\/\/13.com.ar\/index.php\/wp-json\/wp\/v2\/posts\/16511\/revisions"}],"wp:featuredmedia":[{"embeddable":true,"href":"https:\/\/13.com.ar\/index.php\/wp-json\/wp\/v2\/media\/16512"}],"wp:attachment":[{"href":"https:\/\/13.com.ar\/index.php\/wp-json\/wp\/v2\/media?parent=16511"}],"wp:term":[{"taxonomy":"category","embeddable":true,"href":"https:\/\/13.com.ar\/index.php\/wp-json\/wp\/v2\/categories?post=16511"},{"taxonomy":"post_tag","embeddable":true,"href":"https:\/\/13.com.ar\/index.php\/wp-json\/wp\/v2\/tags?post=16511"}],"curies":[{"name":"wp","href":"https:\/\/api.w.org\/{rel}","templated":true}]}}