{"id":16509,"date":"2025-03-30T19:31:29","date_gmt":"2025-03-30T22:31:29","guid":{"rendered":"https:\/\/13.com.ar\/index.php\/el-riesgo-k-el-dilema-porteno-de-milei-y-una-deuda-millonaria-que-acecha-la-campana\/"},"modified":"2025-03-30T19:31:29","modified_gmt":"2025-03-30T22:31:29","slug":"el-riesgo-k-el-dilema-porteno-de-milei-y-una-deuda-millonaria-que-acecha-la-campana","status":"publish","type":"post","link":"https:\/\/13.com.ar\/index.php\/el-riesgo-k-el-dilema-porteno-de-milei-y-una-deuda-millonaria-que-acecha-la-campana\/","title":{"rendered":"El riesgo K, el dilema porte\u00f1o de Milei y una deuda millonaria que acecha la campa\u00f1a"},"content":{"rendered":"<p> <br \/>\n<\/p>\n<div id=\"cuerpo\">\n<div class=\"sc-80531b6b-0 chRIGJ container-text text-embed\" id=\"element-body-0\">\n<p>El primer efecto de elecciones sin PASO acaba de quedar reflejado en el cierre de listas y alianzas en la Ciudad de Buenos Aires, con <strong>una dispersi\u00f3n de propuestas y m\u00faltiples candidaturas sat\u00e9lites<\/strong> derredor de las principales fuerzas como el oficialista PRO, el kirchnerismo y La Libertad Avanza. Lo que tambi\u00e9n denota que ninguno de sus referentes nacionales, Javier y Karina Milei, Mauricio Macri o Cristina Kirchner, ha conseguido <strong>alinear a los propios.<\/strong><\/p>\n<\/div>\n<div class=\"sc-80531b6b-0 chRIGJ container-text text-embed\" id=\"element-body-1\">\n<p>La suspensi\u00f3n de las primarias no s\u00f3lo deja de ordenar las postulaciones sino que marca <strong>un problema real para los oficialismos<\/strong> provinciales y para la Casa Rosada. Porque con las PASO, si el resultado era adverso, los gobiernos pod\u00edan usar su aparato y sus recursos para \u201ccorregir\u201d el descontento del electorado; y si les iba bien, para buscar asegurarse el triunfo y hasta ampliar la ventaja. Ahora van a ciegas, encuestas en mano.<\/p>\n<\/div>\n<div class=\"sc-80531b6b-0 chRIGJ container-text text-embed\" id=\"element-body-2\">\n<p>La de la Ciudad es una de las dos principales batallas pol\u00edticas, junto con la provincia de Buenos Aires, porque reconfigurar\u00e1n hacia fin de a\u00f1o<strong> un nuevo mapa pol\u00edtico en el pa\u00eds<\/strong>. La premisa pol\u00edtica siempre marca que el Gobierno es el que est\u00e1 obligado a ganar.<\/p>\n<\/div>\n<div class=\"sc-80531b6b-0 chRIGJ container-text text-embed\" id=\"element-body-3\">\n<p>No es casual que el PRO busque instalar que es el \u00fanico espacio que le puede poner un l\u00edmite al kirchnerismo encarnado en Leandro Santoro. Tampoco que responsabilice a Karina Milei por la negativa a una alianza macrista-libertaria. Ya sin la contenci\u00f3n del fenecido Juntos por el Cambio, <strong>la atomizaci\u00f3n del voto anti K alimenta las expectativas del peronismo porte\u00f1o.<\/strong><\/p>\n<\/div>\n<div class=\"sc-80531b6b-0 chRIGJ container-text text-embed\" id=\"element-body-4\">\n<p><em>\u201cSi bien es cierto que en la Ciudad la fragmentaci\u00f3n favorece al peronismo que seguro tiene 25 puntos, tambi\u00e9n es absolutamente cierto que los electorados se mueven para evitar que alguien gane. Y creo que la mayor\u00eda del electorado porte\u00f1o, el d\u00eda que se entere que puede llegar a ganar el peronismo, va a ser parte de un corrimiento de votos hacia la opci\u00f3n que pueda evitarlo. <\/em><strong><em>El interrogante es si el beneficiario ser\u00e1 La Libertad Avanza o el PRO<\/em><\/strong><em>\u201d<\/em>, plantea el consultor pol\u00edtico Carlos Fara.<\/p>\n<\/div>\n<div class=\"sc-98b114a2-0 bkqiHH image-embed  image-embed \" id=\"element-body-6\"><picture class=\"sc-98b114a2-1 jRUlDm\"><source media=\"(min-width: 975px)\" width=\"1200\" height=\"0\" \/><img alt=\"Candidatos. Silvia Lospennato, Hern\u00e1n Lombardi, Laura Alonso, Dar\u00edo Nieto, Roc\u00edo Figueroa y Waldo Wolff. Junto a Mauricio y Jorge Macri.\" loading=\"lazy\" width=\"1200\" height=\"0\" decoding=\"async\" data-nimg=\"1\" style=\"color:transparent\" src=\"https:\/\/13.com.ar\/wp-content\/uploads\/2025\/03\/El-riesgo-K-el-dilema-porteno-de-Milei-y-una.jpg#1743369371472.jpeg\"\/><span class=\"epigraphe\">Candidatos. Silvia Lospennato, Hern\u00e1n Lombardi, Laura Alonso, Dar\u00edo Nieto, Roc\u00edo Figueroa y Waldo Wolff. Junto a Mauricio y Jorge Macri.<\/span><span class=\"picture-open\"><button class=\"open-image\" aria-label=\"Open Image\"\/><\/span><\/picture><\/div>\n<div class=\"sc-80531b6b-0 chRIGJ container-text text-embed\" id=\"element-body-7\">\n<p>M\u00e1s all\u00e1 de que pueda ser utilizado como un recurso de marketing, hay una real inquietud sobre la performance K. Un macrista bonaerense ensaya una pregunta punzante: <em>\u201c\u00bfC\u00f3mo impactar\u00eda un posible triunfo del kirchnerismo en la Ciudad, en la pol\u00edtica y en los mercados, frente a la posibilidad de que tambi\u00e9n puedan ganar en la provincia de la mano de Kicillof o de Cristina?\u201d<\/em>. <strong>Ambos distritos representan cerca de un 45%, casi la mitad, del electorado en todo el pa\u00eds.<\/strong><\/p>\n<\/div>\n<div class=\"sc-80531b6b-0 chRIGJ container-text text-embed\" id=\"element-body-8\">\n<p>Fara cree que en los comicios en la Ciudad <em>\u201cla gesti\u00f3n de Jorge Macri va a pesar al ser una elecci\u00f3n local, y todos van a tratar a criticar lo que falta o destacar lo hecho.<\/em><strong><em> El \u00fanico que va a tratar de nacionalizar la campa\u00f1a es La Libertad Avanza para aprovechar la marca Milei,<\/em><\/strong><em> pero no tengo muy claro que les convenga plebiscitar la gesti\u00f3n del macrismo en la Ciudad\u201d<\/em>.<\/p>\n<\/div>\n<div class=\"sc-80531b6b-0 chRIGJ container-text text-embed\" id=\"element-body-9\">\n<p>El desaf\u00edo de Manuel Adorni que encabeza la lista libertaria, ser\u00e1 imponer los logros del Gobierno de Javier Milei como diferencial. Aunque estos comienzan a ponerse en duda, incluso en lo econ\u00f3mico. En la microeconom\u00eda, la baja de la inflaci\u00f3n es un hecho f\u00e1ctico pero febrero fue el decimoquinto mes de ca\u00edda del consumo en productos tan b\u00e1sicos como los alimentos. Y la macro viene sufriendo la reacci\u00f3n negativa de los mercados ante un acuerdo con el FMI, que impacta en la ca\u00edda de reservas y en el valor del d\u00f3lar, adem\u00e1s del riesgo pa\u00eds.<\/p>\n<\/div>\n<div class=\"sc-80531b6b-0 chRIGJ container-text text-embed\" id=\"element-body-10\">\n<p>Nadie lo afirma, pero otro de los contrapuntos que podr\u00edan tener macristas y libertarios en la campa\u00f1a podr\u00eda ser <strong>la deuda de unos 6 mil millones de d\u00f3lares que la Naci\u00f3n mantiene con la Ciudad<\/strong>, de acuerdo a los c\u00e1lculos en la sede de Uspallata. La dimensi\u00f3n lo marca la referencia del acuerdo con el Fondo, anunciado en 20 mil millones de d\u00f3lares.<\/p>\n<\/div>\n<div class=\"sc-80531b6b-0 chRIGJ container-text text-embed\" id=\"element-body-11\">\n<p>Esa deuda, equivalente al costo de <strong>tres l\u00edneas y media de subterr\u00e1neo<\/strong>, es por los cuatro a\u00f1os de quita de coparticipaci\u00f3n que quedaron en el limbo. Surge de lo que Naci\u00f3n no pag\u00f3 desde el recorte unilateral que Alberto Fern\u00e1ndez le aplic\u00f3 a la coparticipaci\u00f3n porte\u00f1a en setiembre de 2020, hasta la concreci\u00f3n del acuerdo en 2024 con el Gobierno libertario tras el fallo de la Corte Suprema, cuando la Naci\u00f3n le sum\u00f3 1,55 puntos a los 1,4 que ven\u00edan recibiendo las arcas porte\u00f1as.<\/p>\n<\/div>\n<p><h2>La segunda batalla electoral<\/h2>\n<\/p>\n<div class=\"sc-80531b6b-0 chRIGJ container-text text-embed\" id=\"element-body-13\">\n<p>En la otra gran pelea electoral, la de la provincia, <strong>no est\u00e1 claro si los libertarios tienen la premisa de vencer al kirchnerismo<\/strong>, a como d\u00e9 lugar, para evitar que un posible triunfo K gener\u00e9 un impacto negativo en los mercados y en los inversores, estos \u00faltimos, los extranjeros, muy interesados en el resultado de los comicios 2025.<\/p>\n<\/div>\n<div class=\"sc-80531b6b-0 chRIGJ container-text text-embed\" id=\"element-body-14\">\n<p>Al menos en el equipo que encabeza Sebasti\u00e1n Pareja, a cargo del armado bonaerense de La Libertad Avanza y monitoreado por Karina Milei,<strong> el principal objetivo hoy es ampliar la base libertaria de legisladores en la provincia y, si se puede, tambi\u00e9n ganarle al kirchnerismo<\/strong>. No ven ninguna necesidad de salir a buscar macristas o radicales para integrar un frente que asegure un triunfo.<\/p>\n<\/div>\n<div class=\"sc-80531b6b-0 chRIGJ container-text text-embed\" id=\"element-body-15\">\n<p>Aunque hay un sector del oficialismo que al parecer viene tomando nota sobre el riesgo de un triunfo de Cristina Kirchner, a quien la propia oposici\u00f3n la ubica entre 35 y 40 puntos, y de Kicillof. Hay quienes observan en esa sinton\u00eda a Mart\u00edn Menem y a Eduardo \u201cLule\u201d Menem, pero tambi\u00e9n al asesor Santiago Caputo.<\/p>\n<\/div>\n<div class=\"sc-98b114a2-0 bkqiHH image-embed  image-embed \" id=\"element-body-16\"><picture class=\"sc-98b114a2-1 jRUlDm\"><source media=\"(min-width: 975px)\" width=\"1256\" height=\"620\" \/><img alt=\"Armado electoral libertario. Sebasti\u00e1n Pareja y Eduardo &quot;Lule&quot; Menem. Foto: Federico Lopez Claro.\" loading=\"lazy\" width=\"1256\" height=\"620\" decoding=\"async\" data-nimg=\"1\" style=\"color:transparent\" src=\"https:\/\/13.com.ar\/wp-content\/uploads\/2025\/03\/El-riesgo-K-el-dilema-porteno-de-Milei-y-una.jpg#1743369488450.jpeg\"\/><span class=\"epigraphe\">Armado electoral libertario. Sebasti\u00e1n Pareja y Eduardo &#8220;Lule&#8221; Menem. Foto: Federico Lopez Claro.<\/span><span class=\"picture-open\"><button class=\"open-image\" aria-label=\"Open Image\"\/><\/span><\/picture><\/div>\n<div class=\"sc-80531b6b-0 chRIGJ container-text text-embed\" id=\"element-body-17\">\n<p>Por el momento, desde la foto de los Milei con Cristian Ritondo y Diego Santilli en Casa Rosada no hubo mucho m\u00e1s. S\u00ed se reuni\u00f3 el PRO bonaerense para aprobar su balance, un tr\u00e1mite; aceptar la renuncia de Silvia Lospennato al partido provincial porque ser\u00e1 candidata porte\u00f1a, y para designar a las juntas promotoras de cada distrito.<\/p>\n<\/div>\n<div class=\"sc-80531b6b-0 chRIGJ container-text text-embed\" id=\"element-body-18\">\n<p>De paso, se ocuparon de <strong>borrar todo vestigio de dirigentes alineados con Patricia Bullrich <\/strong>de la lista de autoridades del PRO de cada uno de los 135 municipios. De esa manera, est\u00e1 todo listo para avanzar en una alianza con los libertarios.<\/p>\n<\/div>\n<div class=\"sc-80531b6b-0 chRIGJ container-text text-embed\" id=\"element-body-19\">\n<p>Se aferran a un dato, no menos relevante. Si Kicillof decide desdoblar la elecci\u00f3n provincial, cualquier fuerza necesitar\u00e1 de unos <strong>42 mil fiscales para controlar los votos<\/strong>. En la \u00faltima elecci\u00f3n, el macrismo le aport\u00f3 ese n\u00famero a Milei, la mitad de ellos como contribuci\u00f3n de Ritondo y Santilli. En el PRO aseguran que en estas elecciones bonaerenses, ni pagando podr\u00edan conseguir esa log\u00edstica los libertarios.<\/p>\n<\/div>\n<div class=\"sc-80531b6b-0 chRIGJ container-text text-embed\" id=\"element-body-20\">\n<p>Sin embargo, el plan B sigue al alcance de la mano. <em>\u201cVamos a hacer el esfuerzo para confluir con Milei, pero <\/em><strong><em>si tenemos que ir solos, iremos solos o con una parte del radicalismo<\/em><\/strong><em>\u201d<\/em>, admite un referente macrista, en lo que podr\u00eda ser una nueva chance para una suerte de Juntos por el Cambio bonaerense. Aunque las segundas temporadas no siempre corren mejor suerte que las primeras.<\/p>\n<\/div>\n<div class=\"sc-4306f4f9-0 bAPCpp\">\n<div class=\"inner-card-m\">\n<div class=\"related-content\">\n<p><span class=\"body-title\">Mir\u00e1 tambi\u00e9n<\/span><\/p>\n<h3>Los nervios en el Gobierno y las teor\u00edas conspirativas que van desde Cristina Kirchner a Mauricio Macri<\/h3>\n<source media=\"(min-width: 975px)\" width=\"340\" height=\"340\" \/><img alt=\"Los nervios en el Gobierno y las teor\u00edas conspirativas que van desde Cristina Kirchner a Mauricio Macri\" loading=\"lazy\" width=\"340\" height=\"340\" decoding=\"async\" data-nimg=\"1\" style=\"color:transparent\" src=\"https:\/\/13.com.ar\/wp-content\/uploads\/2025\/03\/1743372631_146_La-Ciudad-no-es-el-distrito-de-Cristina-y-no.jpg\"\/><\/div>\n<\/div>\n<\/div>\n<div class=\"sc-4306f4f9-0 bAPCpp\">\n<div class=\"inner-card-m\">\n<div class=\"related-content\">\n<p><span class=\"body-title\">Mir\u00e1 tambi\u00e9n<\/span><\/p>\n<h3>Milei le reza al FMI y torea a Macri; Larreta y Marra juegan; Santoro ve una luz<\/h3>\n<source media=\"(min-width: 975px)\" width=\"340\" height=\"340\" \/><img alt=\"Milei le reza al FMI y torea a Macri; Larreta y Marra juegan; Santoro ve una luz\" loading=\"lazy\" width=\"340\" height=\"340\" decoding=\"async\" data-nimg=\"1\" style=\"color:transparent\" src=\"https:\/\/13.com.ar\/wp-content\/uploads\/2025\/03\/El-riesgo-K-el-dilema-porteno-de-Milei-y-una.jpg\"\/><\/div>\n<\/div>\n<\/div>\n<\/div>\n<p><br \/>\n<br \/><a href=\"https:\/\/www.clarin.com\/opinion\/riesgo-k-dilema-porteno-milei-deuda-millonaria-acecha-campana_0_yVBEtlY5LU.html\">Fuente Clarin.com <\/a><\/p>\n","protected":false},"excerpt":{"rendered":"<p>El primer efecto de elecciones sin PASO acaba de quedar reflejado en el cierre de listas y alianzas en la Ciudad de Buenos Aires, con una dispersi\u00f3n de propuestas y m\u00faltiples candidaturas sat\u00e9lites derredor de las principales fuerzas como el oficialista PRO, el kirchnerismo y La Libertad Avanza. Lo que tambi\u00e9n denota que ninguno de [&hellip;]<\/p>\n","protected":false},"author":1,"featured_media":16510,"comment_status":"open","ping_status":"open","sticky":false,"template":"","format":"standard","meta":{"footnotes":""},"categories":[2],"tags":[8834,2813,3259,11573,77,540,6236,456,73],"class_list":["post-16509","post","type-post","status-publish","format-standard","has-post-thumbnail","hentry","category-ultimas-noticias","tag-acecha","tag-campana","tag-deuda","tag-dilema","tag-milei","tag-millonaria","tag-porteno","tag-riesgo","tag-una"],"_links":{"self":[{"href":"https:\/\/13.com.ar\/index.php\/wp-json\/wp\/v2\/posts\/16509","targetHints":{"allow":["GET"]}}],"collection":[{"href":"https:\/\/13.com.ar\/index.php\/wp-json\/wp\/v2\/posts"}],"about":[{"href":"https:\/\/13.com.ar\/index.php\/wp-json\/wp\/v2\/types\/post"}],"author":[{"embeddable":true,"href":"https:\/\/13.com.ar\/index.php\/wp-json\/wp\/v2\/users\/1"}],"replies":[{"embeddable":true,"href":"https:\/\/13.com.ar\/index.php\/wp-json\/wp\/v2\/comments?post=16509"}],"version-history":[{"count":0,"href":"https:\/\/13.com.ar\/index.php\/wp-json\/wp\/v2\/posts\/16509\/revisions"}],"wp:featuredmedia":[{"embeddable":true,"href":"https:\/\/13.com.ar\/index.php\/wp-json\/wp\/v2\/media\/16510"}],"wp:attachment":[{"href":"https:\/\/13.com.ar\/index.php\/wp-json\/wp\/v2\/media?parent=16509"}],"wp:term":[{"taxonomy":"category","embeddable":true,"href":"https:\/\/13.com.ar\/index.php\/wp-json\/wp\/v2\/categories?post=16509"},{"taxonomy":"post_tag","embeddable":true,"href":"https:\/\/13.com.ar\/index.php\/wp-json\/wp\/v2\/tags?post=16509"}],"curies":[{"name":"wp","href":"https:\/\/api.w.org\/{rel}","templated":true}]}}