{"id":16507,"date":"2025-03-30T19:16:31","date_gmt":"2025-03-30T22:16:31","guid":{"rendered":"https:\/\/13.com.ar\/index.php\/hacia-mucho-que-no-tenia-una-recaida-tan-grande\/"},"modified":"2025-03-30T19:16:31","modified_gmt":"2025-03-30T22:16:31","slug":"hacia-mucho-que-no-tenia-una-recaida-tan-grande","status":"publish","type":"post","link":"https:\/\/13.com.ar\/index.php\/hacia-mucho-que-no-tenia-una-recaida-tan-grande\/","title":{"rendered":"Hac\u00eda mucho que no ten\u00eda una reca\u00edda tan grande"},"content":{"rendered":"<p> <br \/>\n<br \/><img decoding=\"async\" src=\"https:\/\/13.com.ar\/wp-content\/uploads\/2025\/03\/Hacia-mucho-que-no-tenia-una-recaida-tan-grande.jpg\" \/><\/p>\n<div id=\"element-body-0\">\n<p><strong>Santiago Talledo<\/strong>, integrante del programa de <em>stream<\/em> Nadie dice Nada (LUZU TV), comparti\u00f3 en su cuenta de Instagram un crudo posteo hablando de salud mental, donde reconoci\u00f3: &#8220;Como ya estoy mejor les cuento que <strong>estas \u00faltimas semanas fueron bastante dif\u00edciles a nivel psicol\u00f3gico para m\u00ed&#8221;.<\/strong><\/p>\n<\/div>\n<div id=\"element-body-1\">\n<p>El actor y cantante, tambi\u00e9n creador del podcast <em>Cero Miligramos,<\/em> en donde justamente suele hablar con distintas entrevistas de temas relacionados a la salud mental, asegur\u00f3 en su cuenta de Instagram, dirigi\u00e9ndose a sus m\u00e1s de un mill\u00f3n de seguidores, que &#8220;quiero compartirles algo que escrib\u00ed estos \u00faltimos d\u00edas&#8221;.<\/p>\n<\/div>\n<div id=\"element-body-2\">\n<p><strong>&#8220;Hac\u00eda mucho que no ten\u00eda una reca\u00edda tan grande. De esas que te agarran y te llevan al pasado m\u00e1s oscuro al cual uno siempre teme volver. <\/strong>Y m\u00e1s all\u00e1 de tener hoy muchas herramientas, me fue dif\u00edcil salir de ah\u00ed&#8221;, comenz\u00f3 Santi, quien en distintas oportunidades ha contado que enfrenta trastornos de salud mental desde los doce a\u00f1os. <\/p>\n<\/div>\n<div id=\"element-body-3\">\n<p>&#8220;&#8216;Una reca\u00edda no es un retroceso&#8217;, me repet\u00eda, mientras ve\u00eda ve\u00eda mi alrededor y no le encontraba sentido a nada sinti\u00e9ndome as\u00ed. Ni siquiera abr\u00ed las cosas que compr\u00e9 para la casa en el viaje&#8221;, contin\u00fao Santi, haciendo menci\u00f3n al viaje a los Estados Unidos que comparti\u00f3 con amigos e integrantes de LUZU TV.<\/p>\n<\/div>\n<div id=\"element-body-4\">\n<p><strong>&#8220;No cant\u00e9 ni un d\u00eda, no saqu\u00e9 ninguna foto, apenas sal\u00ed de mi casa. <\/strong>Solo quer\u00eda sentir ese alivio que siente uno cuando se apaga un sonido molesto del cual te acostumbras y cuando deja de sonar es tan placentero. Pensamientos intrusivos a montones, mi cabeza proyectando todo tiempo de escenarios catastr\u00f3ficos, enoj\u00e1ndome conmigo mismo por creer que ya ten\u00eda una tregua con mi mente y no iba a salirse de control otra vez. Pero no, me jug\u00f3 una mala pasada&#8221;, expres\u00f3.<\/p>\n<\/div>\n<div id=\"element-body-6\">\n<p>Y record\u00f3: &#8220;La \u00faltima reca\u00edda grande la tuve hace exactamente cuatro a\u00f1os por esta fecha. <strong>Hoy me siento en uno de los momentos personales m\u00e1s lindos de mi vida, y a\u00fan as\u00ed, tuve una reca\u00edda&#8221;.<\/strong><\/p>\n<\/div>\n<div id=\"element-body-7\">\n<p>&#8220;Estoy saliendo, como hice siempre, cost\u00e1ndome m\u00e1s, menos, pero sabiendo que puedo como tantas otras veces. Con ayuda de mi psic\u00f3loga, de la medicaci\u00f3n y sobre todo de mis amigos tan incondicionales y mi familia que estuvieron haciendo guardia al lado m\u00edo en silencio, para ir juntando los pedazos rotos y armarme una vez que est\u00e1 listo&#8221;, continu\u00f3 Santi, muy agradecido con sus seres queridos que lo apoyaron en este dif\u00edcil momento.<\/p>\n<\/div>\n<div id=\"element-body-10\">\n<p>&#8220;Y me vuelvo a repetir la frase que de chico me dec\u00eda mi madrina Paula, que es psic\u00f3loga: &#8216;Una reca\u00edda no es un retroceso&#8217;. Y va para todos los que est\u00e9n en un momento parecido&#8221;, sum\u00f3.<\/p>\n<\/div>\n<div id=\"element-body-11\">\n<p>Y cerr\u00f3 con un mensaje para sus seguidores en las redes, de las cuales estuvo ausente durante un tiempo, y tambi\u00e9n dirigido a los espectadores del ciclo <em>Nadie dice Nada:<\/em> &#8220;Gracias a ustedes por bancarme en la ausencia y en no haber dado mi cien en el programa. Pero esto es as\u00ed, <strong>a veces se puede, a veces no. Lo importante es volver a poder. Los abrazo&#8221;.<\/strong><\/p>\n<\/div>\n<p><br \/>\n<br \/><a href=\"https:\/\/www.clarin.com\/fama\/drama-santi-talledo-carta-abierta-desgarradora-recaida-grande_0_Zj0xjsmnK0.html\">Fuente Clarin.com <\/a><\/p>\n","protected":false},"excerpt":{"rendered":"<p>Santiago Talledo, integrante del programa de stream Nadie dice Nada (LUZU TV), comparti\u00f3 en su cuenta de Instagram un crudo posteo hablando de salud mental, donde reconoci\u00f3: &#8220;Como ya estoy mejor les cuento que estas \u00faltimas semanas fueron bastante dif\u00edciles a nivel psicol\u00f3gico para m\u00ed&#8221;. El actor y cantante, tambi\u00e9n creador del podcast Cero Miligramos, [&hellip;]<\/p>\n","protected":false},"author":1,"featured_media":16508,"comment_status":"open","ping_status":"open","sticky":false,"template":"","format":"standard","meta":{"footnotes":""},"categories":[2],"tags":[156,360,631,14416,1809,1697,73],"class_list":["post-16507","post","type-post","status-publish","format-standard","has-post-thumbnail","hentry","category-ultimas-noticias","tag-grande","tag-hacia","tag-mucho","tag-recaida","tag-tan","tag-tenia","tag-una"],"_links":{"self":[{"href":"https:\/\/13.com.ar\/index.php\/wp-json\/wp\/v2\/posts\/16507","targetHints":{"allow":["GET"]}}],"collection":[{"href":"https:\/\/13.com.ar\/index.php\/wp-json\/wp\/v2\/posts"}],"about":[{"href":"https:\/\/13.com.ar\/index.php\/wp-json\/wp\/v2\/types\/post"}],"author":[{"embeddable":true,"href":"https:\/\/13.com.ar\/index.php\/wp-json\/wp\/v2\/users\/1"}],"replies":[{"embeddable":true,"href":"https:\/\/13.com.ar\/index.php\/wp-json\/wp\/v2\/comments?post=16507"}],"version-history":[{"count":0,"href":"https:\/\/13.com.ar\/index.php\/wp-json\/wp\/v2\/posts\/16507\/revisions"}],"wp:featuredmedia":[{"embeddable":true,"href":"https:\/\/13.com.ar\/index.php\/wp-json\/wp\/v2\/media\/16508"}],"wp:attachment":[{"href":"https:\/\/13.com.ar\/index.php\/wp-json\/wp\/v2\/media?parent=16507"}],"wp:term":[{"taxonomy":"category","embeddable":true,"href":"https:\/\/13.com.ar\/index.php\/wp-json\/wp\/v2\/categories?post=16507"},{"taxonomy":"post_tag","embeddable":true,"href":"https:\/\/13.com.ar\/index.php\/wp-json\/wp\/v2\/tags?post=16507"}],"curies":[{"name":"wp","href":"https:\/\/api.w.org\/{rel}","templated":true}]}}