{"id":16505,"date":"2025-03-30T19:13:30","date_gmt":"2025-03-30T22:13:30","guid":{"rendered":"https:\/\/13.com.ar\/index.php\/acusan-al-principe-harry-de-intimidacion-y-acoso-laboral\/"},"modified":"2025-03-30T19:13:30","modified_gmt":"2025-03-30T22:13:30","slug":"acusan-al-principe-harry-de-intimidacion-y-acoso-laboral","status":"publish","type":"post","link":"https:\/\/13.com.ar\/index.php\/acusan-al-principe-harry-de-intimidacion-y-acoso-laboral\/","title":{"rendered":"acusan al pr\u00edncipe Harry de \u201cintimidaci\u00f3n y acoso\u201d laboral"},"content":{"rendered":"<p> <br \/>\n<br \/><img decoding=\"async\" src=\"https:\/\/13.com.ar\/wp-content\/uploads\/2025\/03\/acusan-al-principe-Harry-de-intimidacion-y-acoso-laboral.jpg\" \/><\/p>\n<div id=\"element-body-0\">\n<p><strong>El pr\u00edncipe Harry fue acusado de \u201cintimidaci\u00f3n y acoso\u201d <\/strong>por la presidente de una organizaci\u00f3n no gubernamental que trabaja en \u00c1frica y que \u00e9l cofund\u00f3, pero de la cual tom\u00f3 distancia tras un conflicto interno. El hijo menor del rey Carlos III era hasta ahora mecenas de la ONG Sentebale, uno de los pocos compromisos que conserv\u00f3 tras su explosiva ruptura con la monarqu\u00eda brit\u00e1nica en 2020 y la p\u00e9rdida de su patrocinio real.<\/p>\n<\/div>\n<div id=\"element-body-1\">\n<p>El pr\u00edncipe Harry anunci\u00f3 sin embargo el martes que abandonaba \u201cdevastado\u201d la organizaci\u00f3n ben\u00e9fica, despu\u00e9s de un conflicto entre los administradores y la presidenta del consejo de administraci\u00f3n, Sophie Chandauka, nombrada en 2023. <strong>\u201cEs devastador que la relaci\u00f3n entre los fideicomisarios de la organizaci\u00f3n ben\u00e9fica y la presidenta <\/strong>de la junta se haya roto irreparablemente, creando una situaci\u00f3n insostenible\u201d, dijeron los pr\u00edncipes.<\/p>\n<\/div>\n<div id=\"element-body-2\">\n<p>Harry y el cofundador, el pr\u00edncipe Seeiso de Lesoto, dijeron en un comunicado conjunto que renunciaron \u201ccon el coraz\u00f3n apesadumbrado\u201d como patrones en apoyo de los fideicomisarios en su disputa con Chandauka.<\/p>\n<\/div>\n<div id=\"element-body-3\">\n<p>Chandauka fue tambi\u00e9n acusada de mala gesti\u00f3n por miembros del consejo de administraci\u00f3n, que pidieron su renuncia. El caso se ha remitido a los tribunales.<\/p>\n<\/div>\n<div id=\"element-body-4\">\n<p>En una entrevista concedida este domingo a Sky News, Chandauka <strong>arremeti\u00f3 directamente contra el pr\u00edncipe<\/strong>, acus\u00e1ndole de haber hecho todo lo posible para obligarla a abandonar su puesto en la organizaci\u00f3n.<\/p>\n<\/div>\n<div id=\"element-body-6\">\n<p>\u201cLo que el pr\u00edncipe Harry quer\u00eda hacer era expulsarme, y eso dur\u00f3 meses. Se prolong\u00f3 durante meses, <strong>en forma de intimidaci\u00f3n y acoso\u201d<\/strong>, afirm\u00f3. Tambi\u00e9n asegur\u00f3 que \u201cten\u00eda pruebas de ello\u201d.<\/p>\n<\/div>\n<div id=\"element-body-7\">\n<p>El canal intent\u00f3 ponerse en contacto con el pr\u00edncipe, que vive en California con su esposa Meghan y sus dos hijos, pero sin \u00e9xito.<\/p>\n<\/div>\n<div id=\"element-body-8\">\n<p>Seg\u00fan una fuente an\u00f3nima cercana a los administradores citada por BBC, \u00e9stos \u201cesperaban\u201d lo que describieron<strong> como una \u201cmaniobra publicitaria\u201d urdida por Chandauka.<\/strong><\/p>\n<\/div>\n<div id=\"element-body-9\">\n<p>Chandauka denunci\u00f3 ayer una cultura del \u201csilencio\u201d en la organizaci\u00f3n, con miembros de la junta reacios a pronunciarse en contra del duque de Sussex o simplemente a hablar de temas controvertidos.<\/p>\n<\/div>\n<div id=\"element-body-10\">\n<p>Tambi\u00e9n se refiri\u00f3 a la p\u00e9rdida de muchos donantes, que achac\u00f3, <strong>con documentos justificativos, a la salida del pr\u00edncipe Enrique de Reino Unido en 2020.<\/strong><\/p>\n<\/div>\n<div id=\"element-body-11\">\n<p>Chandauka habl\u00f3 asimismo de la decisi\u00f3n del pr\u00edncipe de llevar un equipo de rodaje de la plataforma Netflix -con la que tiene un contrato muy lucrativo- a la recaudaci\u00f3n de fondos del a\u00f1o pasado, que se celebr\u00f3 durante un partido de polo.<\/p>\n<\/div>\n<div id=\"element-body-12\">\n<p>Las im\u00e1genes, que dieron la vuelta al mundo, mostraban una escena bastante extra\u00f1a entre la presidenta de la organizaci\u00f3n y la duquesa de Sussex, Meghan, <strong>ambos queriendo sostener el trofeo en el escenario.<\/strong><\/p>\n<\/div>\n<div id=\"element-body-13\">\n<p>Tras el episodio, Harry \u201cme pidi\u00f3 hacer como una declaraci\u00f3n para apoyar a la duquesa\u201d, dijo Chandauka.<\/p>\n<\/div>\n<div id=\"element-body-14\">\n<p>El exdirector del consejo de administraci\u00f3n, Kelello Lerotholi, declar\u00f3 sin embargo a Sky News que <strong>nunca hab\u00eda sido testigo de ninguna petici\u00f3n de este tipo<\/strong> por parte del pr\u00edncipe Harry.<\/p>\n<\/div>\n<div id=\"element-body-15\">\n<p>\u201cPuedo decir sinceramente que en las reuniones a las que he asistido nunca ha habido el menor indicio de ello\u201d, afirm\u00f3.<\/p>\n<\/div>\n<div id=\"element-body-16\">\n<p>Lynda Chalker, que fue miembro del consejo de administraci\u00f3n de la organizaci\u00f3n ben\u00e9fica africana durante casi 20 a\u00f1os, declar\u00f3 al peri\u00f3dico The Times que el estilo de Chandauka era \u201ccasi dictatorial\u201d.<\/p>\n<\/div>\n<div id=\"element-body-17\">\n<p><strong>Harry cofund\u00f3 Sentebale cuando ten\u00eda 21 a\u00f1os<\/strong>, para continuar la labor de su difunta madre, la princesa Diana, profundamente comprometida en la lucha contra el sida. Sentebale trabaja en particular con ni\u00f1os y j\u00f3venes que se quedaron hu\u00e9rfanos por la epidemia de sida en Lesoto, un peque\u00f1o pa\u00eds pobre enclavado en Sud\u00e1frica, y en Botsuana. <\/p>\n<\/div>\n<div id=\"element-body-18\">\n<p>La organizaci\u00f3n ben\u00e9fica, cuyo nombre significa \u201cno me olvides\u201d en el idioma sesotho de Lesoto y Sud\u00e1frica, fue fundada para ayudar a los j\u00f3venes afectados por el SIDA en la peque\u00f1a naci\u00f3n monta\u00f1osa. Pero ahora se est\u00e1 moviendo para abordar la salud, la riqueza y la resiliencia clim\u00e1tica de los j\u00f3venes en el sur de \u00c1frica. <\/p>\n<\/div>\n<p><br \/>\n<br \/><a href=\"https:\/\/www.clarin.com\/mundo\/gran-bretana-acusan-principe-harry-intimidacion-acoso-laboral_0_sOOoOtbZW5.html\">Fuente Clarin.com <\/a><\/p>\n","protected":false},"excerpt":{"rendered":"<p>El pr\u00edncipe Harry fue acusado de \u201cintimidaci\u00f3n y acoso\u201d por la presidente de una organizaci\u00f3n no gubernamental que trabaja en \u00c1frica y que \u00e9l cofund\u00f3, pero de la cual tom\u00f3 distancia tras un conflicto interno. El hijo menor del rey Carlos III era hasta ahora mecenas de la ONG Sentebale, uno de los pocos compromisos [&hellip;]<\/p>\n","protected":false},"author":1,"featured_media":16506,"comment_status":"open","ping_status":"open","sticky":false,"template":"","format":"standard","meta":{"footnotes":""},"categories":[2],"tags":[2711,3270,1354,14415,3685,2538],"class_list":["post-16505","post","type-post","status-publish","format-standard","has-post-thumbnail","hentry","category-ultimas-noticias","tag-acoso","tag-acusan","tag-harry","tag-intimidacion","tag-laboral","tag-principe"],"_links":{"self":[{"href":"https:\/\/13.com.ar\/index.php\/wp-json\/wp\/v2\/posts\/16505","targetHints":{"allow":["GET"]}}],"collection":[{"href":"https:\/\/13.com.ar\/index.php\/wp-json\/wp\/v2\/posts"}],"about":[{"href":"https:\/\/13.com.ar\/index.php\/wp-json\/wp\/v2\/types\/post"}],"author":[{"embeddable":true,"href":"https:\/\/13.com.ar\/index.php\/wp-json\/wp\/v2\/users\/1"}],"replies":[{"embeddable":true,"href":"https:\/\/13.com.ar\/index.php\/wp-json\/wp\/v2\/comments?post=16505"}],"version-history":[{"count":0,"href":"https:\/\/13.com.ar\/index.php\/wp-json\/wp\/v2\/posts\/16505\/revisions"}],"wp:featuredmedia":[{"embeddable":true,"href":"https:\/\/13.com.ar\/index.php\/wp-json\/wp\/v2\/media\/16506"}],"wp:attachment":[{"href":"https:\/\/13.com.ar\/index.php\/wp-json\/wp\/v2\/media?parent=16505"}],"wp:term":[{"taxonomy":"category","embeddable":true,"href":"https:\/\/13.com.ar\/index.php\/wp-json\/wp\/v2\/categories?post=16505"},{"taxonomy":"post_tag","embeddable":true,"href":"https:\/\/13.com.ar\/index.php\/wp-json\/wp\/v2\/tags?post=16505"}],"curies":[{"name":"wp","href":"https:\/\/api.w.org\/{rel}","templated":true}]}}