{"id":1650,"date":"2025-02-03T13:49:04","date_gmt":"2025-02-03T16:49:04","guid":{"rendered":"https:\/\/13.com.ar\/index.php\/quienes-son-los-candidatos-que-buscan-la-presidencia-este-2025\/"},"modified":"2025-02-03T13:49:04","modified_gmt":"2025-02-03T16:49:04","slug":"quienes-son-los-candidatos-que-buscan-la-presidencia-este-2025","status":"publish","type":"post","link":"https:\/\/13.com.ar\/index.php\/quienes-son-los-candidatos-que-buscan-la-presidencia-este-2025\/","title":{"rendered":"qui\u00e9nes son los candidatos que buscan la presidencia este 2025"},"content":{"rendered":"<p> <br \/>\n<br \/><img decoding=\"async\" src=\"https:\/\/13.com.ar\/wp-content\/uploads\/2025\/02\/quienes-son-los-candidatos-que-buscan-la-presidencia-este-2025.jpg\" \/><\/p>\n<div>\n<p>Los ciudadanos de Ecuador definir\u00e1n el futuro pol\u00edtico y econ\u00f3mico del pa\u00eds en las elecciones presidenciales del pr\u00f3ximo domingo 9 de febrero, en las que se postulan 16 candidatos a la presidencia para el per\u00edodo 2025-2029.<\/p>\n<\/div>\n<div>\n<p>En estas elecciones se elegir\u00e1 no solo al presidente y vicepresidente del pa\u00eds, sino tambi\u00e9n a 151 representantes para la Asamblea Nacional y 5 para el Parlamento Andino.<\/p>\n<\/div>\n<div>\n<p>De los 16 candidatos presidenciales aprobados por el Consejo Nacional Electoral, <strong>Daniel Noboa<\/strong>, el presidente en funciones, y <strong>Luisa Gonz\u00e1lez <\/strong>encabezan las encuestas. <\/p>\n<\/div>\n<div>\n<p><strong>Daniel Noboa busca la reelecci\u00f3n en 2025 con un plan enfocado en seguridad, econom\u00eda y energ\u00eda.<\/strong> Adem\u00e1s, propone continuar su lucha contra el crimen organizado, fortalecer acuerdos comerciales y garantizar el suministro el\u00e9ctrico. <\/p>\n<\/div>\n<div>\n<p>Por otro lado, <strong>Luisa Gonz\u00e1lez, candidata de Revoluci\u00f3n Ciudadana,<\/strong> se\u00f1ala la inseguridad como un problema a resolver en Ecuador. Propone restituir los ministerios de Seguridad y Justicia, reestructurar Interior y Gobierno, recuperar la gesti\u00f3n p\u00fablica de hidroel\u00e9ctricas y garantizar educaci\u00f3n y salud gratuitas y de calidad. Tambi\u00e9n destaca la igualdad de g\u00e9nero en sus discursos.<\/p>\n<\/div>\n<div>\n<p>A continuaci\u00f3n, el resto de los candidatos a la presidencia de Ecuador.<\/p>\n<\/div>\n<p><br \/>\n<br \/><a href=\"https:\/\/www.clarin.com\/mundo\/elecciones-ecuador-candidatos-buscan-presidencia-2025_0_nlwdpM8xtm.html\">Fuente Clarin.com <\/a><\/p>\n","protected":false},"excerpt":{"rendered":"<p>Los ciudadanos de Ecuador definir\u00e1n el futuro pol\u00edtico y econ\u00f3mico del pa\u00eds en las elecciones presidenciales del pr\u00f3ximo domingo 9 de febrero, en las que se postulan 16 candidatos a la presidencia para el per\u00edodo 2025-2029. En estas elecciones se elegir\u00e1 no solo al presidente y vicepresidente del pa\u00eds, sino tambi\u00e9n a 151 representantes para [&hellip;]<\/p>\n","protected":false},"author":1,"featured_media":1651,"comment_status":"open","ping_status":"open","sticky":false,"template":"","format":"standard","meta":{"footnotes":""},"categories":[2],"tags":[3235,3347,139,28,3348,1784,406],"class_list":["post-1650","post","type-post","status-publish","format-standard","has-post-thumbnail","hentry","category-ultimas-noticias","tag-buscan","tag-candidatos","tag-este","tag-los","tag-presidencia","tag-quienes","tag-son"],"_links":{"self":[{"href":"https:\/\/13.com.ar\/index.php\/wp-json\/wp\/v2\/posts\/1650","targetHints":{"allow":["GET"]}}],"collection":[{"href":"https:\/\/13.com.ar\/index.php\/wp-json\/wp\/v2\/posts"}],"about":[{"href":"https:\/\/13.com.ar\/index.php\/wp-json\/wp\/v2\/types\/post"}],"author":[{"embeddable":true,"href":"https:\/\/13.com.ar\/index.php\/wp-json\/wp\/v2\/users\/1"}],"replies":[{"embeddable":true,"href":"https:\/\/13.com.ar\/index.php\/wp-json\/wp\/v2\/comments?post=1650"}],"version-history":[{"count":0,"href":"https:\/\/13.com.ar\/index.php\/wp-json\/wp\/v2\/posts\/1650\/revisions"}],"wp:featuredmedia":[{"embeddable":true,"href":"https:\/\/13.com.ar\/index.php\/wp-json\/wp\/v2\/media\/1651"}],"wp:attachment":[{"href":"https:\/\/13.com.ar\/index.php\/wp-json\/wp\/v2\/media?parent=1650"}],"wp:term":[{"taxonomy":"category","embeddable":true,"href":"https:\/\/13.com.ar\/index.php\/wp-json\/wp\/v2\/categories?post=1650"},{"taxonomy":"post_tag","embeddable":true,"href":"https:\/\/13.com.ar\/index.php\/wp-json\/wp\/v2\/tags?post=1650"}],"curies":[{"name":"wp","href":"https:\/\/api.w.org\/{rel}","templated":true}]}}