{"id":1646,"date":"2025-02-03T13:35:41","date_gmt":"2025-02-03T16:35:41","guid":{"rendered":"https:\/\/13.com.ar\/index.php\/la-crisis-de-inseguridad-sacude-a-la-intendenta-que-cristina-kirchner-pensaba-como-candidata-en-provincia\/"},"modified":"2025-02-03T13:35:41","modified_gmt":"2025-02-03T16:35:41","slug":"la-crisis-de-inseguridad-sacude-a-la-intendenta-que-cristina-kirchner-pensaba-como-candidata-en-provincia","status":"publish","type":"post","link":"https:\/\/13.com.ar\/index.php\/la-crisis-de-inseguridad-sacude-a-la-intendenta-que-cristina-kirchner-pensaba-como-candidata-en-provincia\/","title":{"rendered":"La crisis de inseguridad sacude a la intendenta que Cristina Kirchner pensaba como candidata en Provincia"},"content":{"rendered":"<p> <br \/>\n<\/p>\n<div id=\"cuerpo\">\n<div class=\"sc-80531b6b-0 chRIGJ container-text text-embed\">\n<p><strong>El crimen de Lucas Aguilar<\/strong>, la semana pasada en Moreno, dispar\u00f3 los cuestionamientos en la provincia de Buenos Aires sobre la conducci\u00f3n en materia de seguridad del gobierno de Axel Kicillof. Tras la manifestaci\u00f3n en reclamo de justicia por el repartidor de delivery, para esta tarde del lunes se espera una convocatoria masiva, con presencia de vecinos pero tambi\u00e9n de dirigentes libertarios, que se sumar\u00e1n a las cr\u00edticas del propio <strong>Javier Milei<\/strong>.<\/p>\n<\/div>\n<div class=\"sc-80531b6b-0 chRIGJ container-text text-embed\">\n<p>Desde lo pol\u00edtico, el kirchnerismo est\u00e1 padeciendo los efectos colaterales del desborde de inseguridad en Provincia. Adem\u00e1s de Kicillof, actualmente enfrentado con Cristina Kirchner, es <strong>Mariel Fern\u00e1ndez la principal apuntada como jefa municipal de uno de los distritos m\u00e1s pobres de todo el Conurbano.<\/strong> Y por ende, tambi\u00e9n afecta ese desgaste a la ex presidenta de la Naci\u00f3n, que la hab\u00eda sentado en su mesa chica y la pensaba como candidata en este 2025.<\/p>\n<\/div>\n<div class=\"sc-80531b6b-0 chRIGJ container-text text-embed\">\n<p>Desde hace meses, Mariel Fern\u00e1ndez se mueve constantemente al lado de Cristina Fern\u00e1ndez de Kirchner, que le dio una silla clave en su mesa chica. Para la ex presidenta es, sin dudas, la intendenta m\u00e1s cercana en la actualidad, por encima de referentes hist\u00f3ricas de La C\u00e1mpora como Mayra Mendoza, de Quilmes<strong>. Las \u00faltimas tres apariciones p\u00fablicas importantes de Cristina la tuvieron a Fern\u00e1ndez como protagonista y, dos de ellas, a Moreno como sede<\/strong>. Es indisimulable la buena sinton\u00eda entre ambas.<\/p>\n<\/div>\n<div class=\"sc-80531b6b-0 chRIGJ container-text text-embed\">\n<p>La \u00faltima foto que compartieron las dos Fern\u00e1ndez fue en la \u00faltima cumbre convocada para lograr una foto de unidad dentro del PJ. La imagen mostr\u00f3 a Cristina y M\u00e1ximo Kirchner, a Sergio Massa, a Axel Kicillof, a Ver\u00f3nica Magario, y a Mariel Fern\u00e1ndez, la anfitriona del encuentro en la reserva municipal Los Robles, el 9 de diciembre del a\u00f1o pasado.<\/p>\n<\/div>\n<div class=\"sc-106e49c0-0 dcVumd freeHtml-embed undefined\">\n<blockquote class=\"twitter-tweet\">\n<p lang=\"es\" dir=\"ltr\">Reuni\u00f3n del Partido Justicialista Bonaerense en Los Robles, nuestra Reserva Municipal de Moreno. <\/p>\n<p>Un placer recibirlos compa\u00f1eros y compa\u00f1eras \u270c\ud83c\udffb <a rel=\"nofollow\" target=\"_blank\" href=\"https:\/\/t.co\/qzvRVz6Zg3\">pic.twitter.com\/qzvRVz6Zg3<\/a><\/p>\n<p>\u2014 Mariel Fern\u00e1ndez (@marielfmoreno1) <a rel=\"nofollow\" target=\"_blank\" href=\"https:\/\/twitter.com\/marielfmoreno1\/status\/1866227366013304922?ref_src=twsrc%5Etfw\">December 9, 2024<\/a><\/p><\/blockquote>\n<\/div>\n<div class=\"sc-80531b6b-0 chRIGJ container-text text-embed\">\n<p>El mismo lugar hab\u00eda sido elegido<strong> el 13 de noviembre pasado, cuando Cristina lider\u00f3 un encuentro de 400 mujeres que organiz\u00f3 la intendenta de Moreno. <\/strong>Fue una ma\u00f1ana muy especial para la ex presidenta, ya que en simult\u00e1neo a esa reuni\u00f3n, la C\u00e1mara de Casaci\u00f3n Federal ratificaba su condena por seis a\u00f1os en la denominada causa Vialidad. <strong>Mariel Fern\u00e1ndez, as\u00ed, acompa\u00f1\u00f3 a Cristina en su d\u00eda m\u00e1s dif\u00edcil<\/strong>, que luego sigui\u00f3 con un retrato en el Instituto Patria junto a un grupo de incondicionales a la jefa del justicialismo.<\/p>\n<\/div>\n<div class=\"sc-80531b6b-0 chRIGJ container-text text-embed\">\n<p>Dos d\u00edas antes de esa cumbre, Mariel Fern\u00e1ndez fue parte de la foto en la sede de SMATA con la que Cristina oficializ\u00f3 su lista &#8220;Primero la Patria&#8221; para conducir el PJ. La intendenta de Moreno ocupar\u00e1 una de las vicepresidencias del partido, en lo que representa otro espaldarazo de la ex presidenta, que parece moldearla para competir electoralmente, ya sea en 2025 o en 2027, como una referencia del kirchnerismo en la Provincia.<\/p>\n<\/div>\n<p><h2>Su dos ciclos en Moreno y su v\u00ednculo con el Movimiento Evita<\/h2>\n<\/p>\n<div class=\"sc-80531b6b-0 chRIGJ container-text text-embed\">\n<p>Si bien en las elecciones de 2019 y 2023 compartieron espacio desde el Frente de Todos y Uni\u00f3n por la Patria, respectivamente, la relaci\u00f3n entre Cristina Fern\u00e1ndez de Kirchner y Mariel Fern\u00e1ndez se afianzar en 2024, a partir del acercamiento que propici\u00f3 la ex presidenta, en busca de cuadros atractivos para competir en territorio bonaerense, especialmente de referentes femeninas.<\/p>\n<\/div>\n<div class=\"sc-80531b6b-0 chRIGJ container-text text-embed\">\n<p>Sin embargo, en los primeros cuatro a\u00f1os que gestion\u00f3 Moreno, Mariel mantuvo un muy buen v\u00ednculo con el ex presidente Alberto Fern\u00e1ndez, enfrentado pol\u00edticamente con su entonces vice. <strong>Moreno fue uno de los municipios m\u00e1s beneficiados en t\u00e9rminos de reparto desde la provincia de Buenos Aires, con Axel Kicillof, y varias veces Alberto visit\u00f3 el municipio<\/strong>, uno de los m\u00e1s influyentes en t\u00e9rminos de padr\u00f3n de toda la primera secci\u00f3n.<\/p>\n<\/div>\n<div class=\"sc-198be8ec-0 cynXbu image-embed  image-embed \"><picture class=\"sc-198be8ec-1 kOjRiQ\"><source media=\"(min-width: 975px)\" width=\"720\" height=\"480\" \/><img alt=\"Mariel Fern\u00e1ndez, en su despacho, en una entrevista con Clar\u00edn.\" loading=\"lazy\" width=\"720\" height=\"480\" decoding=\"async\" data-nimg=\"1\" style=\"color:transparent\" src=\"https:\/\/13.com.ar\/wp-content\/uploads\/2025\/02\/La-crisis-de-inseguridad-sacude-a-la-intendenta-que-Cristina.jpg\"\/><span class=\"epigraphe\">Mariel Fern\u00e1ndez, en su despacho, en una entrevista con Clar\u00edn.<\/span><span class=\"bkg\"\/><span class=\"picture-open\"><button class=\"open-image\" aria-label=\"Open Image\"\/><\/span><\/picture><\/div>\n<div class=\"sc-80531b6b-0 chRIGJ container-text text-embed\">\n<p>La morenense forma parte del Movimiento Evita de Emilio P\u00e9rsico y por consiguiente de la UTEP; el frente que nuclea a las principales organizaciones sociales vinculadas al kirchnerismo. En los cuatro a\u00f1os de gobierno de Alberto Fern\u00e1ndez, el Evita estuvo de su lado y completamente enfrentado con el kirchnerismo duro, especialmente con La C\u00e1mpora, con el que disput\u00f3 territorio y, adem\u00e1s, el reparto de la caja de los planes sociales en el extinto Ministerio de Desarrollo Social.<\/p>\n<\/div>\n<div class=\"sc-80531b6b-0 chRIGJ container-text text-embed\">\n<p><strong>Mariel Fern\u00e1ndez es la esposa de Esteban &#8220;Gringo&#8221; Castro&#8221;<\/strong>, el piquetero preferido por Alberto Fern\u00e1ndez en su gobierno, que en ese entonces ocup\u00f3 un puesto ad honorem dentro de la frustrada Mesa del Hambre y del Consejo Econ\u00f3mico y Social y tuvo di\u00e1logo constante con el ex presidente especialmente en tiempos de pandemia. Ese buen v\u00ednculo la ayud\u00f3 en la gesti\u00f3n local, apuntalada por Provincia y Naci\u00f3n con fondos para obras.<\/p>\n<\/div>\n<div class=\"sc-80531b6b-0 chRIGJ container-text text-embed\">\n<p>El antecedente de Festa, de reprobado mandato, potenci\u00f3 a una dirigente que tambi\u00e9n supo moverse. As\u00ed como cuenta con un importante nivel de aprobaci\u00f3n, tambi\u00e9n tiene cr\u00edticos, que le cuestionan el elevado nivel econ\u00f3mico y de vida que ostenta con su familia.<\/p>\n<\/div>\n<div class=\"sc-80531b6b-0 chRIGJ container-text text-embed\">\n<p>Cumplido su quinto a\u00f1o como intendenta, la etapa de cierto recelo con el cristinismo cambi\u00f3 y hasta ahora no s\u00f3lo se sentaba en la mesa chica de la ex presidenta, sino que tambi\u00e9n se la perfilaba como candidata a diputada en 2025 y hay algunos m\u00e1s optimistas que la anotan para la sucesi\u00f3n de Axel Kicillof en 2027, ya sea a gobernadora o como segunda de una f\u00f3rmula oficialista para la provincia de Buenos Aires. El crimen de Aguilar y la aparici\u00f3n de Moreno en el centro de la escena de inseguridad puede haber modificado esa idea.<\/p>\n<\/div>\n<p><h2>La intendenta responsabiliza a la situaci\u00f3n econ\u00f3mica por la inseguridad<\/h2>\n<\/p>\n<div class=\"sc-80531b6b-0 chRIGJ container-text text-embed\">\n<p>La intendenta de Moreno, habl\u00f3 la semana pasada sobre la ola de inseguridad y violencia en su municipio, en medio de la cual murieron tres personas en las \u00faltimas horas. La jefa comunal vincul\u00f3 estos episodios con la situaci\u00f3n econ\u00f3mica y reclam\u00f3 fondos de seguridad.<\/p>\n<\/div>\n<div class=\"sc-80531b6b-0 chRIGJ container-text text-embed\">\n<p><strong>&#8220;La mayor\u00eda de los hechos no son en ocasi\u00f3n de robo, sino por peleas inter familiares o violencia en la calle. Notamos que las personas est\u00e1n muy violentas<\/strong>, no sabemos si producto de la situaci\u00f3n econ\u00f3mica, lo que genera un malestar, y reaccionan de esta manera&#8221;, dijo Fern\u00e1ndez.<\/p>\n<\/div>\n<div class=\"sc-80531b6b-0 chRIGJ container-text text-embed\">\n<p>La intendenta tambi\u00e9n se\u00f1al\u00f3 al Gobierno nacional por la ausencia de fondos con los que contaban antes para &#8220;equipar a la polic\u00eda&#8221;.<\/p>\n<\/div>\n<div class=\"sc-80531b6b-0 chRIGJ container-text text-embed\">\n<p>&#8220;Es dif\u00edcil cuando se te rompen los patrulleros y no los pod\u00e9s reponer. Compramos 12 patrulleros para salir en estos d\u00edas. No damos abasto&#8221;, continu\u00f3.<\/p>\n<\/div>\n<div class=\"sc-80531b6b-0 chRIGJ container-text text-embed\">\n<p>&#8220;Estamos hablando con (Javier) Alonso, de Seguridad de la Provincia, y con el gobernador (Axel) Kicillof para ver c\u00f3mo resolvemos este problema, que por supuesto es muy dif\u00edcil hacernos cargo de esos gastos&#8221;, a\u00f1adi\u00f3 Fern\u00e1ndez, en di\u00e1logo con Cr\u00f3nica TV. Y a\u00f1adi\u00f3: &#8220;Nosotros bajamos los \u00edndices de homicidio desde que llegu\u00e9. En 2024 bajamos 30 % con respecto a 2023&#8221;.<\/p>\n<\/div>\n<\/div>\n<p><script async src=\"\/\/platform.twitter.com\/widgets.js\" charset=\"utf-8\"><\/script><br \/>\n<br \/><br \/>\n<br \/><a href=\"https:\/\/www.clarin.com\/politica\/crisis-inseguridad-sacude-intendenta-cristina-kirchner-pensaba-candidata-provincia_0_CKrhiC1Xme.html\">Fuente Clarin.com <\/a><\/p>\n","protected":false},"excerpt":{"rendered":"<p>El crimen de Lucas Aguilar, la semana pasada en Moreno, dispar\u00f3 los cuestionamientos en la provincia de Buenos Aires sobre la conducci\u00f3n en materia de seguridad del gobierno de Axel Kicillof. Tras la manifestaci\u00f3n en reclamo de justicia por el repartidor de delivery, para esta tarde del lunes se espera una convocatoria masiva, con presencia [&hellip;]<\/p>\n","protected":false},"author":1,"featured_media":1647,"comment_status":"open","ping_status":"open","sticky":false,"template":"","format":"standard","meta":{"footnotes":""},"categories":[2],"tags":[1378,66,625,497,2381,2383,1381,3343,490,2873],"class_list":["post-1646","post","type-post","status-publish","format-standard","has-post-thumbnail","hentry","category-ultimas-noticias","tag-candidata","tag-como","tag-crisis","tag-cristina","tag-inseguridad","tag-intendenta","tag-kirchner","tag-pensaba","tag-provincia","tag-sacude"],"_links":{"self":[{"href":"https:\/\/13.com.ar\/index.php\/wp-json\/wp\/v2\/posts\/1646","targetHints":{"allow":["GET"]}}],"collection":[{"href":"https:\/\/13.com.ar\/index.php\/wp-json\/wp\/v2\/posts"}],"about":[{"href":"https:\/\/13.com.ar\/index.php\/wp-json\/wp\/v2\/types\/post"}],"author":[{"embeddable":true,"href":"https:\/\/13.com.ar\/index.php\/wp-json\/wp\/v2\/users\/1"}],"replies":[{"embeddable":true,"href":"https:\/\/13.com.ar\/index.php\/wp-json\/wp\/v2\/comments?post=1646"}],"version-history":[{"count":0,"href":"https:\/\/13.com.ar\/index.php\/wp-json\/wp\/v2\/posts\/1646\/revisions"}],"wp:featuredmedia":[{"embeddable":true,"href":"https:\/\/13.com.ar\/index.php\/wp-json\/wp\/v2\/media\/1647"}],"wp:attachment":[{"href":"https:\/\/13.com.ar\/index.php\/wp-json\/wp\/v2\/media?parent=1646"}],"wp:term":[{"taxonomy":"category","embeddable":true,"href":"https:\/\/13.com.ar\/index.php\/wp-json\/wp\/v2\/categories?post=1646"},{"taxonomy":"post_tag","embeddable":true,"href":"https:\/\/13.com.ar\/index.php\/wp-json\/wp\/v2\/tags?post=1646"}],"curies":[{"name":"wp","href":"https:\/\/api.w.org\/{rel}","templated":true}]}}