{"id":1644,"date":"2025-02-03T13:31:22","date_gmt":"2025-02-03T16:31:22","guid":{"rendered":"https:\/\/13.com.ar\/index.php\/en-el-dia-mas-caluroso-del-verano-este-lunes-podria-romperse-el-record-de-consumo-de-energia\/"},"modified":"2025-02-03T13:31:22","modified_gmt":"2025-02-03T16:31:22","slug":"en-el-dia-mas-caluroso-del-verano-este-lunes-podria-romperse-el-record-de-consumo-de-energia","status":"publish","type":"post","link":"https:\/\/13.com.ar\/index.php\/en-el-dia-mas-caluroso-del-verano-este-lunes-podria-romperse-el-record-de-consumo-de-energia\/","title":{"rendered":"en el d\u00eda m\u00e1s caluroso del verano, este lunes podr\u00eda romperse el r\u00e9cord de consumo de energ\u00eda"},"content":{"rendered":"<p> <br \/>\n<br \/><img decoding=\"async\" src=\"https:\/\/13.com.ar\/wp-content\/uploads\/2025\/02\/en-el-dia-mas-caluroso-del-verano-este-lunes-podria.jpg\" \/><\/p>\n<div>\n<p>En el d\u00eda m\u00e1s caluroso del verano, con una sensaci\u00f3n t\u00e9rmica que trepa a 37,4 grados en el AMBA y con otras 15 provincias del pa\u00eds bajo alertas roja y naranja por calor extremo, con temperaturas que superar\u00e1n los 40 grados, seg\u00fan el pron\u00f3stico del Servicio Meteorol\u00f3gico Nacional (SMN), el sector energ\u00e9tico prev\u00e9 que <strong>se podr\u00eda batir el r\u00e9cord hist\u00f3rico en la demanda de energ\u00eda esta tarde<\/strong>.<\/p>\n<\/div>\n<div>\n<p><strong>Para las 15 horas<\/strong>, <strong>Cammesa estima un pico de consumo de 30.259 MW <\/strong>a nivel nacional, superior a los<strong> 29.601 MW<\/strong> alcanzados el 1\u00b0 de febrero de 2024, seg\u00fan la informaci\u00f3n publicada en su sitio web. Hasta las 12.55 horas de este lunes (\u00faltimo dato actualizado hasta la publicaci\u00f3n de esta nota), el consumo llegaba a <strong>27.273 MW<\/strong>. En la industria dicen que <strong>habr\u00e1 que ver como reacciona la red a las 15<\/strong>, hora clave.<\/p>\n<\/div>\n<div>\n<p>Hasta ahora, seg\u00fan fuentes del sector, <strong>las condiciones de transporte y distribuci\u00f3n est\u00e1n en condiciones normales<\/strong>. El Gobierno, que el a\u00f1o pasado hab\u00eda advertido que podr\u00eda haber cortes programados con grandes industrias, monitorea el desempe\u00f1o del sistema con las distribuidoras el\u00e9ctricas <strong>Edenor <\/strong>y <strong>Edesur, <\/strong>que <strong>por el momento transcurre sin inconvenientes<\/strong>.<\/p>\n<\/div>\n<div>\n<p><strong>En A\u00f1o Nuevo, se produjo el primer corte de 2025<\/strong> por una tormenta que dej\u00f3 sin luz a <strong>95.500<\/strong> usuarios en la Ciudad. En la industria, explicaron que hubo un desperfecto t\u00e9cnico que afect\u00f3 una de las m\u00e1quinas de la central t\u00e9rmica Puerto Nuevo, del complejo Central Puerto, ubicado entre Aeroparque y Retiro.<\/p>\n<\/div>\n<div>\n<p>Ante las altas temperaturas, las distribuidoras recomiendan <strong>usar el aire acondicionado en 24 grados<\/strong> y <strong>evitar el uso simult\u00e1neo de electrodom\u00e9sticos<\/strong> de gran consumo como planchas, hornos el\u00e9ctricos y lavarropas, especialmente en el momento de mayor calor, que generalmente sucede en horas del mediod\u00eda y la tarde.<\/p>\n<\/div>\n<div>\n<p>Asimismo, aconsejan <strong>alternar el uso del aire acondicionado con el del ventilador<\/strong>, que tiene un consumo 12 veces menor.<\/p>\n<\/div>\n<p><br \/>\n<br \/><a href=\"https:\/\/www.clarin.com\/economia\/ola-calor-dia-caluroso-verano-lunes-podria-romperse-record-consumo-energia_0_d9KwOuXqrW.html\">Fuente Clarin.com <\/a><\/p>\n","protected":false},"excerpt":{"rendered":"<p>En el d\u00eda m\u00e1s caluroso del verano, con una sensaci\u00f3n t\u00e9rmica que trepa a 37,4 grados en el AMBA y con otras 15 provincias del pa\u00eds bajo alertas roja y naranja por calor extremo, con temperaturas que superar\u00e1n los 40 grados, seg\u00fan el pron\u00f3stico del Servicio Meteorol\u00f3gico Nacional (SMN), el sector energ\u00e9tico prev\u00e9 que se [&hellip;]<\/p>\n","protected":false},"author":1,"featured_media":1645,"comment_status":"open","ping_status":"open","sticky":false,"template":"","format":"standard","meta":{"footnotes":""},"categories":[2],"tags":[3340,2524,100,1154,3342,139,2928,155,1563,562,3341,65],"class_list":["post-1644","post","type-post","status-publish","format-standard","has-post-thumbnail","hentry","category-ultimas-noticias","tag-caluroso","tag-consumo","tag-del","tag-dia","tag-energia","tag-este","tag-lunes","tag-mas","tag-podria","tag-record","tag-romperse","tag-verano"],"_links":{"self":[{"href":"https:\/\/13.com.ar\/index.php\/wp-json\/wp\/v2\/posts\/1644","targetHints":{"allow":["GET"]}}],"collection":[{"href":"https:\/\/13.com.ar\/index.php\/wp-json\/wp\/v2\/posts"}],"about":[{"href":"https:\/\/13.com.ar\/index.php\/wp-json\/wp\/v2\/types\/post"}],"author":[{"embeddable":true,"href":"https:\/\/13.com.ar\/index.php\/wp-json\/wp\/v2\/users\/1"}],"replies":[{"embeddable":true,"href":"https:\/\/13.com.ar\/index.php\/wp-json\/wp\/v2\/comments?post=1644"}],"version-history":[{"count":0,"href":"https:\/\/13.com.ar\/index.php\/wp-json\/wp\/v2\/posts\/1644\/revisions"}],"wp:featuredmedia":[{"embeddable":true,"href":"https:\/\/13.com.ar\/index.php\/wp-json\/wp\/v2\/media\/1645"}],"wp:attachment":[{"href":"https:\/\/13.com.ar\/index.php\/wp-json\/wp\/v2\/media?parent=1644"}],"wp:term":[{"taxonomy":"category","embeddable":true,"href":"https:\/\/13.com.ar\/index.php\/wp-json\/wp\/v2\/categories?post=1644"},{"taxonomy":"post_tag","embeddable":true,"href":"https:\/\/13.com.ar\/index.php\/wp-json\/wp\/v2\/tags?post=1644"}],"curies":[{"name":"wp","href":"https:\/\/api.w.org\/{rel}","templated":true}]}}