{"id":1640,"date":"2025-02-03T13:26:00","date_gmt":"2025-02-03T16:26:00","guid":{"rendered":"https:\/\/13.com.ar\/index.php\/esta-decision-es-inaceptable-e-injusta\/"},"modified":"2025-02-03T13:26:00","modified_gmt":"2025-02-03T16:26:00","slug":"esta-decision-es-inaceptable-e-injusta","status":"publish","type":"post","link":"https:\/\/13.com.ar\/index.php\/esta-decision-es-inaceptable-e-injusta\/","title":{"rendered":"Esta decisi\u00f3n es inaceptable e injusta"},"content":{"rendered":"<p> <br \/>\n<br \/><img decoding=\"async\" src=\"https:\/\/13.com.ar\/wp-content\/uploads\/2025\/02\/Esta-decision-es-inaceptable-e-injusta.jpg\" \/><\/p>\n<div id=\"cuerpo\">\n<div class=\"sc-80531b6b-0 chRIGJ container-text text-embed\">\n<p>Los <strong>Qualifiers <\/strong>de la <strong>Copa Davis<\/strong> se convirtieron este domingo en el escenario de una pol\u00e9mica de enormes dimensiones tras la descalificaci\u00f3n del chileno <strong>Cristian Garin<\/strong> y la consecuente victoria de <strong>B\u00e9lgica<\/strong>. Durante el cuarto partido en que el equipo sudamericano buscaba empatar la serie, el 132\u00b0 del mundo enfrentaba a <strong>Zizou Bergs<\/strong>, quien celebr\u00f3 con tanta efusividad un quiebre en el set decisivo que en el cambio de lado choc\u00f3 involuntariamente al santiaguino. Y el esc\u00e1ndalo explot\u00f3. <\/p>\n<\/div>\n<div class=\"sc-80531b6b-0 chRIGJ container-text text-embed\">\n<p>Porque Gar\u00edn, que cay\u00f3 desplomado al suelo tom\u00e1ndose el ojo derecho, exigi\u00f3 la descalificaci\u00f3n de su rival, pero como contrapartida recibi\u00f3 una sanci\u00f3n que le cost\u00f3 la derrota y, en consecuencia, la eliminaci\u00f3n de su equipo. En Chile arden de bronca por la decisi\u00f3n de las autoridades y ahora, v\u00eda escritorio, buscan revertir la situaci\u00f3n. <\/p>\n<\/div>\n<div class=\"sc-80531b6b-0 chRIGJ container-text text-embed\">\n<p>El director de la<strong> Federaci\u00f3n de Tenis de Chile<\/strong>, Sergio El\u00edas, le escribi\u00f3 una dura carta a <strong>David Haggerty<\/strong>, titular de la <strong>Federaci\u00f3n Internacional de Tenis<\/strong>, para exigir que se le devuelvan los puntos a Chile. En la misiva detall\u00f3 lo ocurrido, de acuerdo a su punto de vista, en el partido entre Garin y Bergs y consider\u00f3 que &#8220;<strong>se produjo una flagrante violaci\u00f3n del fair play, que afect\u00f3 significativamente al resultado de la eliminatoria<\/strong>&#8220;.<\/p>\n<\/div>\n<div class=\"sc-80531b6b-0 chRIGJ container-text text-embed\">\n<p><em>&#8220;A pesar de la clara evidencia en video del incidente y de una evaluaci\u00f3n m\u00e9dica realizada por el doctor Alejandro Orizola, el m\u00e9dico oficial de la delegaci\u00f3n chilena, que confirm\u00f3 que el se\u00f1or Gar\u00edn sufri\u00f3 un golpe en el ojo y la cabeza, <\/em><strong><em>lo que le caus\u00f3 hinchaz\u00f3n, problemas de visi\u00f3n, n\u00e1useas y un fuerte dolor de cabeza<\/em><\/strong><em>, el juez de silla, se\u00f1or Carlos Ramos, no aplic\u00f3 la sanci\u00f3n correspondiente&#8221;<\/em>, apunt\u00f3 El\u00edas en su descargo.<\/p>\n<\/div>\n<div class=\"sc-80531b6b-0 chRIGJ container-text text-embed\">\n<p>Y continu\u00f3: <em>&#8220;En lugar de descalificar al se\u00f1or Bergs, como lo exigen las reglas de la ITF en casos de agresi\u00f3n en la cancha o conducta imprudente, el \u00e1rbitro descalific\u00f3 al se\u00f1or Gar\u00edn, otorgando injustamente la victoria a B\u00e9lgica&#8221;<\/em>.<\/p>\n<\/div>\n<div class=\"sc-80531b6b-0 chRIGJ container-text text-embed\">\n<p>El\u00edas no solamente apunt\u00f3 contra el juez de silla, tambi\u00e9n lo hizo contra el m\u00e9dico neutral que atendi\u00f3 a Garin despu\u00e9s del choque y determin\u00f3 que el chileno estaba en condiciones de seguir jugando: <em>&#8220;Realizar una evaluaci\u00f3n por una posible conmoci\u00f3n cerebral o lesi\u00f3n ocular en un per\u00edodo tan corto <\/em><strong><em>es altamente irresponsable y plantea importantes preocupaciones sobre la fiabilidad de los protocolos m\u00e9dicos aplicados en la Copa Davis<\/em><\/strong><em>&#8220;.<\/em><\/p>\n<\/div>\n<div class=\"sc-80531b6b-0 chRIGJ container-text text-embed\">\n<p>Luego, fue preciso a la hora de listar sus reclamos a la ITF, exigiendo una<em> &#8220;<\/em><strong><em>reversi\u00f3n inmediata del resultado del partido, otorgando la victoria al se\u00f1or Garin<\/em><\/strong><em> debido a la aplicaci\u00f3n incorrecta de las reglas y la clara interferencia f\u00edsica del se\u00f1or Bergs&#8221;.<\/em><\/p>\n<\/div>\n<div class=\"sc-80531b6b-0 chRIGJ container-text text-embed\">\n<p>Adem\u00e1s, solicit\u00f3 reprogramar el quinto partido que decidir\u00e1 el ganador de la serie, aunque tambi\u00e9n exigi\u00f3<em> &#8220;<\/em><strong><em>una entrada autom\u00e1tica como wild card a las Finales de la Copa Davis<\/em><\/strong><em>&#8221; <\/em>como medida compensatoria por &#8220;la falta de aplicaci\u00f3n de las reglas por parte de la ITF&#8221;.<\/p>\n<\/div>\n<div class=\"sc-80531b6b-0 chRIGJ container-text text-embed\">\n<p>Por \u00faltimo, pidi\u00f3 &#8220;una revisi\u00f3n interna del arbitraje en este partido, en particular las decisiones tomadas por el \u00e1rbitro, se\u00f1or Carlos Ramos&#8221;, con quien Garin se cruz\u00f3 despu\u00e9s del incidente para reprocharle. &#8220;<strong>No tienen los huevos para echarlo a \u00e9l, \u00e9chame a m\u00ed<\/strong>&#8220;, le recrimin\u00f3 el tenista trasandino.<\/p>\n<\/div>\n<p><h2>Qu\u00e9 dijo Garin tras el esc\u00e1ndalo entre Chile y B\u00e9lgica<\/h2>\n<\/p>\n<div class=\"sc-80531b6b-0 chRIGJ container-text text-embed\">\n<p>Garin, que mostr\u00f3 im\u00e1genes de la contusi\u00f3n en sus redes sociales, detall\u00f3 en la conferencia de prensa post partido c\u00f3mo vivi\u00f3 el incidente. <em>&#8220;Estaba dej\u00e1ndome el cien por ciento. De repente veo que Bergs salta hacia mi y que despierto dos segundos despu\u00e9s en el suelo. Perd\u00ed la conciencia tres segundos, me desmay\u00e9 y no entend\u00eda la situaci\u00f3n&#8221;<\/em>, revel\u00f3.<\/p>\n<\/div>\n<div class=\"sc-80531b6b-0 chRIGJ container-text text-embed\">\n<p>Y continu\u00f3<em>: &#8220;El \u00e1rbitro vino a obligarme a jugar, entonces no entend\u00eda la situaci\u00f3n, me pegaron en mi cabeza, me sent\u00eda mal. <\/em><strong><em>Me hubiera encantado terminar el partido de otra forma pero no entiendo porque me estaban obligando todo el tiempo a jugar, siendo que ten\u00eda una contusi\u00f3n, estaba mareado, no ve\u00eda bien&#8221;<\/em>.<\/strong><\/p>\n<\/div>\n<div class=\"sc-80531b6b-0 chRIGJ container-text text-embed\">\n<p>Nicol\u00e1s Mass\u00fa, capit\u00e1n del equipo chileno, tambi\u00e9n se mostr\u00f3 indignado por la decisi\u00f3n del juez y por la falta de disculpas del equipo belga tras las agresiones. <em>&#8220;Ha pasado casi una hora y media de esto y <\/em><strong><em>no hemos recibido una disculpa de nadie, ni siquiera han ido al vestuario a preguntar c\u00f3mo est\u00e1 \u00e9l<\/em><\/strong><em>&#8220;<\/em>, sentenci\u00f3.<\/p>\n<\/div>\n<p><h2>La reacci\u00f3n del mundo tras el esc\u00e1ndalo en B\u00e9lgica vs Chile<\/h2>\n<\/p>\n<div class=\"sc-80531b6b-0 chRIGJ container-text text-embed\">\n<p>La indignaci\u00f3n no es exclusiva de los chilenos. Tambi\u00e9n se hizo notar en todo el mundo. Tanto jugadores como medios internacionales dejaron en claro que no est\u00e1n de acuerdo con c\u00f3mo se termin\u00f3 el partido entre Garin y Bergs.<\/p>\n<\/div>\n<div class=\"sc-80531b6b-0 chRIGJ container-text text-embed\">\n<p>El argentino <strong>Federico Coria <\/strong>escribi\u00f3 en X, la ex Twitter, junto al video que se hizo viral del incidente: &#8220;Default 100%. Terriblemente perjudicado Chile, papel\u00f3n&#8221;. Por su parte, el boliviano <strong>Hugo Dellien<\/strong>, 122 del mundo, coment\u00f3: &#8220;\u00a1\u00a1\u00a1Qu\u00e9 locura, primero con Brasil y ahora pasa esto!!! Sin intenci\u00f3n pero pas\u00f3, ten\u00eda que ser descalificado. De nuevo con un pa\u00eds sudamericano. Muy raro&#8221;.<\/p>\n<\/div>\n<div class=\"sc-80531b6b-0 chRIGJ container-text text-embed\">\n<p>&#8220;Indignaci\u00f3n total&#8221;, titula el medio chileno <em>La Cuarta<\/em>, mientras que la prensa de B\u00e9lgica festeja el triunfo de su pa\u00eds como si nada hubiera pasado.<\/p>\n<\/div>\n<\/div>\n<p><br \/>\n<br \/><a href=\"https:\/\/www.clarin.com\/deportes\/fuerte-reclamo-chile-den-puntos-escandalo-belgica-copa-davis-decision-inaceptable-injusta_0_5AEaCEPCFb.html\">Fuente Clarin.com <\/a><\/p>\n","protected":false},"excerpt":{"rendered":"<p>Los Qualifiers de la Copa Davis se convirtieron este domingo en el escenario de una pol\u00e9mica de enormes dimensiones tras la descalificaci\u00f3n del chileno Cristian Garin y la consecuente victoria de B\u00e9lgica. Durante el cuarto partido en que el equipo sudamericano buscaba empatar la serie, el 132\u00b0 del mundo enfrentaba a Zizou Bergs, quien celebr\u00f3 [&hellip;]<\/p>\n","protected":false},"author":1,"featured_media":1641,"comment_status":"open","ping_status":"open","sticky":false,"template":"","format":"standard","meta":{"footnotes":""},"categories":[2],"tags":[271,300,3336,3337],"class_list":["post-1640","post","type-post","status-publish","format-standard","has-post-thumbnail","hentry","category-ultimas-noticias","tag-decision","tag-esta","tag-inaceptable","tag-injusta"],"_links":{"self":[{"href":"https:\/\/13.com.ar\/index.php\/wp-json\/wp\/v2\/posts\/1640","targetHints":{"allow":["GET"]}}],"collection":[{"href":"https:\/\/13.com.ar\/index.php\/wp-json\/wp\/v2\/posts"}],"about":[{"href":"https:\/\/13.com.ar\/index.php\/wp-json\/wp\/v2\/types\/post"}],"author":[{"embeddable":true,"href":"https:\/\/13.com.ar\/index.php\/wp-json\/wp\/v2\/users\/1"}],"replies":[{"embeddable":true,"href":"https:\/\/13.com.ar\/index.php\/wp-json\/wp\/v2\/comments?post=1640"}],"version-history":[{"count":0,"href":"https:\/\/13.com.ar\/index.php\/wp-json\/wp\/v2\/posts\/1640\/revisions"}],"wp:featuredmedia":[{"embeddable":true,"href":"https:\/\/13.com.ar\/index.php\/wp-json\/wp\/v2\/media\/1641"}],"wp:attachment":[{"href":"https:\/\/13.com.ar\/index.php\/wp-json\/wp\/v2\/media?parent=1640"}],"wp:term":[{"taxonomy":"category","embeddable":true,"href":"https:\/\/13.com.ar\/index.php\/wp-json\/wp\/v2\/categories?post=1640"},{"taxonomy":"post_tag","embeddable":true,"href":"https:\/\/13.com.ar\/index.php\/wp-json\/wp\/v2\/tags?post=1640"}],"curies":[{"name":"wp","href":"https:\/\/api.w.org\/{rel}","templated":true}]}}