{"id":1638,"date":"2025-02-03T13:22:31","date_gmt":"2025-02-03T16:22:31","guid":{"rendered":"https:\/\/13.com.ar\/index.php\/estados-unidos-pone-en-pausa-por-un-mes-los-aranceles-a-mexico\/"},"modified":"2025-02-03T13:22:31","modified_gmt":"2025-02-03T16:22:31","slug":"estados-unidos-pone-en-pausa-por-un-mes-los-aranceles-a-mexico","status":"publish","type":"post","link":"https:\/\/13.com.ar\/index.php\/estados-unidos-pone-en-pausa-por-un-mes-los-aranceles-a-mexico\/","title":{"rendered":"Estados Unidos pone en pausa por un mes los aranceles a M\u00e9xico"},"content":{"rendered":"<p> <br \/>\n<br \/><img decoding=\"async\" src=\"https:\/\/13.com.ar\/wp-content\/uploads\/2025\/02\/Estados-Unidos-pone-en-pausa-por-un-mes-los-aranceles.jpg\" \/><\/p>\n<div>\n<p>Luego de horas de fuerte tensi\u00f3n que impact\u00f3 en los mercados internacionales, Estados Unidos y M\u00e9xico <strong>acordaron este lunes postergar el alza de tarifas por un mes <\/strong>con una serie de acuerdos: la presidenta mexicana Claudia Sheinbaum se comprometi\u00f3 a enviar 10.000 soldados a la frontera para frenar el tr\u00e1fico de drogas y la migraci\u00f3n ilegal, dos reclamos del presidente Donald Trump, y el estadounidense trabajar\u00e1 para evitar el tr\u00e1fico de armas a M\u00e9xico.<\/p>\n<\/div>\n<div>\n<p>\u201cAcabo de hablar con la presidenta de M\u00e9xico, Claudia Sheinbaum. <strong>Fue una conversaci\u00f3n muy amistosa <\/strong>en la que acord\u00f3 suministrar inmediatamente 10,000 soldados mexicanos en la frontera que separa a M\u00e9xico y Estados Unidos. Estos soldados ser\u00e1n designados espec\u00edficamente para detener el flujo de fentanilo y migrantes ilegales a nuestro pa\u00eds\u201d, escribi\u00f3 Trump en su red Truth Social.<\/p>\n<\/div>\n<div>\n<p>\u201cAdem\u00e1s, acordamos hacer una pausa inmediata en los aranceles anticipados por un per\u00edodo de un mes, durante el cual tendremos negociaciones encabezadas por el Secretario de Estado, Marco Rubio, el Secretario del Tesoro, Scott Bessent, y el Secretario de Comercio, Howard Lutnick, y representantes de alto nivel de M\u00e9xico. Espero con inter\u00e9s participar en esas negociaciones, con la Presidenta Sheinbaum, en nuestro intento de lograr un &#8220;acuerdo&#8221; entre nuestros dos pa\u00edses\u201d, agreg\u00f3.<\/p>\n<\/div>\n<div>\n<p>Por su parte, la presidenta mexicana public\u00f3 en X: \u201cSostuvimos una buena conversaci\u00f3n con el presidente Trump con mucho respeto a nuestra relaci\u00f3n y la soberan\u00eda;<strong> llegamos a una serie de acuerdos\u201d:<\/strong><\/p>\n<\/div>\n<div>\n<p>\u201c1.M\u00e9xico reforzar\u00e1 la frontera norte <strong>con 10 mil elementos de la Guardia Nacional <\/strong>de forma inmediata, para evitar el tr\u00e1fico de drogas de M\u00e9xico a Estados Unidos, en particular fentanilo.<\/p>\n<\/div>\n<div>\n<p>2.Estados Unidos se compromete a trabajar para <strong>evitar el tr\u00e1fico de armas de alto poder<\/strong> a M\u00e9xico.<\/p>\n<\/div>\n<div>\n<p>3.Nuestros equipos empezar\u00e1n a trabajar hoy mismo en dos vertientes: <strong>seguridad y comercio.<\/strong><\/p>\n<\/div>\n<div>\n<p>4.Se ponen en pausa los aranceles por un mes a partir de ahora\u201d.<\/p>\n<\/div>\n<div>\n<p>La medida se produjo despu\u00e9s de que Trump firmara una orden ejecutiva el s\u00e1bado para imponer <strong>un arancel del 25% <\/strong>a casi todos los productos que ingresan a Estados Unidos desde Canad\u00e1 y M\u00e9xico a partir del martes.<\/p>\n<\/div>\n<div>\n<p>La medida desencaden\u00f3 aranceles de represalia por  parte de Canad\u00e1, y M\u00e9xico hab\u00eda amenazado con hacer lo mismo, aunque hab\u00eda demorado la medida.<\/p>\n<\/div>\n<div>\n<p><strong>Las acciones cayeron en respuesta a los aranceles<\/strong>, ya que economistas y ejecutivos de negocios advirtieron que podr\u00edan aumentar los precios en Estados Unidos y desencadenar una desaceleraci\u00f3n econ\u00f3mica. Estados Unidos importa m\u00e1s bienes de M\u00e9xico que cualquier otro pa\u00eds.<\/p>\n<\/div>\n<div>\n<p>Durante su primer mandato, Trump tambi\u00e9n hab\u00eda amenazado con imponer aranceles a M\u00e9xico, antes de dar marcha atr\u00e1s varios d\u00edas despu\u00e9s cuando M\u00e9xico r<strong>espondi\u00f3 con planes para aumentar la seguridad fronteriza.<\/strong><\/p>\n<\/div>\n<div>\n<p>Trump tambi\u00e9n dijo en las redes sociales que hab\u00eda hablado con el primer ministro canadiense, Justin Trudeau, el lunes por la ma\u00f1ana y que volver\u00eda a hablar con \u00e9l por la tarde.<\/p>\n<\/div>\n<p><br \/>\n<br \/><a href=\"https:\/\/www.clarin.com\/mundo\/guerra-comercial-estados-unidos-pone-pausa-mes-aranceles-mexico_0_mRNibE4E3X.html\">Fuente Clarin.com <\/a><\/p>\n","protected":false},"excerpt":{"rendered":"<p>Luego de horas de fuerte tensi\u00f3n que impact\u00f3 en los mercados internacionales, Estados Unidos y M\u00e9xico acordaron este lunes postergar el alza de tarifas por un mes con una serie de acuerdos: la presidenta mexicana Claudia Sheinbaum se comprometi\u00f3 a enviar 10.000 soldados a la frontera para frenar el tr\u00e1fico de drogas y la migraci\u00f3n [&hellip;]<\/p>\n","protected":false},"author":1,"featured_media":1639,"comment_status":"open","ping_status":"open","sticky":false,"template":"","format":"standard","meta":{"footnotes":""},"categories":[2],"tags":[1051,1737,28,196,184,1819,455,142,1738],"class_list":["post-1638","post","type-post","status-publish","format-standard","has-post-thumbnail","hentry","category-ultimas-noticias","tag-aranceles","tag-estados","tag-los","tag-mes","tag-mexico","tag-pausa","tag-pone","tag-por","tag-unidos"],"_links":{"self":[{"href":"https:\/\/13.com.ar\/index.php\/wp-json\/wp\/v2\/posts\/1638","targetHints":{"allow":["GET"]}}],"collection":[{"href":"https:\/\/13.com.ar\/index.php\/wp-json\/wp\/v2\/posts"}],"about":[{"href":"https:\/\/13.com.ar\/index.php\/wp-json\/wp\/v2\/types\/post"}],"author":[{"embeddable":true,"href":"https:\/\/13.com.ar\/index.php\/wp-json\/wp\/v2\/users\/1"}],"replies":[{"embeddable":true,"href":"https:\/\/13.com.ar\/index.php\/wp-json\/wp\/v2\/comments?post=1638"}],"version-history":[{"count":0,"href":"https:\/\/13.com.ar\/index.php\/wp-json\/wp\/v2\/posts\/1638\/revisions"}],"wp:featuredmedia":[{"embeddable":true,"href":"https:\/\/13.com.ar\/index.php\/wp-json\/wp\/v2\/media\/1639"}],"wp:attachment":[{"href":"https:\/\/13.com.ar\/index.php\/wp-json\/wp\/v2\/media?parent=1638"}],"wp:term":[{"taxonomy":"category","embeddable":true,"href":"https:\/\/13.com.ar\/index.php\/wp-json\/wp\/v2\/categories?post=1638"},{"taxonomy":"post_tag","embeddable":true,"href":"https:\/\/13.com.ar\/index.php\/wp-json\/wp\/v2\/tags?post=1638"}],"curies":[{"name":"wp","href":"https:\/\/api.w.org\/{rel}","templated":true}]}}