{"id":1634,"date":"2025-02-03T12:58:39","date_gmt":"2025-02-03T15:58:39","guid":{"rendered":"https:\/\/13.com.ar\/index.php\/la-oms-rebate-las-criticas-de-donald-trump-pero-ya-discute-un-fuerte-ajuste-para-hacerle-frente-a-la-salida-de-estados-unidos\/"},"modified":"2025-02-03T12:58:39","modified_gmt":"2025-02-03T15:58:39","slug":"la-oms-rebate-las-criticas-de-donald-trump-pero-ya-discute-un-fuerte-ajuste-para-hacerle-frente-a-la-salida-de-estados-unidos","status":"publish","type":"post","link":"https:\/\/13.com.ar\/index.php\/la-oms-rebate-las-criticas-de-donald-trump-pero-ya-discute-un-fuerte-ajuste-para-hacerle-frente-a-la-salida-de-estados-unidos\/","title":{"rendered":"La OMS rebate las cr\u00edticas de Donald Trump, pero ya discute un fuerte ajuste para hacerle frente a la salida de Estados Unidos"},"content":{"rendered":"<p> <br \/>\n<\/p>\n<div id=\"cuerpo\">\n<div class=\"sc-80531b6b-0 chRIGJ container-text text-embed\">\n<p>Este lunes se realiz\u00f3 la primera reuni\u00f3n del Consejo Ejecutivo de la <strong>Organizaci\u00f3n Mundial de la Salud (OMS)<\/strong> para discutir <strong>los ajustes presupuestarios<\/strong> del bienio 2026-2027. En este encuentro el director general, Tedros Adhanom Ghebreyesus, <strong>refut\u00f3 las cr\u00edticas de Donald Trump<\/strong> hacia la organizaci\u00f3n y adem\u00e1s anunci\u00f3 las nuevas medidas frente a la salida de Estados Unidos.<\/p>\n<\/div>\n<div class=\"sc-80531b6b-0 chRIGJ container-text text-embed\">\n<p>Algunas de las cr\u00edticas de Trump fueron que la OMS fracas\u00f3 en adoptar reformas urgentes, que implementa cuotas exageradas, la catalog\u00f3 como una organizaci\u00f3n con mala gesti\u00f3n y sobre todo, remarc\u00f3 la \u201cfalta de independencia frente a la inapropiada influencia pol\u00edtica de los Estados miembros\u201d. Es decir, remarcando que la financiaci\u00f3n de la OMS depende en gran parte de Estados Unidos.<\/p>\n<\/div>\n<div class=\"sc-80531b6b-0 chRIGJ container-text text-embed\">\n<p>El director de la OMS respondi\u00f3 en la reuni\u00f3n sobre estos dichos, ante los representantes de los 35 pa\u00edses que la integran. Su primera respuesta fue que \u201cdurante los \u00faltimos siete a\u00f1os se han implementado las reformas m\u00e1s profundas y amplias en la historia de la Organizaci\u00f3n\u201d y explic\u00f3 que <strong>se realizaron en este tiempo 85 reformas y que recibieron 97 propuestas<\/strong> por parte de los Estados miembros.<\/p>\n<\/div>\n<div class=\"sc-80531b6b-0 chRIGJ container-text text-embed\">\n<p>La asamblea se va extender hasta el 11 de febrero y se realiza con la intenci\u00f3n de marcar el panorama anual y establecer las principales medidas y decisiones que se llevar\u00e1n a cabo durante todo el a\u00f1o. Todas los temas que se van a debatir solo pueden entrar en funcionamiento si son aprobadas en la asamblea anual en mayo.<\/p>\n<\/div>\n<div class=\"sc-80531b6b-0 chRIGJ container-text text-embed\">\n<p>Sobre las acusaciones de los pagos desproporcionados y aranceles hacia Estado Unidos, Tedros sostuvo que una de sus principales \u00e1reas de transformaci\u00f3n es<strong> reducir la dependencia excesiva de unos pocos donantes <\/strong>y reconoci\u00f3 que representa un gran riesgo para la OMS depender tanto del pa\u00eds norteamericano.<\/p>\n<\/div>\n<div class=\"sc-80531b6b-0 chRIGJ container-text text-embed\">\n<p>Para mejorar este punto en espec\u00edfico, una de las primeras medidas que se va a implementar es que pidi\u00f3 al Comit\u00e9 Ejecutivo que respalde la propuesta de aumentar las contribuciones obligatorias de los pa\u00edses al presupuesto de la OMS. Para el per\u00edodo 2024-2025 el presupuesto fue de 6.800 millones de d\u00f3lares, de los que mayor parte fueron contribuciones voluntarias.<\/p>\n<\/div>\n<div class=\"sc-198be8ec-0 cynXbu image-embed  image-embed \"><picture class=\"sc-198be8ec-1 kOjRiQ\"><source media=\"(min-width: 975px)\" width=\"720\" height=\"480\" \/><img alt=\"Donald Trump anunci\u00f3 la salida de Estados Unidos de la OMS. Foto Reuter.\" loading=\"lazy\" width=\"720\" height=\"480\" decoding=\"async\" data-nimg=\"1\" style=\"color:transparent\" src=\"https:\/\/13.com.ar\/wp-content\/uploads\/2025\/02\/La-OMS-rebate-las-criticas-de-Donald-Trump-pero-ya.jpg\"\/><span class=\"epigraphe\">Donald Trump anunci\u00f3 la salida de Estados Unidos de la OMS. Foto Reuter.<\/span><span class=\"bkg\"\/><span class=\"picture-open\"><button class=\"open-image\" aria-label=\"Open Image\"\/><\/span><\/picture><\/div>\n<div class=\"sc-80531b6b-0 chRIGJ container-text text-embed\">\n<p>Por otro lado, respecto de la mala gesti\u00f3n de la pandemia COVID-19 que le catalog\u00f3 Trump, el director general se defendi\u00f3 y enfatiz\u00f3 que sus equipos reaccionaron r\u00e1pidamente y que se realizaron varias reuniones de emergencia con expertos y directrices para mantener a los pa\u00edses protegidos.<\/p>\n<\/div>\n<div class=\"sc-80531b6b-0 chRIGJ container-text text-embed\">\n<p>Adem\u00e1s, sobre la influencia china en la organizaci\u00f3n, que Trump rechaz\u00f3 desde tu primer mandato, insisti\u00f3 que \u201cla OMS es imparcial y existe para servir a todos los pa\u00edses, siempre y cuando est\u00e9n apoyadas por evidencia cient\u00edfica\u201d.<\/p>\n<\/div>\n<div class=\"sc-80531b6b-0 chRIGJ container-text text-embed\">\n<p>Por \u00faltimo, Tedros le extendi\u00f3 una invitaci\u00f3n a Donald Trump para que considere su decisi\u00f3n de dejar la organizaci\u00f3n y para entablar un di\u00e1logo para \u201cpreservar y fortalecer la hist\u00f3rica relaci\u00f3n\u201d entre ambas partes. \u201cAs\u00ed que estamos realizando muchas reformas y las adicionales son bienvenidas\u201d, enfatiz\u00f3.<\/p>\n<\/div>\n<p><h2>Fuerte ajuste ante la salida de Trump<\/h2>\n<\/p>\n<div class=\"sc-80531b6b-0 chRIGJ container-text text-embed\">\n<p>La salida de Estados Unidos de la OMS fue anunciada por Trump desde el primer d\u00eda de su mandato, sin embargo esta decisi\u00f3n no va a ser efectiva sino hasta el 2026. Esto representa un gran riesgo para la organizaci\u00f3n ya que es uno de sus principales socios financieros, por lo que se est\u00e1n discutiendo fuertes ajustes para balancear la situaci\u00f3n.<\/p>\n<\/div>\n<div class=\"sc-80531b6b-0 chRIGJ container-text text-embed\">\n<p>En primer lugar, el comit\u00e9 propuso<strong> la reducci\u00f3n del presupuesto general de 7.473 millones de d\u00f3lares a unos 7.050 millones<\/strong>. Esta informaci\u00f3n fue publicada en los documentos del Consejo y tendr\u00eda vigencia si es aprobada en la asamblea de mayo.<\/p>\n<\/div>\n<div class=\"sc-80531b6b-0 chRIGJ container-text text-embed\">\n<p>De todos modos esta reducci\u00f3n representa un aumento del 3% en comparaci\u00f3n al presupuesto del 2024-2025, que fue 6.834 millones. Estados Unidos <strong>hizo una contribuci\u00f3n de 706 millones de d\u00f3lares en este per\u00edodo<\/strong>, es decir, m\u00e1s de un 10% del presupuesto total.<\/p>\n<\/div>\n<div class=\"sc-80531b6b-0 chRIGJ container-text text-embed\">\n<p>Otra de las medidas ser\u00e1 la congelaci\u00f3n de nuevas contrataciones \u201cexcepto en las \u00e1reas m\u00e1s cr\u00edticas\u201d, la limitaci\u00f3n del reemplazo de equipos tecnol\u00f3gicos, la suspensi\u00f3n de trabajos de remodelaci\u00f3n de oficinas y la renegociaci\u00f3n de contratos con determinados proveedores.<\/p>\n<\/div>\n<div class=\"sc-80531b6b-0 chRIGJ container-text text-embed\">\n<p>Tambi\u00e9n anunciaron que la OMS reducir\u00e1 significativamente los gastos en viajes y priorizar\u00e1 m\u00e1s las reuniones virtuales.<\/p>\n<\/div>\n<div class=\"sc-80531b6b-0 chRIGJ container-text text-embed\">\n<p><em>Con informaci\u00f3n de agencias<\/em><\/p>\n<\/div>\n<\/div>\n<p><br \/>\n<br \/><a href=\"https:\/\/www.clarin.com\/mundo\/oms-rebate-criticas-donald-trump-discute-fuerte-ajuste-hacerle-frente-salida-estados-unidos_0_Nf07aAeSoT.html\">Fuente Clarin.com <\/a><\/p>\n","protected":false},"excerpt":{"rendered":"<p>Este lunes se realiz\u00f3 la primera reuni\u00f3n del Consejo Ejecutivo de la Organizaci\u00f3n Mundial de la Salud (OMS) para discutir los ajustes presupuestarios del bienio 2026-2027. En este encuentro el director general, Tedros Adhanom Ghebreyesus, refut\u00f3 las cr\u00edticas de Donald Trump hacia la organizaci\u00f3n y adem\u00e1s anunci\u00f3 las nuevas medidas frente a la salida de [&hellip;]<\/p>\n","protected":false},"author":1,"featured_media":1635,"comment_status":"open","ping_status":"open","sticky":false,"template":"","format":"standard","meta":{"footnotes":""},"categories":[2],"tags":[2991,2761,3327,178,1737,802,624,3328,48,3325,16,265,3326,443,179,1738],"class_list":["post-1634","post","type-post","status-publish","format-standard","has-post-thumbnail","hentry","category-ultimas-noticias","tag-ajuste","tag-criticas","tag-discute","tag-donald","tag-estados","tag-frente","tag-fuerte","tag-hacerle","tag-las","tag-oms","tag-para","tag-pero","tag-rebate","tag-salida","tag-trump","tag-unidos"],"_links":{"self":[{"href":"https:\/\/13.com.ar\/index.php\/wp-json\/wp\/v2\/posts\/1634","targetHints":{"allow":["GET"]}}],"collection":[{"href":"https:\/\/13.com.ar\/index.php\/wp-json\/wp\/v2\/posts"}],"about":[{"href":"https:\/\/13.com.ar\/index.php\/wp-json\/wp\/v2\/types\/post"}],"author":[{"embeddable":true,"href":"https:\/\/13.com.ar\/index.php\/wp-json\/wp\/v2\/users\/1"}],"replies":[{"embeddable":true,"href":"https:\/\/13.com.ar\/index.php\/wp-json\/wp\/v2\/comments?post=1634"}],"version-history":[{"count":0,"href":"https:\/\/13.com.ar\/index.php\/wp-json\/wp\/v2\/posts\/1634\/revisions"}],"wp:featuredmedia":[{"embeddable":true,"href":"https:\/\/13.com.ar\/index.php\/wp-json\/wp\/v2\/media\/1635"}],"wp:attachment":[{"href":"https:\/\/13.com.ar\/index.php\/wp-json\/wp\/v2\/media?parent=1634"}],"wp:term":[{"taxonomy":"category","embeddable":true,"href":"https:\/\/13.com.ar\/index.php\/wp-json\/wp\/v2\/categories?post=1634"},{"taxonomy":"post_tag","embeddable":true,"href":"https:\/\/13.com.ar\/index.php\/wp-json\/wp\/v2\/tags?post=1634"}],"curies":[{"name":"wp","href":"https:\/\/api.w.org\/{rel}","templated":true}]}}