{"id":1632,"date":"2025-02-03T12:55:27","date_gmt":"2025-02-03T15:55:27","guid":{"rendered":"https:\/\/13.com.ar\/index.php\/cuando-y-donde-se-juega-el-superclasico-boca-vs-river-del-torneo-apertura-2025\/"},"modified":"2025-02-03T12:55:27","modified_gmt":"2025-02-03T15:55:27","slug":"cuando-y-donde-se-juega-el-superclasico-boca-vs-river-del-torneo-apertura-2025","status":"publish","type":"post","link":"https:\/\/13.com.ar\/index.php\/cuando-y-donde-se-juega-el-superclasico-boca-vs-river-del-torneo-apertura-2025\/","title":{"rendered":"Cu\u00e1ndo y d\u00f3nde se juega el Supercl\u00e1sico Boca vs River del Torneo Apertura 2025"},"content":{"rendered":"<p> <br \/>\n<br \/><img decoding=\"async\" src=\"https:\/\/13.com.ar\/wp-content\/uploads\/2025\/02\/Cuando-y-donde-se-juega-el-Superclasico-Boca-vs-River.jpg\" \/><\/p>\n<div>\n<p>El Torneo Apertura 2025 del f\u00fatbol argentino ya se puso en marcha, y muchos fan\u00e1ticos de River y Boca se preguntan cu\u00e1ndo y d\u00f3nde se jugar\u00e1 el <strong>Supercl\u00e1sico<\/strong>.<\/p>\n<\/div>\n<div>\n<p>El encuentro entre ambos equipos <strong>ser\u00e1 en la fecha 15, en la pen\u00faltima jornada del Apertura,<\/strong> justo cuando est\u00e9n probablemente definiendo su clasificaci\u00f3n a los playoffs.<\/p>\n<\/div>\n<div>\n<p><strong>El Torneo Apertura 2025 promete un calendario con cl\u00e1sicos<\/strong> casi todos los fines de semana. Desde el esperado Boca vs River y el cl\u00e1sico de Avellaneda entre Independiente y Racing, hasta el duelo rosarino entre Newell\u2019s y Rosario Central, entre otros.<\/p>\n<\/div>\n<div>\n<p>Por esta raz\u00f3n, el Comit\u00e9 Ejecutivo de la Asociaci\u00f3n del F\u00fatbol Argentino defini\u00f3 la temporada 2025 de la Liga Profesional de F\u00fatbol y <strong>confirm\u00f3 que Boca y River se enfrentar\u00e1n en el Monumental el domingo 27 de abril, por la fecha 15.<\/strong> Sin embargo, el horario a\u00fan no fue confirmado.<\/p>\n<\/div>\n<div>\n<p>Los equipos de la Liga Profesional Argentina <strong>comenzaron a competir el 23 de enero con 30 equipos y finalizar\u00e1 el 1\u00b0 de junio. <\/strong>La competencia se est\u00e1 desarrollando de la siguiente manera:<\/p>\n<\/div>\n<p><br \/>\n<br \/><a href=\"https:\/\/www.clarin.com\/informacion-general\/juega-superclasico-boca-vs-river-torneo-apertura-2025_0_Nai6whbEPW.html\">Fuente Clarin.com <\/a><\/p>\n","protected":false},"excerpt":{"rendered":"<p>El Torneo Apertura 2025 del f\u00fatbol argentino ya se puso en marcha, y muchos fan\u00e1ticos de River y Boca se preguntan cu\u00e1ndo y d\u00f3nde se jugar\u00e1 el Supercl\u00e1sico. El encuentro entre ambos equipos ser\u00e1 en la fecha 15, en la pen\u00faltima jornada del Apertura, justo cuando est\u00e9n probablemente definiendo su clasificaci\u00f3n a los playoffs. El [&hellip;]<\/p>\n","protected":false},"author":1,"featured_media":1633,"comment_status":"open","ping_status":"open","sticky":false,"template":"","format":"standard","meta":{"footnotes":""},"categories":[2],"tags":[1026,707,677,100,743,1027,595,3324,1025],"class_list":["post-1632","post","type-post","status-publish","format-standard","has-post-thumbnail","hentry","category-ultimas-noticias","tag-apertura","tag-boca","tag-cuando","tag-del","tag-donde","tag-juega","tag-river","tag-superclasico","tag-torneo"],"_links":{"self":[{"href":"https:\/\/13.com.ar\/index.php\/wp-json\/wp\/v2\/posts\/1632","targetHints":{"allow":["GET"]}}],"collection":[{"href":"https:\/\/13.com.ar\/index.php\/wp-json\/wp\/v2\/posts"}],"about":[{"href":"https:\/\/13.com.ar\/index.php\/wp-json\/wp\/v2\/types\/post"}],"author":[{"embeddable":true,"href":"https:\/\/13.com.ar\/index.php\/wp-json\/wp\/v2\/users\/1"}],"replies":[{"embeddable":true,"href":"https:\/\/13.com.ar\/index.php\/wp-json\/wp\/v2\/comments?post=1632"}],"version-history":[{"count":0,"href":"https:\/\/13.com.ar\/index.php\/wp-json\/wp\/v2\/posts\/1632\/revisions"}],"wp:featuredmedia":[{"embeddable":true,"href":"https:\/\/13.com.ar\/index.php\/wp-json\/wp\/v2\/media\/1633"}],"wp:attachment":[{"href":"https:\/\/13.com.ar\/index.php\/wp-json\/wp\/v2\/media?parent=1632"}],"wp:term":[{"taxonomy":"category","embeddable":true,"href":"https:\/\/13.com.ar\/index.php\/wp-json\/wp\/v2\/categories?post=1632"},{"taxonomy":"post_tag","embeddable":true,"href":"https:\/\/13.com.ar\/index.php\/wp-json\/wp\/v2\/tags?post=1632"}],"curies":[{"name":"wp","href":"https:\/\/api.w.org\/{rel}","templated":true}]}}