{"id":1631,"date":"2025-02-03T12:52:26","date_gmt":"2025-02-03T15:52:26","guid":{"rendered":"https:\/\/13.com.ar\/index.php\/nos-nos-movemos-del-orden-fiscal-y-monetario\/"},"modified":"2025-02-03T12:52:26","modified_gmt":"2025-02-03T15:52:26","slug":"nos-nos-movemos-del-orden-fiscal-y-monetario","status":"publish","type":"post","link":"https:\/\/13.com.ar\/index.php\/nos-nos-movemos-del-orden-fiscal-y-monetario\/","title":{"rendered":"Nos nos movemos del orden fiscal y monetario"},"content":{"rendered":"<p> <br \/>\n<br \/><img decoding=\"async\" src=\"https:\/\/13.com.ar\/wp-content\/uploads\/2025\/02\/El-enojo-del-ministro-Luis-Caputo-con-un-banco-de.jpg\" \/><\/p>\n<div>\n<p>En medio de un panorama negativo a nivel internacional, con ca\u00eddas generalizadas en los principales mercados de acciones de Asia y Europa, el Gobierno del presidente Javier Milei sali\u00f3 a apuntalar la confianza de los inversores reiterando que <strong>no se apartar\u00e1 de los principales lineamientos<\/strong> que hasta el momento han sido eficaces para bajar la inflaci\u00f3n y equilibrar la macroeconom\u00eda local.<\/p>\n<\/div>\n<div>\n<p>Quien busc\u00f3 llevar calma a los mercados financieros locales fue el propio ministro de Econom\u00eda, <strong>Luis Caputo<\/strong>, con un escueto mensaje que public\u00f3 en su cuenta de la red social X.<\/p>\n<\/div>\n<div>\n<p>&#8220;Algunos preguntando por el contexto internacional. Siempre contemplamos la posibilidad de que haya shocks externos, como el que estamos viendo en este momento. El mejor ant\u00eddoto contra esto es garantizarles a los argentinos que este gobierno<strong> nunca se va mover un cent\u00edmetro del orden fiscal y monetario<\/strong> que llevamos adelante desde el d\u00eda 1&#8243;, escribi\u00f3 Caputo minutos antes del mediod\u00eda de este lunes.<\/p>\n<\/div>\n<div>\n<p>&#8220;Seguiremos combatiendo el excesivo gasto p\u00fablico para conseguir el mayor super\u00e1vit posible y continuar bajando impuestos&#8221;, concluy\u00f3 su publicaci\u00f3n.<\/p>\n<\/div>\n<p><br \/>\n<br \/><a href=\"https:\/\/www.clarin.com\/economia\/gobierno-salio-ratificar-rumbo-economico-caidas-mercados-globales-movemos-orden-fiscal-monetario_0_2DD9nTP7wN.html\">Fuente Clarin.com <\/a><\/p>\n","protected":false},"excerpt":{"rendered":"<p>En medio de un panorama negativo a nivel internacional, con ca\u00eddas generalizadas en los principales mercados de acciones de Asia y Europa, el Gobierno del presidente Javier Milei sali\u00f3 a apuntalar la confianza de los inversores reiterando que no se apartar\u00e1 de los principales lineamientos que hasta el momento han sido eficaces para bajar la [&hellip;]<\/p>\n","protected":false},"author":1,"featured_media":1164,"comment_status":"open","ping_status":"open","sticky":false,"template":"","format":"standard","meta":{"footnotes":""},"categories":[2],"tags":[100,3322,3323,3321,1248,1185],"class_list":["post-1631","post","type-post","status-publish","format-standard","has-post-thumbnail","hentry","category-ultimas-noticias","tag-del","tag-fiscal","tag-monetario","tag-movemos","tag-nos","tag-orden"],"_links":{"self":[{"href":"https:\/\/13.com.ar\/index.php\/wp-json\/wp\/v2\/posts\/1631","targetHints":{"allow":["GET"]}}],"collection":[{"href":"https:\/\/13.com.ar\/index.php\/wp-json\/wp\/v2\/posts"}],"about":[{"href":"https:\/\/13.com.ar\/index.php\/wp-json\/wp\/v2\/types\/post"}],"author":[{"embeddable":true,"href":"https:\/\/13.com.ar\/index.php\/wp-json\/wp\/v2\/users\/1"}],"replies":[{"embeddable":true,"href":"https:\/\/13.com.ar\/index.php\/wp-json\/wp\/v2\/comments?post=1631"}],"version-history":[{"count":0,"href":"https:\/\/13.com.ar\/index.php\/wp-json\/wp\/v2\/posts\/1631\/revisions"}],"wp:featuredmedia":[{"embeddable":true,"href":"https:\/\/13.com.ar\/index.php\/wp-json\/wp\/v2\/media\/1164"}],"wp:attachment":[{"href":"https:\/\/13.com.ar\/index.php\/wp-json\/wp\/v2\/media?parent=1631"}],"wp:term":[{"taxonomy":"category","embeddable":true,"href":"https:\/\/13.com.ar\/index.php\/wp-json\/wp\/v2\/categories?post=1631"},{"taxonomy":"post_tag","embeddable":true,"href":"https:\/\/13.com.ar\/index.php\/wp-json\/wp\/v2\/tags?post=1631"}],"curies":[{"name":"wp","href":"https:\/\/api.w.org\/{rel}","templated":true}]}}