{"id":1625,"date":"2025-02-03T12:40:19","date_gmt":"2025-02-03T15:40:19","guid":{"rendered":"https:\/\/13.com.ar\/index.php\/jesica-cirio-rompio-el-silencio-y-hablo-sobre-su-separacion-de-elias-piccirillo\/"},"modified":"2025-02-03T12:40:19","modified_gmt":"2025-02-03T15:40:19","slug":"jesica-cirio-rompio-el-silencio-y-hablo-sobre-su-separacion-de-elias-piccirillo","status":"publish","type":"post","link":"https:\/\/13.com.ar\/index.php\/jesica-cirio-rompio-el-silencio-y-hablo-sobre-su-separacion-de-elias-piccirillo\/","title":{"rendered":"J\u00e9sica Cirio rompi\u00f3 el silencio y habl\u00f3 sobre su separaci\u00f3n de El\u00edas Piccirillo"},"content":{"rendered":"<p> <br \/>\n<\/p>\n<div id=\"cuerpo\">\n<div class=\"sc-80531b6b-0 chRIGJ container-text text-embed\">\n<p><strong>J\u00e9sica Cirio<\/strong> rompi\u00f3 el silencio y neg\u00f3 estar separada de<strong> El\u00edas Piccirillo<\/strong>, luego de que trascendieran versiones que aseguraban lo contrario.<\/p>\n<\/div>\n<div class=\"sc-80531b6b-0 chRIGJ container-text text-embed\">\n<p>Todo comenz\u00f3 el pasado domingo cuando Paula Varela cont\u00f3 en sus redes que la medi\u00e1tica hab\u00eda decidido poner fin a la relaci\u00f3n, que \u00e9l hab\u00eda dejado la casa que compart\u00edan en Nordelta y que ella estaba viviendo sola.<\/p>\n<\/div>\n<div class=\"sc-80531b6b-0 chRIGJ container-text text-embed\">\n<p>Esto llam\u00f3 mucho la atenci\u00f3n ya que la pareja hab\u00eda decidido casarse hace apenas ocho meses. Adem\u00e1s, la modelo hab\u00eda manifestado que ten\u00eda ganas de volver a ser madre.<\/p>\n<\/div>\n<div class=\"sc-80531b6b-0 chRIGJ container-text text-embed\">\n<p>Sin embargo, por estas horas, Varela volvi\u00f3 a aparecer en su cuenta de Instagram y, a trav\u00e9s de un video, revel\u00f3 que le hab\u00eda enviado un mensaje a Cirio y que ella le contest\u00f3 que <strong>no est\u00e1 separada del empresario.<\/strong><\/p>\n<\/div>\n<div class=\"sc-80531b6b-0 chRIGJ container-text text-embed\">\n<p>\u201cEllos se van a Punta del Este este verano, la pasan divino. Cuando llegan a Buenos Aires <strong>ella, por algunas cosas que ya ven\u00eda hablando con algunas amigas, <\/strong>tengo incluso hasta textuales que le habr\u00eda dicho a algunas amigas, <strong>toma la decisi\u00f3n de separarse<\/strong>\u201d, relat\u00f3 Varela.<\/p>\n<\/div>\n<div class=\"sc-ad4aedf2-0 dPPgNJ border-video video-embed horizontal border-video video-embed horizontal\">\n<div class=\"sc-ad4aedf2-1 hnFuni videoText videoText\">\n<h2>Video<\/h2>\n<p>Paula Varela asegur\u00f3 que J\u00e9sica Cirio se separ\u00f3 de El\u00edas Piccirillo<\/p>\n<\/div>\n<\/div>\n<div class=\"sc-80531b6b-0 chRIGJ container-text text-embed\">\n<p>\u201c<strong>Lo habr\u00eda echado de la casa.<\/strong> Ella est\u00e1 ahora viviendo sola en el Yacht de Nordelta. Me dicen que no sale de ah\u00ed, que \u00e9l la llama todo el tiempo, que es bastante insistente, \u00e9l quiere volver y la llama varias veces al d\u00eda\u201d, detall\u00f3.<\/p>\n<\/div>\n<div class=\"sc-80531b6b-0 chRIGJ container-text text-embed\">\n<p>Adem\u00e1s, la periodista asegur\u00f3 que tiene \u201cmucha m\u00e1s informaci\u00f3n\u201d pero que prefiere guardarla y que la cuenten los protagonistas. Luego, dijo que, a ra\u00edz de los datos que ten\u00eda, decidi\u00f3 comunicarse con la modelo.<\/p>\n<\/div>\n<div class=\"sc-80531b6b-0 chRIGJ container-text text-embed\">\n<p><strong>\u201cJ\u00e9sica me dice: \u2018no, no estoy separada\u2019. Yo le digo: \u2018Mir\u00e1 J\u00e9sica, la informaci\u00f3n que yo tengo viene de gente con la que vos has hablado\u201d<\/strong>, explic\u00f3 Paula.<\/p>\n<\/div>\n<div class=\"sc-198be8ec-0 cynXbu image-embed  image-embed \"><picture class=\"sc-198be8ec-1 kOjRiQ\"><source media=\"(min-width: 975px)\" width=\"720\" height=\"480\" \/><img alt=\"J\u00e9sica Cirio y El\u00edas Piccirillo en Punta del Este. Foto: Instagram\" loading=\"lazy\" width=\"720\" height=\"480\" decoding=\"async\" data-nimg=\"1\" style=\"color:transparent\" src=\"https:\/\/13.com.ar\/wp-content\/uploads\/2025\/02\/Jesica-Cirio-rompio-el-silencio-y-hablo-sobre-su-separacion.jpg\"\/><span class=\"epigraphe\">J\u00e9sica Cirio y El\u00edas Piccirillo en Punta del Este. Foto: Instagram<\/span><span class=\"bkg\"\/><span class=\"picture-open\"><button class=\"open-image\" aria-label=\"Open Image\"\/><\/span><\/picture><\/div>\n<div class=\"sc-80531b6b-0 chRIGJ container-text text-embed\">\n<p>Y agreg\u00f3 que entiende y respeta a Cirio y que \u201ca veces uno no termina de tomar la decisi\u00f3n, entonces prefiere no hacerlo p\u00fablico, no hacerlo medi\u00e1tico\u201d.<\/p>\n<\/div>\n<div class=\"sc-80531b6b-0 chRIGJ container-text text-embed\">\n<p>\u201cNobleza obliga, yo cuento lo que me dijo J\u00e9sica, sostengo obviamente mi informaci\u00f3n. Si es una crisis, ojal\u00e1 pase r\u00e1pido y si no, se confirmar\u00e1 esta separaci\u00f3n\u201d, cerr\u00f3.<\/p>\n<\/div>\n<div class=\"sc-80531b6b-0 chRIGJ container-text text-embed\">\n<p>Cabe recordar que hace dos semanas trascendieron rumores que involucraban al El\u00edas con una estafa millonaria y, en un audio que se viraliz\u00f3, se escucha que el empresario admite que tiene <strong>una deuda de seis millones de d\u00f3lares.<\/strong><\/p>\n<\/div>\n<div class=\"sc-80531b6b-0 chRIGJ container-text text-embed\">\n<p><strong>\u201cPero yo te lo di hace poco esos 6 palos. Te di primero uno, dos. Despu\u00e9s me devolviste&#8230;\u201d<\/strong>,  dice Piccirillo en el mencionado audio.<\/p>\n<\/div>\n<\/div>\n<p><br \/>\n<br \/><a href=\"https:\/\/www.clarin.com\/fama\/jesica-cirio-rompio-silencio-hablo-separacion-elias-piccirillo_0_CZxQKAWJx3.html\">Fuente Clarin.com <\/a><\/p>\n","protected":false},"excerpt":{"rendered":"<p>J\u00e9sica Cirio rompi\u00f3 el silencio y neg\u00f3 estar separada de El\u00edas Piccirillo, luego de que trascendieran versiones que aseguraban lo contrario. Todo comenz\u00f3 el pasado domingo cuando Paula Varela cont\u00f3 en sus redes que la medi\u00e1tica hab\u00eda decidido poner fin a la relaci\u00f3n, que \u00e9l hab\u00eda dejado la casa que compart\u00edan en Nordelta y que [&hellip;]<\/p>\n","protected":false},"author":1,"featured_media":1626,"comment_status":"open","ping_status":"open","sticky":false,"template":"","format":"standard","meta":{"footnotes":""},"categories":[2],"tags":[3311,3314,347,3310,3315,3312,3313,501,732],"class_list":["post-1625","post","type-post","status-publish","format-standard","has-post-thumbnail","hentry","category-ultimas-noticias","tag-cirio","tag-elias","tag-hablo","tag-jesica","tag-piccirillo","tag-rompio","tag-separacion","tag-silencio","tag-sobre"],"_links":{"self":[{"href":"https:\/\/13.com.ar\/index.php\/wp-json\/wp\/v2\/posts\/1625","targetHints":{"allow":["GET"]}}],"collection":[{"href":"https:\/\/13.com.ar\/index.php\/wp-json\/wp\/v2\/posts"}],"about":[{"href":"https:\/\/13.com.ar\/index.php\/wp-json\/wp\/v2\/types\/post"}],"author":[{"embeddable":true,"href":"https:\/\/13.com.ar\/index.php\/wp-json\/wp\/v2\/users\/1"}],"replies":[{"embeddable":true,"href":"https:\/\/13.com.ar\/index.php\/wp-json\/wp\/v2\/comments?post=1625"}],"version-history":[{"count":0,"href":"https:\/\/13.com.ar\/index.php\/wp-json\/wp\/v2\/posts\/1625\/revisions"}],"wp:featuredmedia":[{"embeddable":true,"href":"https:\/\/13.com.ar\/index.php\/wp-json\/wp\/v2\/media\/1626"}],"wp:attachment":[{"href":"https:\/\/13.com.ar\/index.php\/wp-json\/wp\/v2\/media?parent=1625"}],"wp:term":[{"taxonomy":"category","embeddable":true,"href":"https:\/\/13.com.ar\/index.php\/wp-json\/wp\/v2\/categories?post=1625"},{"taxonomy":"post_tag","embeddable":true,"href":"https:\/\/13.com.ar\/index.php\/wp-json\/wp\/v2\/tags?post=1625"}],"curies":[{"name":"wp","href":"https:\/\/api.w.org\/{rel}","templated":true}]}}