{"id":1619,"date":"2025-02-03T12:29:11","date_gmt":"2025-02-03T15:29:11","guid":{"rendered":"https:\/\/13.com.ar\/index.php\/milei-volveria-la-semana-proxima-a-washington-para-afianzar-su-relacion-con-trump-y-tambien-iria-a-espana\/"},"modified":"2025-02-03T12:29:11","modified_gmt":"2025-02-03T15:29:11","slug":"milei-volveria-la-semana-proxima-a-washington-para-afianzar-su-relacion-con-trump-y-tambien-iria-a-espana","status":"publish","type":"post","link":"https:\/\/13.com.ar\/index.php\/milei-volveria-la-semana-proxima-a-washington-para-afianzar-su-relacion-con-trump-y-tambien-iria-a-espana\/","title":{"rendered":"Milei volver\u00eda la semana pr\u00f3xima a Washington para afianzar su relaci\u00f3n con Trump y tambi\u00e9n ir\u00eda a Espa\u00f1a"},"content":{"rendered":"<p> <br \/>\n<br \/><img decoding=\"async\" src=\"https:\/\/13.com.ar\/wp-content\/uploads\/2025\/02\/Milei-volveria-la-semana-proxima-a-Washington-para-afianzar-su.jpg\" \/><\/p>\n<div>\n<p><strong>Seg\u00fan pudo averiguar este diario de fuentes oficiales y del sector aeron\u00e1utico consultadas, el Presidente volver\u00e1 a abordar el ARG-01 con una reducida comitiva el 14 de febrero pr\u00f3ximo con la intenci\u00f3n de hacer escala en la capital norteamericana.<\/strong> No se inform\u00f3 a\u00fan si aprovechar\u00e1 la estad\u00eda, de unos tres d\u00edas, para reencontrarse con el flamante mandatario estadounidense.<\/p>\n<\/div>\n<div>\n<p><strong>El propio Milei dio pistas este domingo de que en breve reanudar\u00eda su febril agenda exterior en un intercambio mensajes con usuarios de la red social X. Al ser consultado por la cuenta @MrStockable &#8220;cu\u00e1ndo por Espa\u00f1a&#8221;, el mandatario respondi\u00f3 &#8220;pronto&#8230;&#8221;.<\/strong><\/p>\n<\/div>\n<div>\n<p>El jefe de Estado, de hecho, volver\u00eda a la pen\u00ednsula ib\u00e9rica en marzo pr\u00f3ximo. Junto con los Estados Unidos, se trata del pa\u00eds que m\u00e1s ha visitado a lo largo de su mandato. El a\u00f1o pasado lo hizo en tres ocasiones para recibir premios, presentar su libro &#8220;El Camino del Libertario&#8221; y afianzar su v\u00ednculo con el l\u00edder de VOX,<strong> Santiago Abascal.<\/strong> No se descarta, en este sentido, que su nueva visita guarde relaci\u00f3n con alg\u00fan evento organizado por alg\u00fan grupo derechista.<\/p>\n<\/div>\n<div>\n<p>El 17 de enero pasado el mandatario hab\u00eda emprendido su primer gira exterior del a\u00f1o cuando abord\u00f3 el avi\u00f3n presidencial, en compa\u00f1\u00eda de <strong>Karina Milei,<\/strong> el canciller <strong>Gerardo Werthein<\/strong> y el ministro de Econom\u00eda,<strong> Luis &#8220;Toto&#8221; Caputo<\/strong>, para participar de la asunci\u00f3n de Trump. El 21 de ese mes,  en tanto, continu\u00f3 su traves\u00eda hacia Davos donde pronunci\u00f3 su pol\u00e9mico discurso ante la platea del Foro Econ\u00f3mico Mundial.<\/p>\n<\/div>\n<div>\n<p>Seg\u00fan se pudo averiguar de fuentes del sector aeron\u00e1utico, durante la traves\u00eda entre la capital norteamericana y la ciudad suiza -la m\u00e1s alta de Europa seg\u00fan se ufanan los organizadores del foro econ\u00f3mico-, el Presidente habr\u00eda dado luz verde para el despido del Procurador de la Naci\u00f3n, <strong>Rodolfo Barra<\/strong>. En este sentido, en una comunicaci\u00f3n telef\u00f3nica con el asesor todoterreno <strong>Santiago Caputo<\/strong>, habr\u00eda autorizado a que le den &#8220;<strong>una patada en el culo&#8221; <\/strong>al ex integrante de la Corte Suprema del menemismo, al validar, metaf\u00f3ricamente, la eyecci\u00f3n del jurista del Ejecutivo.<\/p>\n<\/div>\n<div>\n<p>Como sea, el Presidente volver\u00eda la semana pr\u00f3xima a los Estados Unidos para asistir a un evento al que el gobierno a\u00fan no ha informado. Durante su anterior estad\u00eda el mandatario result\u00f3, a todas luces, un invitado especial de Trump, con quien han forjado una excelente relaci\u00f3n personal. El libertario hab\u00eda estado en diciembre en la residencia de Mar-a-Lago y, en los hechos, fue el primer presidente al que el l\u00edder republicano recibi\u00f3 en su casa tras haber ganado la elecci\u00f3n. Durante los faustos de enero Milei logr\u00f3 mostrarse en el Capitolio entre un grupo selecto de invitados, por ejemplo con la la premier italiana <strong>Georgia Meloni<\/strong>.<\/p>\n<\/div>\n<div>\n<p>Tambi\u00e9n Milei ha forjado un estrecho v\u00ednculo con el magnate <strong>Elon Musk<\/strong>, due\u00f1o de la red social X y de Tesla, un aliado de Trump que liderar\u00e1 el nuevo Departamento de Eficiencia Gubernamental (DOGE). Se trata de un organismo que, al decir del locuaz economista, tomar\u00e1 algunos ejes del ministerio de Desregulaci\u00f3n y Transformaci\u00f3n del Estado que conduce <strong>Federico Sturzenegger.<\/strong><\/p>\n<\/div>\n<p><br \/>\n<br \/><a href=\"https:\/\/www.clarin.com\/politica\/milei-volveria-semana-proxima-washington-afianzar-relacion-trump-iria-espana_0_7IXvDggfjb.html\">Fuente Clarin.com <\/a><\/p>\n","protected":false},"excerpt":{"rendered":"<p>Seg\u00fan pudo averiguar este diario de fuentes oficiales y del sector aeron\u00e1utico consultadas, el Presidente volver\u00e1 a abordar el ARG-01 con una reducida comitiva el 14 de febrero pr\u00f3ximo con la intenci\u00f3n de hacer escala en la capital norteamericana. No se inform\u00f3 a\u00fan si aprovechar\u00e1 la estad\u00eda, de unos tres d\u00edas, para reencontrarse con el [&hellip;]<\/p>\n","protected":false},"author":1,"featured_media":1620,"comment_status":"open","ping_status":"open","sticky":false,"template":"","format":"standard","meta":{"footnotes":""},"categories":[2],"tags":[3305,18,2785,3306,77,16,1300,365,982,440,179,3304,1424],"class_list":["post-1619","post","type-post","status-publish","format-standard","has-post-thumbnail","hentry","category-ultimas-noticias","tag-afianzar","tag-con","tag-espana","tag-iria","tag-milei","tag-para","tag-proxima","tag-relacion","tag-semana","tag-tambien","tag-trump","tag-volveria","tag-washington"],"_links":{"self":[{"href":"https:\/\/13.com.ar\/index.php\/wp-json\/wp\/v2\/posts\/1619","targetHints":{"allow":["GET"]}}],"collection":[{"href":"https:\/\/13.com.ar\/index.php\/wp-json\/wp\/v2\/posts"}],"about":[{"href":"https:\/\/13.com.ar\/index.php\/wp-json\/wp\/v2\/types\/post"}],"author":[{"embeddable":true,"href":"https:\/\/13.com.ar\/index.php\/wp-json\/wp\/v2\/users\/1"}],"replies":[{"embeddable":true,"href":"https:\/\/13.com.ar\/index.php\/wp-json\/wp\/v2\/comments?post=1619"}],"version-history":[{"count":0,"href":"https:\/\/13.com.ar\/index.php\/wp-json\/wp\/v2\/posts\/1619\/revisions"}],"wp:featuredmedia":[{"embeddable":true,"href":"https:\/\/13.com.ar\/index.php\/wp-json\/wp\/v2\/media\/1620"}],"wp:attachment":[{"href":"https:\/\/13.com.ar\/index.php\/wp-json\/wp\/v2\/media?parent=1619"}],"wp:term":[{"taxonomy":"category","embeddable":true,"href":"https:\/\/13.com.ar\/index.php\/wp-json\/wp\/v2\/categories?post=1619"},{"taxonomy":"post_tag","embeddable":true,"href":"https:\/\/13.com.ar\/index.php\/wp-json\/wp\/v2\/tags?post=1619"}],"curies":[{"name":"wp","href":"https:\/\/api.w.org\/{rel}","templated":true}]}}