{"id":1609,"date":"2025-02-03T11:45:31","date_gmt":"2025-02-03T14:45:31","guid":{"rendered":"https:\/\/13.com.ar\/index.php\/la-secretaria-general-de-la-oea-otra-eleccion-clave-en-washington\/"},"modified":"2025-02-03T11:45:31","modified_gmt":"2025-02-03T14:45:31","slug":"la-secretaria-general-de-la-oea-otra-eleccion-clave-en-washington","status":"publish","type":"post","link":"https:\/\/13.com.ar\/index.php\/la-secretaria-general-de-la-oea-otra-eleccion-clave-en-washington\/","title":{"rendered":"La secretar\u00eda general de la OEA, otra elecci\u00f3n clave en Washington"},"content":{"rendered":"<p> <br \/>\n<br \/><img decoding=\"async\" src=\"https:\/\/13.com.ar\/wp-content\/uploads\/2025\/02\/La-secretaria-general-de-la-OEA-otra-eleccion-clave-en.jpg\" \/><\/p>\n<div id=\"cuerpo\">\n<div class=\"sc-80531b6b-0 chRIGJ container-text text-embed\">\n<p>La  elecci\u00f3n del nuevo Secretario General de la Organizaci\u00f3n de los Estados Americanos (SG\/OEA)  se realizar\u00e1 el pr\u00f3ximo 10 de marzo, para asumir el cargo en mayo.<\/p>\n<\/div>\n<div class=\"sc-80531b6b-0 chRIGJ container-text text-embed\">\n<p>Hasta ahora los candidatos son: Albert Ramdin, actual canciller de Suriname, y ex secretario general adjunto de la OEA (2005-2010), al que apoyan supuestamente los 14 Estados miembros del Caribe y, llamativamente, China, observador permanente de la OEA, pero sin voto; y Rub\u00e9n Ram\u00edrez Lezcano, economista y presente canciller del Paraguay, habiendo ocupado ese cargo tambi\u00e9n entre 2006-8, as\u00ed como el de embajador alterno en la ONU y el de asesor y directivo de instituciones financieras multilaterales (BID, CAF) y nacionales.<\/p>\n<\/div>\n<div class=\"sc-80531b6b-0 chRIGJ container-text text-embed\">\n<p>Lo respaldan, en principio, los miembros del Mercosur (Argentina, Brasil y Uruguay) y varios otros pa\u00edses latinoamericanos, y casi seguro la administraci\u00f3n Trump. Quedan dudas a qui\u00e9n apoyar\u00e1n Bolivia, Colombia, Canad\u00e1, M\u00e9xico y Per\u00fa.<\/p>\n<\/div>\n<div class=\"sc-80531b6b-0 chRIGJ container-text text-embed\">\n<p>La Organizaci\u00f3n fundada en 1948 es el pilar central del sistema interamericano. Es la \u00fanica instituci\u00f3n que conecta a todos los pa\u00edses democr\u00e1ticos del continente;  es el \u00fanico foro en el que todos ellos pueden reunirse, consultarse, negociar, construir consensos y cooperar en el  manejo de los desaf\u00edos que enfrenta el hemisferio.<\/p>\n<\/div>\n<div class=\"sc-80531b6b-0 chRIGJ container-text text-embed\">\n<p>La elecci\u00f3n de un nuevo secretario general presenta la ocasi\u00f3n para escuchar propuestas de c\u00f3mo revitalizarla y robustecerla. Para ello, los candidatos podr\u00e1n exponer su visi\u00f3n y sus planes en el Consejo Permanente, el 10 de febrero. Una nueva y \u00fatil pr\u00e1ctica. Los representantes de los Estados miembros y la opini\u00f3n p\u00fablica podr\u00e1n as\u00ed evaluar las candidatos y sus propuestas. Aqu\u00ed algunos criterios que podr\u00edan servir para la evaluaci\u00f3n.<\/p>\n<\/div>\n<div class=\"sc-80531b6b-0 chRIGJ container-text text-embed\">\n<p>Adem\u00e1s del expertise requerido, que ambos poseen, los candidatos deber\u00edan demostrar su compromiso invariable con la Carta de la Organizaci\u00f3n, su Carta Democr\u00e1tica Inter-Americana y la Convenci\u00f3n Americana de Derechos Humanos, entre otros instrumentos. El SG\/OEA es responsable de velar por el cumplimiento de los principios y valores fundamentales cristalizados en ellos, como la soberan\u00eda nacional, la integridad territorial y la soluci\u00f3n pac\u00edfica de los conflictos, as\u00ed como la promoci\u00f3n y defensa de la democracia y los derechos humanos.<\/p>\n<\/div>\n<div class=\"sc-80531b6b-0 chRIGJ container-text text-embed\">\n<p>En el marco de los l\u00edmites no-intervencionistas del cargo, los candidatos deber\u00edan, espec\u00edficamente, comprometerse a actuar con firmeza en defensa de la democracia y los derechos humanos donde sean amenazados o ultrajados. Ante su transgresi\u00f3n, el nuevo SG\/OEA no deber\u00e1 ser ambiguo, neutral ni indiferente. Ese compromiso implica contrarrestar el intento de pa\u00edses de tinte autocr\u00e1tico de impedir el involucramiento de la OEA en la soluci\u00f3n o siquiera el an\u00e1lisis de situaciones que amenazan el orden democr\u00e1tico.<\/p>\n<\/div>\n<div class=\"sc-80531b6b-0 chRIGJ container-text text-embed\">\n<p>En ese cometido fundamental, los candidatos deber\u00edan comprometerse a consultar y a buscar la anuencia de por lo menos la mayor\u00eda los Estados miembros en el Consejo Permanente.  La OEA es m\u00e1s efectiva cuando el secretario general y Consejo Permanente act\u00faan en conjunto; el secretario, por s\u00ed solo, no es la OEA (concepci\u00f3n err\u00f3nea generalizada en la opini\u00f3n p\u00fablica). En esto, el liderazgo del nuevo SG\/OEA ser\u00e1 crucial dada la fragmentaci\u00f3n existente en el hemisferio.<\/p>\n<\/div>\n<div class=\"sc-80531b6b-0 chRIGJ container-text text-embed\">\n<p>Adicionalmente, los candidatos deber\u00edan presentar un plan para solucionar los desaf\u00edos presupuestarios\/financieros que apremian a la Organizaci\u00f3n, incluyendo una estrategia de obtenci\u00f3n de fondos dirigida a observadores permanentes y al sector privado, para financiar iniciativas de alta prioridad. El futuro secretario deber\u00e1 involucrarse personalmente en este esfuerzo. <\/p>\n<\/div>\n<div class=\"sc-80531b6b-0 chRIGJ container-text text-embed\">\n<p>El plan adem\u00e1s deber\u00eda ajustar la burocracia a las verdaderas prioridades de la OEA (democracia, derechos humanos, seguridad), as\u00ed como revalorizar sus funcionarios (con frecuencia menospreciados y mal utilizados), cuyo compromiso con la Organizaci\u00f3n se ha erosionado en los \u00faltimos a\u00f1os. El nuevo secretario deber\u00e1 contar con asesores y un jefe de gabinete que conozcan la instituci\u00f3n y los temas que la ocupan, y que sepan manejar la necesaria interacci\u00f3n con el Consejo Permanente &#8211;cuyo consentimiento es necesario para el \u00e9xito de su gesti\u00f3n.<\/p>\n<\/div>\n<div class=\"sc-80531b6b-0 chRIGJ container-text text-embed\">\n<p>Como la democracia es m\u00e1s que elecciones justas, libres y transparentes, cada candidato deber\u00eda tener un plan para promover la democracia en los Estados miembros.  El mismo podr\u00eda apoyar la ense\u00f1anza de valores y pr\u00e1cticas democr\u00e1ticas en el sistema educativo de los Estados miembros, en cooperaci\u00f3n con sus ministerios de Educaci\u00f3n;  podr\u00eda propiciar un mayor conocimiento de la OEA, su Carta constitutiva y su Carta Democr\u00e1tica,  por medio de su difusi\u00f3n en universidades y academias diplom\u00e1ticas; y podr\u00eda impulsar la cooperaci\u00f3n entre los poderes legislativos y entre los poderes judiciales de los miembros, as\u00ed como su fortalecimiento y su participaci\u00f3n en el tratamiento de casos en que el orden democr\u00e1tico fuese amenazado por el poder ejecutivo.<\/p>\n<\/div>\n<div class=\"sc-80531b6b-0 chRIGJ container-text text-embed\">\n<p>Los candidatos  deber\u00edan comprometerse a ejercer s\u00f3lo un per\u00edodo de los dos posibles; y los Estados miembros deber\u00edan considerar reducir el mandato del SG\/OEA de cinco a\u00f1os renovables a uno s\u00f3lo de seis.<\/p>\n<\/div>\n<div class=\"sc-80531b6b-0 chRIGJ container-text text-embed\">\n<p>El futuro de la OEA depende\u00a0del liderazgo que el nuevo secretario provea para revitalizarla y fortalecerla.\u00a0Su revitalizaci\u00f3n y fortalecimiento podr\u00eda contribuir al surgimiento de un nuevo interamericanismo, que se podr\u00eda expresar en una renovada alianza democr\u00e1tica hemisf\u00e9rica centrada en la Organizaci\u00f3n -alianza cada vez m\u00e1s urgente y pertinente ante las amenazas anti democr\u00e1ticas, internas y externas, que asedian en el hemisferio. <\/p>\n<\/div>\n<div class=\"sc-80531b6b-0 chRIGJ container-text text-embed\">\n<p><em>Rub\u00e9n M. Perina es PHD en Relaciones Internacionales, analista internacional y ex funcionario de la OEA.<\/em><\/p>\n<\/div>\n<\/div>\n<p><br \/>\n<br \/><a href=\"https:\/\/www.clarin.com\/opinion\/secretaria-general-oea-eleccion-clave-washington_0_VOux1Wxv3D.html\">Fuente Clarin.com <\/a><\/p>\n","protected":false},"excerpt":{"rendered":"<p>La elecci\u00f3n del nuevo Secretario General de la Organizaci\u00f3n de los Estados Americanos (SG\/OEA) se realizar\u00e1 el pr\u00f3ximo 10 de marzo, para asumir el cargo en mayo. Hasta ahora los candidatos son: Albert Ramdin, actual canciller de Suriname, y ex secretario general adjunto de la OEA (2005-2010), al que apoyan supuestamente los 14 Estados miembros [&hellip;]<\/p>\n","protected":false},"author":1,"featured_media":1610,"comment_status":"open","ping_status":"open","sticky":false,"template":"","format":"standard","meta":{"footnotes":""},"categories":[2],"tags":[272,3294,1239,3293,305,2223,1424],"class_list":["post-1609","post","type-post","status-publish","format-standard","has-post-thumbnail","hentry","category-ultimas-noticias","tag-clave","tag-eleccion","tag-general","tag-oea","tag-otra","tag-secretaria","tag-washington"],"_links":{"self":[{"href":"https:\/\/13.com.ar\/index.php\/wp-json\/wp\/v2\/posts\/1609","targetHints":{"allow":["GET"]}}],"collection":[{"href":"https:\/\/13.com.ar\/index.php\/wp-json\/wp\/v2\/posts"}],"about":[{"href":"https:\/\/13.com.ar\/index.php\/wp-json\/wp\/v2\/types\/post"}],"author":[{"embeddable":true,"href":"https:\/\/13.com.ar\/index.php\/wp-json\/wp\/v2\/users\/1"}],"replies":[{"embeddable":true,"href":"https:\/\/13.com.ar\/index.php\/wp-json\/wp\/v2\/comments?post=1609"}],"version-history":[{"count":0,"href":"https:\/\/13.com.ar\/index.php\/wp-json\/wp\/v2\/posts\/1609\/revisions"}],"wp:featuredmedia":[{"embeddable":true,"href":"https:\/\/13.com.ar\/index.php\/wp-json\/wp\/v2\/media\/1610"}],"wp:attachment":[{"href":"https:\/\/13.com.ar\/index.php\/wp-json\/wp\/v2\/media?parent=1609"}],"wp:term":[{"taxonomy":"category","embeddable":true,"href":"https:\/\/13.com.ar\/index.php\/wp-json\/wp\/v2\/categories?post=1609"},{"taxonomy":"post_tag","embeddable":true,"href":"https:\/\/13.com.ar\/index.php\/wp-json\/wp\/v2\/tags?post=1609"}],"curies":[{"name":"wp","href":"https:\/\/api.w.org\/{rel}","templated":true}]}}