{"id":1602,"date":"2025-02-03T11:17:37","date_gmt":"2025-02-03T14:17:37","guid":{"rendered":"https:\/\/13.com.ar\/index.php\/quienes-son-kanye-west-y-bianca-censori\/"},"modified":"2025-02-03T11:17:37","modified_gmt":"2025-02-03T14:17:37","slug":"quienes-son-kanye-west-y-bianca-censori","status":"publish","type":"post","link":"https:\/\/13.com.ar\/index.php\/quienes-son-kanye-west-y-bianca-censori\/","title":{"rendered":"\u00bfqui\u00e9nes son Kanye West y Bianca Censori?"},"content":{"rendered":"<p> <br \/>\n<\/p>\n<div id=\"cuerpo\">\n<div class=\"sc-80531b6b-0 chRIGJ container-text text-embed\">\n<p>Kanye West y Bianca Censori dieron que hablar en la alfombra roja de los <strong>Premios Grammy 2025<\/strong>. Y no precisamente por algo relacionado a la m\u00fasica.<\/p>\n<\/div>\n<div class=\"sc-80531b6b-0 chRIGJ container-text text-embed\">\n<p>Censori apareci\u00f3 en la antesala de los premios con un tapado negro, pero luego llev\u00f3 adelante una acci\u00f3n que reson\u00f3 en redes y medios internacionales durante las horas posteriores: <strong>se quit\u00f3 el abrigo y pos\u00f3 pr\u00e1cticamente desnuda<\/strong>.<\/p>\n<\/div>\n<div class=\"sc-80531b6b-0 chRIGJ container-text text-embed\">\n<p>La australiana solo llevaba puesto un diminuto vestido transparente que no ocultaba absolutamente nada. West, a su lado, posaba firme vestido completamente de negro. Una jugada curiosa teniendo en cuenta que desde que est\u00e1n juntos no se suelen mostrar en <em>red carpets<\/em>.<\/p>\n<\/div>\n<div class=\"sc-80531b6b-0 chRIGJ container-text text-embed\">\n<p>West asisti\u00f3 a la premiaci\u00f3n despu\u00e9s de mucho tiempo con la excusa de su nominaci\u00f3n por su colaboraci\u00f3n en el tema &#8220;Carnival&#8221; con <strong>Ty Dolla $ign<\/strong>, en la categor\u00eda de Mejor canci\u00f3n de rap. Finalmente, ese premio se lo terminar\u00eda llevando Kendrick Lamar por su tema &#8220;Not Like Us&#8221;.<\/p>\n<\/div>\n<div class=\"sc-ad4aedf2-0 dPPgNJ border-video video-embed horizontal border-video video-embed horizontal\">\n<div class=\"sc-ad4aedf2-1 hnFuni videoText videoText\">\n<h2>Video<\/h2>\n<p>La pol\u00e9mica aparici\u00f3n de Bianca Censori desnuda en la alfombra roja<\/p>\n<\/div>\n<\/div>\n<p><h2>\u00bfQui\u00e9n es Kanye West?<\/h2>\n<\/p>\n<div class=\"sc-80531b6b-0 chRIGJ container-text text-embed\">\n<p>Kanye West es un productor musical y rapero estadounidense de 47 a\u00f1os, consabido como uno de los artistas m\u00e1s relevantes del siglo XXI por sus distintas influencias. Por un lado, es un apellido de peso en la historia del rap; por el otro, un \u00edcono de la moda capaz de imponer tendencias en el mundo.<\/p>\n<\/div>\n<div class=\"sc-80531b6b-0 chRIGJ container-text text-embed\">\n<p>El ganador de 24 premios Grammy comenz\u00f3 a hacerse conocido en el ambiente musical a principios de los 2000, principalmente con la producci\u00f3n del \u00e1lbum del rapero <strong>Jay-Z<\/strong> \u201cThe Blueprint (2001)\u201d.<\/p>\n<\/div>\n<div class=\"sc-80531b6b-0 chRIGJ container-text text-embed\">\n<p>Tras debutar como solista en 2004, empez\u00f3 a cambiar las reglas del hip-hop con sus discos &#8220;Late Registration (2005)\u201d y \u201cGraduation (2007)\u201d. Desde ah\u00ed no solo comenz\u00f3 una carrera plagada de logros musicales; tambi\u00e9n arranc\u00f3 un raid medi\u00e1tico inacabable.<\/p>\n<\/div>\n<div class=\"sc-198be8ec-0 cynXbu image-embed  image-embed \"><picture class=\"sc-198be8ec-1 kOjRiQ\"><source media=\"(min-width: 975px)\" width=\"720\" height=\"480\" \/><img alt=\"Kanye West y el dise\u00f1ador Steven Smith en 2019. En sus manos, un par de zapatillas Yeezy. Foto: AP\" loading=\"lazy\" width=\"720\" height=\"480\" decoding=\"async\" data-nimg=\"1\" style=\"color:transparent\" src=\"https:\/\/13.com.ar\/wp-content\/uploads\/2025\/02\/\u00bfquienes-son-Kanye-West-y-Bianca-Censori.jpg\"\/><span class=\"epigraphe\">Kanye West y el dise\u00f1ador Steven Smith en 2019. En sus manos, un par de zapatillas Yeezy. Foto: AP<\/span><span class=\"bkg\"\/><span class=\"picture-open\"><button class=\"open-image\" aria-label=\"Open Image\"\/><\/span><\/picture><\/div>\n<div class=\"sc-80531b6b-0 chRIGJ container-text text-embed\">\n<p>Desde 2014 hasta 2022 estuvo casado con la modelo <strong>Kim Kardashian<\/strong>, lo que le dio una visibilidad apabullante en los medios.<\/p>\n<\/div>\n<div class=\"sc-80531b6b-0 chRIGJ container-text text-embed\">\n<p>West atraves\u00f3 crisis nerviosas que se tradujeron en tuits inentendibles, hizo un esc\u00e1ndalo en los VMA Awards quit\u00e1ndole el micr\u00f3fono a Taylor Swift para decir que su premio no era merecido, fue acusado de antisemitismo, grab\u00f3 videoclips pol\u00e9micos. <strong>Y la lista puede seguir<\/strong>.<\/p>\n<\/div>\n<div class=\"sc-80531b6b-0 chRIGJ container-text text-embed\">\n<p>En cambio, su influencia en la cultura pop se traduce en varios aspectos. En 2015 se ali\u00f3 con Adidas y lanz\u00f3 su l\u00ednea <strong>Yeezy<\/strong>, una marca de moda s\u00faper exitosa famosa principalmente por sus zapatillas.<\/p>\n<\/div>\n<div class=\"sc-198be8ec-0 cynXbu image-embed  image-embed \"><picture class=\"sc-198be8ec-1 kOjRiQ\"><source media=\"(min-width: 975px)\" width=\"720\" height=\"480\" \/><img alt=\"West y Kardashian tienen 4 hijos en com\u00fan. Se divorciaron en 2022. Foto: AP\" loading=\"lazy\" width=\"720\" height=\"480\" decoding=\"async\" data-nimg=\"1\" style=\"color:transparent\" src=\"https:\/\/13.com.ar\/wp-content\/uploads\/2025\/02\/1738592257_403_\u00bfquienes-son-Kanye-West-y-Bianca-Censori.jpg\"\/><span class=\"epigraphe\">West y Kardashian tienen 4 hijos en com\u00fan. Se divorciaron en 2022. Foto: AP<\/span><span class=\"bkg\"\/><span class=\"picture-open\"><button class=\"open-image\" aria-label=\"Open Image\"\/><\/span><\/picture><\/div>\n<div class=\"sc-80531b6b-0 chRIGJ container-text text-embed\">\n<p>Su impacto en el mundo de la moda lo llev\u00f3 a colaborar con otras marcas, como Nike y Louis Vuitton, y a imponer en Occidente estilos bien propios como el uso del Oversize o los colores terrestres y la ropa urbana en la alta costura.<\/p>\n<\/div>\n<div class=\"sc-80531b6b-0 chRIGJ container-text text-embed\">\n<p>Su idea de que la moda es un m\u00e9todo de expresi\u00f3n probablemente fue algo que lo uni\u00f3 a Censori, quien parecer\u00eda estar alineada a sus huellas estil\u00edsticas.<\/p>\n<\/div>\n<p><h2>\u00bfQui\u00e9n es Bianca Censori?<\/h2>\n<\/p>\n<div class=\"sc-80531b6b-0 chRIGJ container-text text-embed\">\n<p>Bianca Censori es una modelo y arquitecta australiana de 30 a\u00f1os conocida principalmente por ser la pareja con el rapero Kanye West. Seg\u00fan TMZ, ambos se casaron en secreto a finales de 2022. <\/p>\n<\/div>\n<div class=\"sc-80531b6b-0 chRIGJ container-text text-embed\">\n<p>No se sabe tanto sobre su vida personal, un aspecto que se encarg\u00f3 de resguardar bastante bien de la prensa.<\/p>\n<\/div>\n<div class=\"sc-198be8ec-0 cynXbu image-embed  image-embed \"><picture class=\"sc-198be8ec-1 kOjRiQ\"><source media=\"(min-width: 975px)\" width=\"720\" height=\"480\" \/><img alt=\"West, \u00edntegramente de negro, y Censori (I) en un partido de la Champions League del a\u00f1o pasado. Foto: AFP\" loading=\"lazy\" width=\"720\" height=\"480\" decoding=\"async\" data-nimg=\"1\" style=\"color:transparent\" src=\"https:\/\/13.com.ar\/wp-content\/uploads\/2025\/02\/1738592257_816_\u00bfquienes-son-Kanye-West-y-Bianca-Censori.jpg\"\/><span class=\"epigraphe\">West, \u00edntegramente de negro, y Censori (I) en un partido de la Champions League del a\u00f1o pasado. Foto: AFP<\/span><span class=\"bkg\"\/><span class=\"picture-open\"><button class=\"open-image\" aria-label=\"Open Image\"\/><\/span><\/picture><\/div>\n<div class=\"sc-80531b6b-0 chRIGJ container-text text-embed\">\n<p>Censori tambi\u00e9n es famosa por sus peculiares looks. Cada vez que sale a la calle o a alg\u00fan evento en compa\u00f1\u00eda de West se la ve con prendas similares a las que sol\u00eda usar Kardashian o con muy poca ropa, como en el evento m\u00e1s reciente.<\/p>\n<\/div>\n<div class=\"sc-80531b6b-0 chRIGJ container-text text-embed\">\n<p>Adem\u00e1s particip\u00f3 en la creaci\u00f3n de la l\u00ednea Yeezy de West, colaborando con dise\u00f1os e intervenciones arquitect\u00f3nicas.<\/p>\n<\/div>\n<\/div>\n<p><br \/>\n<br \/><a href=\"https:\/\/www.clarin.com\/internacional\/grammy-2025-mira-mundo-polemica-pareja-kanye-west-bianca-censori_0_PdhUc4uFQj.html\">Fuente Clarin.com <\/a><\/p>\n","protected":false},"excerpt":{"rendered":"<p>Kanye West y Bianca Censori dieron que hablar en la alfombra roja de los Premios Grammy 2025. Y no precisamente por algo relacionado a la m\u00fasica. Censori apareci\u00f3 en la antesala de los premios con un tapado negro, pero luego llev\u00f3 adelante una acci\u00f3n que reson\u00f3 en redes y medios internacionales durante las horas posteriores: [&hellip;]<\/p>\n","protected":false},"author":1,"featured_media":1603,"comment_status":"open","ping_status":"open","sticky":false,"template":"","format":"standard","meta":{"footnotes":""},"categories":[2],"tags":[3282,3283,3280,1784,406,3281],"class_list":["post-1602","post","type-post","status-publish","format-standard","has-post-thumbnail","hentry","category-ultimas-noticias","tag-bianca","tag-censori","tag-kanye","tag-quienes","tag-son","tag-west"],"_links":{"self":[{"href":"https:\/\/13.com.ar\/index.php\/wp-json\/wp\/v2\/posts\/1602","targetHints":{"allow":["GET"]}}],"collection":[{"href":"https:\/\/13.com.ar\/index.php\/wp-json\/wp\/v2\/posts"}],"about":[{"href":"https:\/\/13.com.ar\/index.php\/wp-json\/wp\/v2\/types\/post"}],"author":[{"embeddable":true,"href":"https:\/\/13.com.ar\/index.php\/wp-json\/wp\/v2\/users\/1"}],"replies":[{"embeddable":true,"href":"https:\/\/13.com.ar\/index.php\/wp-json\/wp\/v2\/comments?post=1602"}],"version-history":[{"count":0,"href":"https:\/\/13.com.ar\/index.php\/wp-json\/wp\/v2\/posts\/1602\/revisions"}],"wp:featuredmedia":[{"embeddable":true,"href":"https:\/\/13.com.ar\/index.php\/wp-json\/wp\/v2\/media\/1603"}],"wp:attachment":[{"href":"https:\/\/13.com.ar\/index.php\/wp-json\/wp\/v2\/media?parent=1602"}],"wp:term":[{"taxonomy":"category","embeddable":true,"href":"https:\/\/13.com.ar\/index.php\/wp-json\/wp\/v2\/categories?post=1602"},{"taxonomy":"post_tag","embeddable":true,"href":"https:\/\/13.com.ar\/index.php\/wp-json\/wp\/v2\/tags?post=1602"}],"curies":[{"name":"wp","href":"https:\/\/api.w.org\/{rel}","templated":true}]}}