{"id":15643,"date":"2025-03-27T13:19:29","date_gmt":"2025-03-27T16:19:29","guid":{"rendered":"https:\/\/13.com.ar\/index.php\/cayo-un-hombre-que-acosaba-a-mujeres-en-la-calle-y-les-daba-fotos-intimas-a-menores-a-la-salida-de-colegios\/"},"modified":"2025-03-27T13:19:29","modified_gmt":"2025-03-27T16:19:29","slug":"cayo-un-hombre-que-acosaba-a-mujeres-en-la-calle-y-les-daba-fotos-intimas-a-menores-a-la-salida-de-colegios","status":"publish","type":"post","link":"https:\/\/13.com.ar\/index.php\/cayo-un-hombre-que-acosaba-a-mujeres-en-la-calle-y-les-daba-fotos-intimas-a-menores-a-la-salida-de-colegios\/","title":{"rendered":"cay\u00f3 un hombre que acosaba a mujeres en la calle y les daba fotos \u00edntimas a menores a la salida de colegios"},"content":{"rendered":"<p> <br \/>\n<br \/><img decoding=\"async\" src=\"https:\/\/13.com.ar\/wp-content\/uploads\/2025\/03\/cayo-un-hombre-que-acosaba-a-mujeres-en-la-calle.jpg\" \/><\/p>\n<div id=\"element-body-0\">\n<p>Un hombre de 37 a\u00f1os<strong> fue detenido en el barrio porte\u00f1o de Belgrano<\/strong>, luego de que los vecinos de la zona denunciaran que acosaba a mujeres en la calle.<\/p>\n<\/div>\n<div id=\"element-body-1\">\n<p>A su vez, el arrestado daba vueltas por los colegios de la zona y <strong>les entregaba fotos suyas a los menores que sal\u00edan de los establecimientos educativos<\/strong>. Un repudiable accionar que agravaba su comportamiento.<\/p>\n<\/div>\n<div id=\"element-body-2\">\n<p>El hombre, cuyas iniciales son J.L.G., fue reconocido por agentes de la Polic\u00eda que patrullaban el lugar. Ellos lo identificaron y lo redujeron en el cruce de las calles Ciudad de La Paz y Blanco Encalada, en cercan\u00edas del Barrio Chino y la estaci\u00f3n de tren Belgrano de la L\u00ednea Mitre.<\/p>\n<\/div>\n<div id=\"element-body-3\">\n<p>Los vecinos lo acusan de conductas violentas y de masturbarse, manosear e intentar abusar de varias mujeres en plena calle. Seg\u00fan los testigos, en otras oportunidades intent\u00f3 besar a la fuerza a una cajera y quiso robarle a una moza en un bar de la zona, por lo cual la Polic\u00eda inici\u00f3 una intensa b\u00fasqueda hasta dar con el acusado.<\/p>\n<\/div>\n<div id=\"element-body-4\">\n<p>Las autoridades policiales dieron aviso a la Unidad Fiscal Norte, que est\u00e1 a cargo del juez Leandro Galveira, para que comenzara con las investigaciones correspondientes. En el operativo tambi\u00e9n particip\u00f3 el SAME, que lleg\u00f3 al lugar y deriv\u00f3 al sospechoso al Hospital Pirovano.<\/p>\n<\/div>\n<div id=\"element-body-5\">\n<p>Seg\u00fan lo mencionado en el parte policial, el hombre fue esposado el domingo por haber acosado a una mujer de 53 a\u00f1os, de iniciales D.M.M., que estaba caminando sobre la avenida Cabildo al 2500 del mismo barrio porte\u00f1o.<\/p>\n<\/div>\n<div id=\"element-body-6\">\n<p>Por su parte, el magistrado orden\u00f3 su liberaci\u00f3n y para poder labrar actas por maltrato. De esta forma, <strong>la Justicia caratul\u00f3 el caso como averiguaci\u00f3n de il\u00edcito <\/strong>seg\u00fan publica la agencia de noticias <em>NA<\/em>.<\/p>\n<\/div>\n<div id=\"element-body-7\">\n<p>Esta no es la primera vez que este hombre es apresado pero luego dejado en libertad.<strong> La fiscal\u00eda explic\u00f3 que sus liberaciones anteriores se dieron por su salud mental<\/strong>, por lo que se le realizar\u00e1 una consulta psiqui\u00e1trica. Y esta vez, la fiscal\u00eda deber\u00e1 decidir si queda o no detenido.<\/p>\n<\/div>\n<div id=\"element-body-8\">\n<p>Mientras tanto, contin\u00faa internado en el Pirovano y bajo custodia policial. <\/p>\n<\/div>\n<p><br \/>\n<br \/><a href=\"https:\/\/www.clarin.com\/policiales\/belgrano-hombre-acoso-policia-detenido_0_ewh8ANCyak.html\">Fuente Clarin.com <\/a><\/p>\n","protected":false},"excerpt":{"rendered":"<p>Un hombre de 37 a\u00f1os fue detenido en el barrio porte\u00f1o de Belgrano, luego de que los vecinos de la zona denunciaran que acosaba a mujeres en la calle. A su vez, el arrestado daba vueltas por los colegios de la zona y les entregaba fotos suyas a los menores que sal\u00edan de los establecimientos [&hellip;]<\/p>\n","protected":false},"author":1,"featured_media":15644,"comment_status":"open","ping_status":"open","sticky":false,"template":"","format":"standard","meta":{"footnotes":""},"categories":[2],"tags":[13977,520,1269,13979,3547,1286,532,13978,2815,4268,4354,443],"class_list":["post-15643","post","type-post","status-publish","format-standard","has-post-thumbnail","hentry","category-ultimas-noticias","tag-acosaba","tag-calle","tag-cayo","tag-colegios","tag-daba","tag-fotos","tag-hombre","tag-intimas","tag-les","tag-menores","tag-mujeres","tag-salida"],"_links":{"self":[{"href":"https:\/\/13.com.ar\/index.php\/wp-json\/wp\/v2\/posts\/15643","targetHints":{"allow":["GET"]}}],"collection":[{"href":"https:\/\/13.com.ar\/index.php\/wp-json\/wp\/v2\/posts"}],"about":[{"href":"https:\/\/13.com.ar\/index.php\/wp-json\/wp\/v2\/types\/post"}],"author":[{"embeddable":true,"href":"https:\/\/13.com.ar\/index.php\/wp-json\/wp\/v2\/users\/1"}],"replies":[{"embeddable":true,"href":"https:\/\/13.com.ar\/index.php\/wp-json\/wp\/v2\/comments?post=15643"}],"version-history":[{"count":0,"href":"https:\/\/13.com.ar\/index.php\/wp-json\/wp\/v2\/posts\/15643\/revisions"}],"wp:featuredmedia":[{"embeddable":true,"href":"https:\/\/13.com.ar\/index.php\/wp-json\/wp\/v2\/media\/15644"}],"wp:attachment":[{"href":"https:\/\/13.com.ar\/index.php\/wp-json\/wp\/v2\/media?parent=15643"}],"wp:term":[{"taxonomy":"category","embeddable":true,"href":"https:\/\/13.com.ar\/index.php\/wp-json\/wp\/v2\/categories?post=15643"},{"taxonomy":"post_tag","embeddable":true,"href":"https:\/\/13.com.ar\/index.php\/wp-json\/wp\/v2\/tags?post=15643"}],"curies":[{"name":"wp","href":"https:\/\/api.w.org\/{rel}","templated":true}]}}