{"id":15641,"date":"2025-03-27T13:16:30","date_gmt":"2025-03-27T16:16:30","guid":{"rendered":"https:\/\/13.com.ar\/index.php\/tras-la-polemica-el-gobierno-de-santa-cruz-reconstruira-y-reubicara-el-monumento-a-osvaldo-bayer-que-destruyo-vialidad\/"},"modified":"2025-03-27T13:16:30","modified_gmt":"2025-03-27T16:16:30","slug":"tras-la-polemica-el-gobierno-de-santa-cruz-reconstruira-y-reubicara-el-monumento-a-osvaldo-bayer-que-destruyo-vialidad","status":"publish","type":"post","link":"https:\/\/13.com.ar\/index.php\/tras-la-polemica-el-gobierno-de-santa-cruz-reconstruira-y-reubicara-el-monumento-a-osvaldo-bayer-que-destruyo-vialidad\/","title":{"rendered":"Tras la pol\u00e9mica, el gobierno de Santa Cruz reconstruir\u00e1 y reubicar\u00e1 el monumento a Osvaldo Bayer que destruy\u00f3 Vialidad"},"content":{"rendered":"<p> <br \/>\n<br \/><img decoding=\"async\" src=\"https:\/\/13.com.ar\/wp-content\/uploads\/2025\/03\/Tras-la-polemica-el-gobierno-de-Santa-Cruz-reconstruira-y.jpg\" \/><\/p>\n<div id=\"element-body-0\">\n<p>Tras la pol\u00e9mica por la demolici\u00f3n en R\u00edo Gallegos del monumento al escritor e historiador argentino <strong>Osvaldo Bayer<\/strong>, el gobierno de Santa Cruz, comandado por Claudio Vidal, tom\u00f3 la decisi\u00f3n de reacondicionar la obra y reubicar\u00e1 en otra zona de la ciudad.<\/p>\n<\/div>\n<div id=\"element-body-1\">\n<p>&#8220;Ya la retiramos de Vialidad y la estamos dejando al resguardo&#8221;, indic\u00f3 a <strong>Clar\u00edn <\/strong>la ministra de Desarrollo Social Igualdad e Integraci\u00f3n de Santa Cruz, Jazm\u00edn Macchiavelli.<\/p>\n<\/div>\n<div id=\"element-body-2\">\n<p>Seg\u00fan pudo confirmar este diario, la obra quedar\u00e1 al resguardo en el Complejo Cultural Santa Cruz, en R\u00edo Gallegos, para su posterior restauraci\u00f3n y emplazamiento.<\/p>\n<\/div>\n<div id=\"element-body-3\">\n<p>Tras el repudio que gener\u00f3 en organizaciones de Derechos Humanos y algunos referentes del arco pol\u00edtico la demolici\u00f3n del monumento a Osvaldo Bayer, mediante un operativo de Vialidad Nacional, desde el Sindicato de Trabajadores Viales y Afines de la Rep\u00fablica Argentina pidieron &#8220;perd\u00f3n&#8221; por esa acci\u00f3n y apuntaron contra la conducci\u00f3n y sus respectivos distritos provinciales, a los que responsabilizaron de los &#8220;hechos lamentables y de sus consecuencias pol\u00edticas y sociales&#8221; que experimentaron los santacruce\u00f1os.<\/p>\n<\/div>\n<div id=\"element-body-4\">\n<div class=\"sc-c2c2a3c6-1 kQhBlc videoText videoText\">\n<h2>Video<\/h2>\n<p>El Gobierno nacional orden\u00f3 derribar un monumento a Osvaldo Bayer en R\u00edo Gallegos<\/p>\n<\/div>\n<\/div>\n<div id=\"element-body-5\">\n<p>El operativo, llevado a cabo este martes en el ingreso a la capital santacruce\u00f1a, fue ejecutado por Vialidad Nacional por orden del Gobierno, argumentando que el monumento presentaba problemas de visibilidad en el camino. El monumento, una obra de Miguel Jer\u00f3nimo Villalba, hab\u00eda sido inaugurado en marzo de 2023.<\/p>\n<\/div>\n<div id=\"element-body-6\">\n<p>Alertados por lo ocurrido, los organismos locales de Derechos Humanos reclamaron por la medida, mientras que el intendente de R\u00edo Gallegos, Pablo Grasso, sali\u00f3 al cruce del Gobierno y anunci\u00f3 que buscar\u00e1 la restituci\u00f3n.<\/p>\n<\/div>\n<div id=\"element-body-7\">\n<p>Mientras integraba la secretar\u00eda de Redacci\u00f3n de <strong>Clar\u00edn<\/strong>, Osvaldo Bayer (1927-2018) se hizo c\u00e9lebre por su obra &#8220;La Patagonia rebelde&#8221;. En ella abord\u00f3 los sucesivos enfrentamientos entre obreros y fuerzas de seguridad en la d\u00e9cada del &#8217;20, que comenzaron en Santa Cruz y se extendieron por toda la regi\u00f3n, y que culminaron en fuerte represi\u00f3n militar y obreros muertos.<\/p>\n<\/div>\n<p><br \/>\n<br \/><a href=\"https:\/\/www.clarin.com\/politica\/polemica-gobierno-santa-cruz-reconstruira-reubicara-monumento-osvaldo-bayer-destruyo-vialidad_0_5OdODPRbVp.html\">Fuente Clarin.com <\/a><\/p>\n","protected":false},"excerpt":{"rendered":"<p>Tras la pol\u00e9mica por la demolici\u00f3n en R\u00edo Gallegos del monumento al escritor e historiador argentino Osvaldo Bayer, el gobierno de Santa Cruz, comandado por Claudio Vidal, tom\u00f3 la decisi\u00f3n de reacondicionar la obra y reubicar\u00e1 en otra zona de la ciudad. &#8220;Ya la retiramos de Vialidad y la estamos dejando al resguardo&#8221;, indic\u00f3 a [&hellip;]<\/p>\n","protected":false},"author":1,"featured_media":15642,"comment_status":"open","ping_status":"open","sticky":false,"template":"","format":"standard","meta":{"footnotes":""},"categories":[2],"tags":[12343,1469,13976,71,2087,13660,814,13974,13975,4311,312,13901],"class_list":["post-15641","post","type-post","status-publish","format-standard","has-post-thumbnail","hentry","category-ultimas-noticias","tag-bayer","tag-cruz","tag-destruyo","tag-gobierno","tag-monumento","tag-osvaldo","tag-polemica","tag-reconstruira","tag-reubicara","tag-santa","tag-tras","tag-vialidad"],"_links":{"self":[{"href":"https:\/\/13.com.ar\/index.php\/wp-json\/wp\/v2\/posts\/15641","targetHints":{"allow":["GET"]}}],"collection":[{"href":"https:\/\/13.com.ar\/index.php\/wp-json\/wp\/v2\/posts"}],"about":[{"href":"https:\/\/13.com.ar\/index.php\/wp-json\/wp\/v2\/types\/post"}],"author":[{"embeddable":true,"href":"https:\/\/13.com.ar\/index.php\/wp-json\/wp\/v2\/users\/1"}],"replies":[{"embeddable":true,"href":"https:\/\/13.com.ar\/index.php\/wp-json\/wp\/v2\/comments?post=15641"}],"version-history":[{"count":0,"href":"https:\/\/13.com.ar\/index.php\/wp-json\/wp\/v2\/posts\/15641\/revisions"}],"wp:featuredmedia":[{"embeddable":true,"href":"https:\/\/13.com.ar\/index.php\/wp-json\/wp\/v2\/media\/15642"}],"wp:attachment":[{"href":"https:\/\/13.com.ar\/index.php\/wp-json\/wp\/v2\/media?parent=15641"}],"wp:term":[{"taxonomy":"category","embeddable":true,"href":"https:\/\/13.com.ar\/index.php\/wp-json\/wp\/v2\/categories?post=15641"},{"taxonomy":"post_tag","embeddable":true,"href":"https:\/\/13.com.ar\/index.php\/wp-json\/wp\/v2\/tags?post=15641"}],"curies":[{"name":"wp","href":"https:\/\/api.w.org\/{rel}","templated":true}]}}