{"id":15637,"date":"2025-03-27T13:10:43","date_gmt":"2025-03-27T16:10:43","guid":{"rendered":"https:\/\/13.com.ar\/index.php\/cinco-heridos-tras-un-ataque-a-punaladas-en-una-plaza-del-centro-de-la-ciudad\/"},"modified":"2025-03-27T13:10:43","modified_gmt":"2025-03-27T16:10:43","slug":"cinco-heridos-tras-un-ataque-a-punaladas-en-una-plaza-del-centro-de-la-ciudad","status":"publish","type":"post","link":"https:\/\/13.com.ar\/index.php\/cinco-heridos-tras-un-ataque-a-punaladas-en-una-plaza-del-centro-de-la-ciudad\/","title":{"rendered":"cinco heridos tras un ataque a pu\u00f1aladas en una plaza del centro de la ciudad"},"content":{"rendered":"<p> <br \/>\n<br \/><img decoding=\"async\" src=\"https:\/\/13.com.ar\/wp-content\/uploads\/2025\/03\/cinco-heridos-tras-un-ataque-a-punaladas-en-una-plaza.jpg\" \/><\/p>\n<div id=\"element-body-0\">\n<p>Al menos <strong>cinco personas resultaron heridas en un apu\u00f1alamiento en el centro de la ciudad neerlandesa de \u00c1msterdam<\/strong>, a\u00fan por motivos desconocidos. La polic\u00eda ha detenido a un sospechoso, seg\u00fan medios locales.<\/p>\n<\/div>\n<div id=\"element-body-1\">\n<p>En el momento del suceso, las autoridades municipales celebraban un pleno municipal, que fue interrumpido de inmediato, y la alcaldesa, Femke Halsema, ofrecer\u00e1 en breve los detalles disponibles sobre lo ocurrido, a\u00f1adieron los medios.<\/p>\n<\/div>\n<div id=\"element-body-2\">\n<p>Seg\u00fan la informaci\u00f3n disponible, el ataque ocurri\u00f3 poco antes de las 15:30 (11:30 de Argentina), cuando una persona comenz\u00f3 a apu\u00f1alar a los transe\u00fantes que se encontraban en la zona. Un testigo cont\u00f3 a un periodista en la plaza Dam que &#8220;de repente se oy\u00f3 un grito helado&#8221;, tras lo cual se desat\u00f3 el p\u00e1nico. Pero ni \u00e9l ni nadie en la plaza ten\u00eda en claro qu\u00e9 estaba sucediendo.<\/p>\n<\/div>\n<div id=\"element-body-3\">\n<p>All\u00ed la gente comenz\u00f3 a correr para todos lados. El atacante logr\u00f3 ser detenido, aunque no se brindaron m\u00e1s precisiones sobre su identidad o si se trataba de un ataque terrorista. <\/p>\n<\/div>\n<div id=\"element-body-4\">\n<p>Cerca de las 15:45, de acuerdo a la informaci\u00f3n del diario  De Telegraaf, el lugar hab\u00eda sido acordonado por una docena de m\u00f3viles de polic\u00eda, que liberaron la plaza para permitir el descenso de un helic\u00f3ptero que traslade a los heridos. <\/p>\n<\/div>\n<p><br \/>\n<br \/><a href=\"https:\/\/www.clarin.com\/mundo\/panico-amsterdam-heridos-ataque-punaladas-plaza-centro-ciudad_0_Rt8O8PZXpG.html\">Fuente Clarin.com <\/a><\/p>\n","protected":false},"excerpt":{"rendered":"<p>Al menos cinco personas resultaron heridas en un apu\u00f1alamiento en el centro de la ciudad neerlandesa de \u00c1msterdam, a\u00fan por motivos desconocidos. La polic\u00eda ha detenido a un sospechoso, seg\u00fan medios locales. En el momento del suceso, las autoridades municipales celebraban un pleno municipal, que fue interrumpido de inmediato, y la alcaldesa, Femke Halsema, ofrecer\u00e1 [&hellip;]<\/p>\n","protected":false},"author":1,"featured_media":15638,"comment_status":"open","ping_status":"open","sticky":false,"template":"","format":"standard","meta":{"footnotes":""},"categories":[2],"tags":[2106,1601,567,984,100,568,1627,2007,312,73],"class_list":["post-15637","post","type-post","status-publish","format-standard","has-post-thumbnail","hentry","category-ultimas-noticias","tag-ataque","tag-centro","tag-cinco","tag-ciudad","tag-del","tag-heridos","tag-plaza","tag-punaladas","tag-tras","tag-una"],"_links":{"self":[{"href":"https:\/\/13.com.ar\/index.php\/wp-json\/wp\/v2\/posts\/15637","targetHints":{"allow":["GET"]}}],"collection":[{"href":"https:\/\/13.com.ar\/index.php\/wp-json\/wp\/v2\/posts"}],"about":[{"href":"https:\/\/13.com.ar\/index.php\/wp-json\/wp\/v2\/types\/post"}],"author":[{"embeddable":true,"href":"https:\/\/13.com.ar\/index.php\/wp-json\/wp\/v2\/users\/1"}],"replies":[{"embeddable":true,"href":"https:\/\/13.com.ar\/index.php\/wp-json\/wp\/v2\/comments?post=15637"}],"version-history":[{"count":0,"href":"https:\/\/13.com.ar\/index.php\/wp-json\/wp\/v2\/posts\/15637\/revisions"}],"wp:featuredmedia":[{"embeddable":true,"href":"https:\/\/13.com.ar\/index.php\/wp-json\/wp\/v2\/media\/15638"}],"wp:attachment":[{"href":"https:\/\/13.com.ar\/index.php\/wp-json\/wp\/v2\/media?parent=15637"}],"wp:term":[{"taxonomy":"category","embeddable":true,"href":"https:\/\/13.com.ar\/index.php\/wp-json\/wp\/v2\/categories?post=15637"},{"taxonomy":"post_tag","embeddable":true,"href":"https:\/\/13.com.ar\/index.php\/wp-json\/wp\/v2\/tags?post=15637"}],"curies":[{"name":"wp","href":"https:\/\/api.w.org\/{rel}","templated":true}]}}