{"id":15597,"date":"2025-03-27T11:21:38","date_gmt":"2025-03-27T14:21:38","guid":{"rendered":"https:\/\/13.com.ar\/index.php\/la-justicia-pide-18-meses-de-condena-por-agresion-sexual\/"},"modified":"2025-03-27T11:21:38","modified_gmt":"2025-03-27T14:21:38","slug":"la-justicia-pide-18-meses-de-condena-por-agresion-sexual","status":"publish","type":"post","link":"https:\/\/13.com.ar\/index.php\/la-justicia-pide-18-meses-de-condena-por-agresion-sexual\/","title":{"rendered":"La justicia pide 18 meses de condena por agresi\u00f3n sexual"},"content":{"rendered":"<p> <br \/>\n<br \/><img decoding=\"async\" src=\"https:\/\/13.com.ar\/wp-content\/uploads\/2025\/03\/La-justicia-pide-18-meses-de-condena-por-agresion-sexual.jpg\" \/><\/p>\n<div id=\"element-body-0\">\n<p>La fiscal\u00eda pidi\u00f3 este jueves una pena de 18 meses de c\u00e1rcel exentos de cumplimiento para el actor <strong>Gerard Depardieu<\/strong> de 76 a\u00f1os por las agresiones sexuales de las que afirman haber sido victimas dos trabajadoras de la pel\u00edcula \u201cLes volets verts\u201d, durante el rodaje del film en septiembre de 2021. El juicio inicio el pasado martes.<\/p>\n<\/div>\n<div id=\"element-body-1\">\n<p>Las dos victimas que demandan al actor son una decoradora y una asistente de direcci\u00f3n de la pel\u00edcula &#8220;Les volets verts&#8221;, del director Jean Becker, que denunciaron haber sido v\u00edctimas de agresiones sexuales, acoso sexual y ultrajes sexistas durante el rodaje del filme.<\/p>\n<\/div>\n<div id=\"element-body-2\">\n<p>Una de las denunciantes detall\u00f3 que en marzo del a\u00f1o pasado al medio en l\u00ednea Mediapart que el actor le hizo comentarios que la incomodaron y luego la \u201cagarr\u00f3 brutalmente\u201d le &#8220;sob\u00f3 la cintura, el vientre, hasta los pechos&#8221;.                       Por su parte la otra denunciante declar\u00f3 al diario regional <em>Le Courrier de l&#8217;Ouest <\/em>en febrero de 2024 record\u00f3 en particular las manos del actor por todo su cuerpo.<\/p>\n<\/div>\n<p><br \/>\n<br \/><a href=\"https:\/\/www.clarin.com\/espectaculos\/gerard-depardieu-justicia-pide-18-meses-condena-agresion-sexual_0_87O1hk3Geu.html\">Fuente Clarin.com <\/a><\/p>\n","protected":false},"excerpt":{"rendered":"<p>La fiscal\u00eda pidi\u00f3 este jueves una pena de 18 meses de c\u00e1rcel exentos de cumplimiento para el actor Gerard Depardieu de 76 a\u00f1os por las agresiones sexuales de las que afirman haber sido victimas dos trabajadoras de la pel\u00edcula \u201cLes volets verts\u201d, durante el rodaje del film en septiembre de 2021. El juicio inicio el [&hellip;]<\/p>\n","protected":false},"author":1,"featured_media":15598,"comment_status":"open","ping_status":"open","sticky":false,"template":"","format":"standard","meta":{"footnotes":""},"categories":[2],"tags":[3233,4668,964,1075,1278,142,2058],"class_list":["post-15597","post","type-post","status-publish","format-standard","has-post-thumbnail","hentry","category-ultimas-noticias","tag-agresion","tag-condena","tag-justicia","tag-meses","tag-pide","tag-por","tag-sexual"],"_links":{"self":[{"href":"https:\/\/13.com.ar\/index.php\/wp-json\/wp\/v2\/posts\/15597","targetHints":{"allow":["GET"]}}],"collection":[{"href":"https:\/\/13.com.ar\/index.php\/wp-json\/wp\/v2\/posts"}],"about":[{"href":"https:\/\/13.com.ar\/index.php\/wp-json\/wp\/v2\/types\/post"}],"author":[{"embeddable":true,"href":"https:\/\/13.com.ar\/index.php\/wp-json\/wp\/v2\/users\/1"}],"replies":[{"embeddable":true,"href":"https:\/\/13.com.ar\/index.php\/wp-json\/wp\/v2\/comments?post=15597"}],"version-history":[{"count":0,"href":"https:\/\/13.com.ar\/index.php\/wp-json\/wp\/v2\/posts\/15597\/revisions"}],"wp:featuredmedia":[{"embeddable":true,"href":"https:\/\/13.com.ar\/index.php\/wp-json\/wp\/v2\/media\/15598"}],"wp:attachment":[{"href":"https:\/\/13.com.ar\/index.php\/wp-json\/wp\/v2\/media?parent=15597"}],"wp:term":[{"taxonomy":"category","embeddable":true,"href":"https:\/\/13.com.ar\/index.php\/wp-json\/wp\/v2\/categories?post=15597"},{"taxonomy":"post_tag","embeddable":true,"href":"https:\/\/13.com.ar\/index.php\/wp-json\/wp\/v2\/tags?post=15597"}],"curies":[{"name":"wp","href":"https:\/\/api.w.org\/{rel}","templated":true}]}}