{"id":15590,"date":"2025-03-27T11:09:31","date_gmt":"2025-03-27T14:09:31","guid":{"rendered":"https:\/\/13.com.ar\/index.php\/socios-europeos-y-aliados-abordan-con-zelenski-el-futuro-de-kiev-ante-el-fin-de-la-guerra\/"},"modified":"2025-03-27T11:09:31","modified_gmt":"2025-03-27T14:09:31","slug":"socios-europeos-y-aliados-abordan-con-zelenski-el-futuro-de-kiev-ante-el-fin-de-la-guerra","status":"publish","type":"post","link":"https:\/\/13.com.ar\/index.php\/socios-europeos-y-aliados-abordan-con-zelenski-el-futuro-de-kiev-ante-el-fin-de-la-guerra\/","title":{"rendered":"socios europeos y aliados abordan con Zelenski el futuro de Kiev ante el fin de la guerra"},"content":{"rendered":"<p> <br \/>\n<\/p>\n<div id=\"cuerpo\">\n<div class=\"sc-80531b6b-0 chRIGJ container-text text-embed\" id=\"element-body-0\">\n<p>La cumbre parisina de los que quieren ser <strong>la \u201cgarant\u00eda de la paz\u201d<\/strong> en la guerra de Ucrania se reunieron el jueves en el Palacio del Eliseo. Junto a ellos, el presidente ucraniano Volodimir Zelenski, que lleg\u00f3 a la capital francesa el mi\u00e9rcoles por la noche y se reuni\u00f3 con Emmanuel Macron. All\u00ed recibi\u00f3 la promesa de <strong>una nueva ayuda militar francesa<\/strong> de dos mil millones de euros. Este jueves se abrazaron para subir las escaleras del palacio.<\/p>\n<\/div>\n<div class=\"sc-80531b6b-0 chRIGJ container-text text-embed\" id=\"element-body-1\">\n<p> Al menos 33 pa\u00edses aliados de Ucrania unidos para una nueva cumbre de la &#8220;coalici\u00f3n de buena voluntad &#8220;, que se espera que &#8220;finalice&#8221; de pulir las &#8220;garant\u00edas de seguridad&#8221;, que se proporcionar\u00e1n a Kiev, en caso de un acuerdo de paz con Rusia. Un acto diplom\u00e1tico, donde se discuti\u00f3 finalmente <strong>si Estados Unidos es o no un aliado <\/strong>de los occidentales o prefiere a Rusia. Una conversaci\u00f3n dif\u00edcil y sensible, en un d\u00eda hist\u00f3rico para Europa y sus aliados.<\/p>\n<\/div>\n<div class=\"sc-80531b6b-0 chRIGJ container-text text-embed\" id=\"element-body-2\">\n<p>Acudieron el primer ministro brit\u00e1nico Keir Starmer, la italiana Giorgia Meloni, el canciller alem\u00e1n Olaf Scholz, la primera ministra de Dinamarca, Mette Frederiksen, el primer ministro polaco Donald Task, el vicepresidente turco Cevdet Yilmaz en reemplazo del presidente Recyp Erdogan y el primer ministro de Canad\u00e1, Mark Carney, entre otras. Tambi\u00e9n lleg\u00f3 el jefe de la OTAN, Mark Rutte, y los l\u00edderes de la Uni\u00f3n Europea. <strong>Estados Unidos no asisti\u00f3.<\/strong><\/p>\n<\/div>\n<div class=\"sc-98b114a2-0 bkqiHH image-embed  image-embed \" id=\"element-body-3\"><picture class=\"sc-98b114a2-1 jRUlDm\"><source media=\"(min-width: 975px)\" width=\"720\" height=\"480\" \/><img alt=\"Los l\u00edderes de unos 30 pa\u00edses posan en Francia. Foto: EFE\" loading=\"lazy\" width=\"720\" height=\"480\" decoding=\"async\" data-nimg=\"1\" style=\"color:transparent\" src=\"https:\/\/13.com.ar\/wp-content\/uploads\/2025\/03\/socios-europeos-y-aliados-abordan-con-Zelenski-el-futuro-de.jpg\"\/><span class=\"epigraphe\">Los l\u00edderes de unos 30 pa\u00edses posan en Francia. Foto: EFE<\/span><span class=\"picture-open\"><button class=\"open-image\" aria-label=\"Open Image\"\/><\/span><\/picture><\/div>\n<div class=\"sc-80531b6b-0 chRIGJ container-text text-embed\" id=\"element-body-4\">\n<p>En un lujoso sal\u00f3n del Eliseo, los lideres se sentaron en un rect\u00e1ngulo, con todas las banderas de fondo. La cumbre sobre la paz y la seguridad se puso en marcha con la foto de familia, con luces coloradas, blancas y azules.<\/p>\n<\/div>\n<p><h2>Macron habl\u00f3 con Trump<\/h2>\n<\/p>\n<div class=\"sc-80531b6b-0 chRIGJ container-text text-embed\" id=\"element-body-6\">\n<p>Antes el presidente Emmanuel Macron <strong>habl\u00f3 con Donald Trump<\/strong><\/p>\n<\/div>\n<div class=\"sc-80531b6b-0 chRIGJ container-text text-embed\" id=\"element-body-7\">\n<p>Este intercambio tuvo lugar despu\u00e9s de la reuni\u00f3n del mi\u00e9rcoles por la noche entre el presidente franc\u00e9s y su par ucraniano, Zelenski, indic\u00f3 una fuente del palacio. Acababan de finalizar las negociaciones de paz en Arabia Saudita entre Estados Unidos, Ucrania y Rusia.<\/p>\n<\/div>\n<div class=\"sc-80531b6b-0 chRIGJ container-text text-embed\" id=\"element-body-8\">\n<p>Fue en un d\u00eda complicado para las relaciones europeas, cuando el vicepresidente norteamericano Vance<strong> <\/strong>volvi\u00f3 a despreciar a Europa, seg\u00fan las filtraciones de una reuni\u00f3n, en la que inesperadamente fue sumado a la red Signal el editor de la revista norteamericana The Atlantic.<\/p>\n<\/div>\n<div class=\"sc-80531b6b-0 chRIGJ container-text text-embed\" id=\"element-body-9\">\n<p>En la filtraci\u00f3n de The Atlantic sobre un ataque a Yemen, hay un di\u00e1logo revelador de esta desconfianza, en esta nueva relaci\u00f3n entre Europa y Estados Unidos. \u201dSi lo creen necesario, hag\u00e1moslo. Lamento tener que volver a ayudar a los europeos&#8221;, escribi\u00f3 el vicepresidente J.D. Vance al secretario de Defensa, Pete Hegseth.<\/p>\n<\/div>\n<div class=\"sc-80531b6b-0 chRIGJ container-text text-embed\" id=\"element-body-10\">\n<p>&#8220;Estoy totalmente de acuerdo. Detesto el comportamiento especulativo de los europeos. Es PAT\u00c9TICO&#8221;, respondi\u00f3 el ministro.<\/p>\n<\/div>\n<div class=\"sc-80531b6b-0 chRIGJ container-text text-embed\" id=\"element-body-11\">\n<p>Los intercambios tambi\u00e9n revelan divisiones dentro de la administraci\u00f3n Trump. Vance dijo que dudaba que el presidente estadounidense fuera &#8220;consciente de la inconsistencia (de estos ataques) con su mensaje actual sobre Europa&#8221;. Una ratificaci\u00f3n de que la nueva administraci\u00f3n Trump es profundamente antieuropea.<\/p>\n<\/div>\n<p><h2>Las garant\u00edas para la paz<\/h2>\n<\/p>\n<div class=\"sc-80531b6b-0 chRIGJ container-text text-embed\" id=\"element-body-13\">\n<p>La cumbre de Par\u00eds re\u00fane a treinta y tres pa\u00edses de la Uni\u00f3n Europea y\/o la OTAN, dispuestos a ofrecer garant\u00edas de seguridad a Kiev, en caso de un acuerdo de paz con Rusia. Estados Unidos no participa.<\/p>\n<\/div>\n<div class=\"sc-98b114a2-0 bkqiHH image-embed  image-embed \" id=\"element-body-14\"><picture class=\"sc-98b114a2-1 jRUlDm\"><source media=\"(min-width: 975px)\" width=\"720\" height=\"480\" \/><img alt=\"Giorgia Meloni entre sus pares en Par\u00eds. Foto: EFE\" loading=\"lazy\" width=\"720\" height=\"480\" decoding=\"async\" data-nimg=\"1\" style=\"color:transparent\" src=\"https:\/\/13.com.ar\/wp-content\/uploads\/2025\/03\/1743084571_716_socios-europeos-y-aliados-abordan-con-Zelenski-el-futuro-de.jpg\"\/><span class=\"epigraphe\">Giorgia Meloni entre sus pares en Par\u00eds. Foto: EFE<\/span><span class=\"picture-open\"><button class=\"open-image\" aria-label=\"Open Image\"\/><\/span><\/picture><\/div>\n<div class=\"sc-80531b6b-0 chRIGJ container-text text-embed\" id=\"element-body-15\">\n<p><strong>Trump no est\u00e1 interesado en esas garant\u00edas de paz<\/strong> y menos, en tropas occidentales en el terreno para garantizar la paz. El cree que basta con el acuerdo de minerales raros ucranianos o conseguir la propiedad de la central nuclear de Zaporiya, que pertenece a Ucrania y est\u00e1 ocupada por los rusos mientras contin\u00faa sus negociaciones en Arabia Saudita. All\u00ed ha conseguido un dudoso acuerdo de paz en el Mar Negro. Su idea es una paz de negocios.<\/p>\n<\/div>\n<div class=\"sc-80531b6b-0 chRIGJ container-text text-embed\" id=\"element-body-16\">\n<p>\u201cTras una serie de reuniones pol\u00edticas y militares organizadas desde mediados de febrero sucesivamente por Par\u00eds y Londres, ha llegado el momento de &#8220;sacar conclusiones operativas&#8221;, explic\u00f3 la presidencia francesa a la prensa.<\/p>\n<\/div>\n<div class=\"sc-80531b6b-0 chRIGJ container-text text-embed\" id=\"element-body-17\">\n<p><strong>&#8220;Hay que mantener la presi\u00f3n&#8221; sobre Rusia <\/strong>a trav\u00e9s de las sanciones impuestas desde la invasi\u00f3n de Ucrania en 2022, afirm\u00f3 el jueves el presidente del Consejo Europeo, Antonio Costa, en la apertura de una cumbre en Par\u00eds que re\u00fane a los aliados de Kiev.<\/p>\n<\/div>\n<div class=\"sc-80531b6b-0 chRIGJ container-text text-embed\" id=\"element-body-18\">\n<p>\u201cLa mejor manera de apoyar a Ucrania es mantener nuestro compromiso con nuestro objetivo de lograr una paz justa y duradera. Esto significa mantener la presi\u00f3n sobre Rusia mediante sanciones\u201d, escribi\u00f3 el presidente del organismo, que representa a los l\u00edderes de los 27 pa\u00edses de la Uni\u00f3n Europea el 10 de marzo.<\/p>\n<\/div>\n<div class=\"sc-80531b6b-0 chRIGJ container-text text-embed\" id=\"element-body-19\">\n<p>Justo cuando Estados Unidos va a eliminar por primera vez sanciones a Rusia.<\/p>\n<\/div>\n<div class=\"sc-80531b6b-0 chRIGJ container-text text-embed\" id=\"element-body-20\">\n<p>\u201cEuropa puede defenderse. &#8220;Tenemos que demostrarlo&#8221;, escribi\u00f3 Zelenski en redes sociales, acompa\u00f1ando su mensaje con una foto familiar de los l\u00edderes presentes en Par\u00eds.<\/p>\n<\/div>\n<p><h2>Acusaciones de Rusia<\/h2>\n<\/p>\n<div class=\"sc-80531b6b-0 chRIGJ container-text text-embed\" id=\"element-body-22\">\n<p>Rusia afirm\u00f3 que el Reino Unido y Francia<strong> est\u00e1n planeando una intervenci\u00f3n militar en Ucrania,<\/strong> bajo el pretexto de mantener la paz.<\/p>\n<\/div>\n<div class=\"sc-80531b6b-0 chRIGJ container-text text-embed\" id=\"element-body-23\">\n<p>Mosc\u00fa advierte que Reino Unido y Francia corren el riesgo de una &#8220;confrontaci\u00f3n directa&#8221; entre Rusia y la OTAN.<\/p>\n<\/div>\n<div class=\"sc-80531b6b-0 chRIGJ container-text text-embed\" id=\"element-body-24\">\n<p>Francia y el Reino Unido est\u00e1n &#8220;tramando planes para una intervenci\u00f3n militar en Ucrania&#8221;<strong>, bajo el disfraz de una misi\u00f3n de mantenimiento de la paz, <\/strong>advirti\u00f3 la portavoz del Ministerio de Asuntos Exteriores de Rusia.<\/p>\n<\/div>\n<div class=\"sc-80531b6b-0 chRIGJ container-text text-embed\" id=\"element-body-25\">\n<p>Mar\u00eda Zakharova a\u00f1adi\u00f3 que tal intervenci\u00f3n podr\u00eda conducir a un conflicto directo entre su pa\u00eds y la OTAN.<\/p>\n<\/div>\n<div class=\"sc-80531b6b-0 chRIGJ container-text text-embed\" id=\"element-body-26\">\n<p>Rusia se opone a la presencia de tropas europeas para asegurar la paz en Ucrania.<\/p>\n<\/div>\n<div class=\"sc-80531b6b-0 chRIGJ container-text text-embed\" id=\"element-body-27\">\n<p>&#8220;Nuestro pa\u00eds se opone categ\u00f3ricamente a este escenario, que corre el riesgo de una confrontaci\u00f3n directa entre Rusia y la OTAN&#8221;, afirm\u00f3 Zakharova en una rueda de prensa.<\/p>\n<\/div>\n<div class=\"sc-80531b6b-0 chRIGJ container-text text-embed\" id=\"element-body-28\">\n<p>En comentarios publicados por la agencia de noticias estatal TASS, agreg\u00f3 que Reino Unido quer\u00eda provocar a la UE un &#8220;ba\u00f1o de sangre&#8221; con Rusia.<\/p>\n<\/div>\n<div class=\"sc-80531b6b-0 chRIGJ container-text text-embed\" id=\"element-body-29\">\n<p>El jefe del Estado Mayor de Ucrania, que visit\u00f3 el jueves<strong> la regi\u00f3n nororiental de Sumy<\/strong>, dijo que las fuerzas rusas estaban intensificando las operaciones en la regi\u00f3n en un intento de avanzar. \u201cEl ej\u00e9rcito ucraniano est\u00e1 realizando operaciones defensivas y de asalto para evitar que el enemigo avance hacia territorio ucraniano\u201d, dijo el general Oleksandr Syrskyi en Facebook.<\/p>\n<\/div>\n<div class=\"sc-80531b6b-0 chRIGJ container-text text-embed\" id=\"element-body-30\">\n<p>Sumy limita con la regi\u00f3n rusa de Kursk, donde las fuerzas ucranianas han estado luchando en las \u00faltimas semanas para mantener el control del territorio ruso capturado en una ofensiva transfronteriza, lanzada en agosto pasado.<\/p>\n<\/div>\n<p><h2>El canciller ingl\u00e9s a Beijing<\/h2>\n<\/p>\n<div class=\"sc-80531b6b-0 chRIGJ container-text text-embed\" id=\"element-body-32\">\n<p>Ante las &#8220;crisis&#8221;, el jefe de la diplomacia francesa aboga por el di\u00e1logo con Beijing. El ministro franc\u00e9s de Asuntos Exteriores, Jean-No\u00ebl Barrot viaj\u00f3 a China y <strong>pidi\u00f3 una &#8220;fuerte asociaci\u00f3n franco-china&#8221; frente a las &#8220;crisis&#8221; mundiales. <\/strong>Aunque advirti\u00f3 que Europa defender\u00eda sus &#8220;intereses&#8221; y &#8220;valores&#8221;.<\/p>\n<\/div>\n<div class=\"sc-80531b6b-0 chRIGJ container-text text-embed\" id=\"element-body-33\">\n<p>&#8220;M\u00e1s que nunca, el contexto actual exige una fuerte asociaci\u00f3n franco-china al servicio de la estabilidad geopol\u00edtica, la prosperidad y el futuro de nuestro planeta&#8221;, declar\u00f3 el jefe de la diplomacia ante estudiantes, antes de reunirse con su par Wang Yi.<\/p>\n<\/div>\n<div class=\"sc-80531b6b-0 chRIGJ container-text text-embed\" id=\"element-body-34\">\n<p>Los dos ministros se estrecharon la mano en la lujosa Residencia Estatal de Diaoyutai , frente a banderas francesas y chinas, antes de mantener conversaciones a puerta cerrada. Par\u00eds hab\u00eda indicado que las discusiones se centrar\u00edan en la soluci\u00f3n del conflicto ruso-ucraniano, as\u00ed como en Oriente Medio y las tensiones comerciales entre China y la Uni\u00f3n Europea.<\/p>\n<\/div>\n<div class=\"sc-80531b6b-0 chRIGJ container-text text-embed\" id=\"element-body-35\">\n<p>China ha hecho su primera incursi\u00f3n diplom\u00e1tica en Medio Oriente durante la guerra en Gaza. Consigui\u00f3 un acuerdo entre la OLP, Al Fatah, la Jihad Isl\u00e1mica y Hamas, las fuerzas palestinas, para consensuar una salida en la Franja al final de la guerra.<\/p>\n<\/div>\n<div class=\"sc-80531b6b-0 chRIGJ container-text text-embed\" id=\"element-body-36\">\n<p>&#8220;El ritmo de las crisis se est\u00e1 acelerando&#8221;, dijo el ministro franc\u00e9s junto a Wang Yi. &#8220;Por lo tanto, nuestros dos pa\u00edses deben impulsar juntos un di\u00e1logo sobre estabilidad, que conduzca a la b\u00fasqueda de soluciones&#8221;.<\/p>\n<\/div>\n<div class=\"sc-80531b6b-0 chRIGJ container-text text-embed\" id=\"element-body-37\">\n<p>Francia y China han buscado fortalecer sus lazos en los \u00faltimos a\u00f1os. Pero Par\u00eds tambi\u00e9n confront\u00f3 a Pek\u00edn por sus v\u00ednculos con Mosc\u00fa, que se han vuelto mucho m\u00e1s estrechos desde la guerra en Ucrania. Aunque China nunca ha condenado la invasi\u00f3n rusa.<\/p>\n<\/div>\n<\/div>\n<p><br \/>\n<br \/><a href=\"https:\/\/www.clarin.com\/mundo\/cumbre-ucrania-paris-socios-europeos-aliados-abordan-zelenski-futuro-kiev-fin-guerra_0_yIa92NpFc6.html\">Fuente Clarin.com <\/a><\/p>\n","protected":false},"excerpt":{"rendered":"<p>La cumbre parisina de los que quieren ser la \u201cgarant\u00eda de la paz\u201d en la guerra de Ucrania se reunieron el jueves en el Palacio del Eliseo. Junto a ellos, el presidente ucraniano Volodimir Zelenski, que lleg\u00f3 a la capital francesa el mi\u00e9rcoles por la noche y se reuni\u00f3 con Emmanuel Macron. All\u00ed recibi\u00f3 la [&hellip;]<\/p>\n","protected":false},"author":1,"featured_media":15591,"comment_status":"open","ping_status":"open","sticky":false,"template":"","format":"standard","meta":{"footnotes":""},"categories":[2],"tags":[13952,10071,2759,18,7241,981,2563,1864,8980,6683,5332],"class_list":["post-15590","post","type-post","status-publish","format-standard","has-post-thumbnail","hentry","category-ultimas-noticias","tag-abordan","tag-aliados","tag-ante","tag-con","tag-europeos","tag-fin","tag-futuro","tag-guerra","tag-kiev","tag-socios","tag-zelenski"],"_links":{"self":[{"href":"https:\/\/13.com.ar\/index.php\/wp-json\/wp\/v2\/posts\/15590","targetHints":{"allow":["GET"]}}],"collection":[{"href":"https:\/\/13.com.ar\/index.php\/wp-json\/wp\/v2\/posts"}],"about":[{"href":"https:\/\/13.com.ar\/index.php\/wp-json\/wp\/v2\/types\/post"}],"author":[{"embeddable":true,"href":"https:\/\/13.com.ar\/index.php\/wp-json\/wp\/v2\/users\/1"}],"replies":[{"embeddable":true,"href":"https:\/\/13.com.ar\/index.php\/wp-json\/wp\/v2\/comments?post=15590"}],"version-history":[{"count":0,"href":"https:\/\/13.com.ar\/index.php\/wp-json\/wp\/v2\/posts\/15590\/revisions"}],"wp:featuredmedia":[{"embeddable":true,"href":"https:\/\/13.com.ar\/index.php\/wp-json\/wp\/v2\/media\/15591"}],"wp:attachment":[{"href":"https:\/\/13.com.ar\/index.php\/wp-json\/wp\/v2\/media?parent=15590"}],"wp:term":[{"taxonomy":"category","embeddable":true,"href":"https:\/\/13.com.ar\/index.php\/wp-json\/wp\/v2\/categories?post=15590"},{"taxonomy":"post_tag","embeddable":true,"href":"https:\/\/13.com.ar\/index.php\/wp-json\/wp\/v2\/tags?post=15590"}],"curies":[{"name":"wp","href":"https:\/\/api.w.org\/{rel}","templated":true}]}}