{"id":15412,"date":"2025-03-26T19:13:28","date_gmt":"2025-03-26T22:13:28","guid":{"rendered":"https:\/\/13.com.ar\/index.php\/me-encanta-esperemos-verlo-en-la-parrilla-muy-pronto\/"},"modified":"2025-03-26T19:13:28","modified_gmt":"2025-03-26T22:13:28","slug":"me-encanta-esperemos-verlo-en-la-parrilla-muy-pronto","status":"publish","type":"post","link":"https:\/\/13.com.ar\/index.php\/me-encanta-esperemos-verlo-en-la-parrilla-muy-pronto\/","title":{"rendered":"Me encanta, esperemos verlo en la parrilla muy pronto"},"content":{"rendered":"<p> <br \/>\n<br \/><img decoding=\"async\" src=\"https:\/\/13.com.ar\/wp-content\/uploads\/2025\/03\/Me-encanta-esperemos-verlo-en-la-parrilla-muy-pronto.jpg\" \/><\/p>\n<div id=\"element-body-0\">\n<p><strong>Pierre Gasly<\/strong> manifest\u00f3 que <strong>le gusta mucho el trabajo que est\u00e1 haciendo Franco Colapinto<\/strong> en sus primeros meses como piloto reserva de Alpine. <strong>El franc\u00e9s dijo que le gustar\u00eda verlo pronto al argentino en la parrilla<\/strong>, porque seg\u00fan \u00e9l, cuando tuvo su oportunidad, en Williams, ya <strong>demostr\u00f3 tener el talento y la velocidad<\/strong> para estar en F\u00f3rmula 1. <\/p>\n<\/div>\n<div id=\"element-body-1\">\n<p>&#8220;Al fin y al cabo, <strong>me encanta Franco y est\u00e1 haci\u00e9ndolo muy bien.<\/strong> <strong>Estoy seguro de que tiene su lugar en la parrilla<\/strong>, pero no deber\u00edamos olvidar que todos los equipos tienen un piloto reserva. Yo fui reserva en Red Bull, tambi\u00e9n estuve de pruebas en Toro Rosso y quer\u00eda el asiento de los pilotos oficiales. Me ca\u00edan bien, pero no estoy aqu\u00ed para ver, estoy aqu\u00ed para correr&#8221;, se\u00f1al\u00f3 Gasly en el podcast oficial de la F\u00f3rmula 1, Beyond The Grid, en di\u00e1logo con Tom Clarkson, periodista brit\u00e1nico y presentador de las ruedas de prensa oficiales de la F\u00f3rmula 1.<\/p>\n<\/div>\n<div id=\"element-body-3\">\n<p>A su vez, <strong>Gasly se refiri\u00f3 a la posibilidad<\/strong> de que<strong> Colapinto reemplace a Jack Doohan<\/strong> tras el flojo arranque del australiano: &#8220;<strong>Todos los pilotos reserva quieren el asiento de los pilotos oficiales<\/strong>, independientemente de qui\u00e9n seas. Jack el a\u00f1o pasado era piloto reserva y Esteban y yo sab\u00edamos que quer\u00eda correr en uno de los coches. Es la din\u00e1mica normal de un equipo y Franco est\u00e1 ah\u00ed, obviamente, quiere manejar. <strong>Espero que le veamos en la parrilla muy pronto, porque ha demostrado ser un piloto muy fuerte<\/strong>&#8220;.<\/p>\n<\/div>\n<div id=\"element-body-5\">\n<p>Respecto a su actual compa\u00f1ero de equipo, Jack Doohan, con el que dice tener una gran relaci\u00f3n, el <strong>franc\u00e9s lamenta la presi\u00f3n con la que tuvo que arrancar su camino de la F\u00f3rmula 1<\/strong>. Gasly recuerda lo especial que es para todos los pilotos llegar al Gran Circo y &#8220;estando en situaciones de incertidumbre sobre tu futuro, te olvidas de lo m\u00e1s importante, que <strong>es disfrutar de la experiencia<\/strong> y del hecho de haber cumplido tu sue\u00f1o&#8221;.<\/p>\n<\/div>\n<div id=\"element-body-7\">\n<p>&#8220;No hay actuaciones ah\u00ed, Jack es un tipo incre\u00edble, muy divertido<strong>. Es f\u00e1cil llevarse con \u00e9l y es un piloto muy r\u00e1pido<\/strong>. S\u00e9 que no est\u00e1 teniendo el camino m\u00e1s f\u00e1cil en la F\u00f3rmula 1 y hay varias situaciones por las que puedo decir que yo tambi\u00e9n pas\u00e9 y no me sent\u00ed bien, no me gustaron, y en la F\u00f3rmula 1, tienes que disfrutar de tu tiempo y so\u00f1\u00f3 con formar parte de la parrilla mucho tiempo, <strong>pero cuando llegas ah\u00ed, todo se trata de rendimiento<\/strong>&#8220;, coment\u00f3 Gasly, sobre la actualidad que est\u00e1 atravesando Doohan en Alpine.<\/p>\n<\/div>\n<div id=\"element-body-9\">\n<p>Para cerrar, Gasly fue consultado por si Doohan fue presionado en exceso y de forma indebida, a lo que el franc\u00e9s dijo: &#8220;S\u00ed. El tipo estaba en todos los medios antes de empezar a correr en F\u00f3rmula 1. <strong>Necesitas darle tiempo y el paso de las carreras<\/strong> lo dir\u00e1n, pero est\u00e1 en esta posici\u00f3n porque le dieron la oportunidad y porque la gente cre\u00eda en \u00e9l en primer lugar, y es un entorno muy duro. Siempre va a haber mucha exigencia, es evidentente que se va a hablar, pero lo que es injusto es que no se habla sobre todos de la misma forma, y no me gusta&#8221;.<\/p>\n<\/div>\n<p><br \/>\n<br \/><a href=\"https:\/\/www.clarin.com\/deportes\/pierre-gasly-inesperado-elogio-franco-colapinto-encanta-esperemos-verlo-parrilla-pronto_0_diX5g5kGGz.html\">Fuente Clarin.com <\/a><\/p>\n","protected":false},"excerpt":{"rendered":"<p>Pierre Gasly manifest\u00f3 que le gusta mucho el trabajo que est\u00e1 haciendo Franco Colapinto en sus primeros meses como piloto reserva de Alpine. El franc\u00e9s dijo que le gustar\u00eda verlo pronto al argentino en la parrilla, porque seg\u00fan \u00e9l, cuando tuvo su oportunidad, en Williams, ya demostr\u00f3 tener el talento y la velocidad para estar [&hellip;]<\/p>\n","protected":false},"author":1,"featured_media":15413,"comment_status":"open","ping_status":"open","sticky":false,"template":"","format":"standard","meta":{"footnotes":""},"categories":[2],"tags":[4176,10214,188,9906,6703,2554],"class_list":["post-15412","post","type-post","status-publish","format-standard","has-post-thumbnail","hentry","category-ultimas-noticias","tag-encanta","tag-esperemos","tag-muy","tag-parrilla","tag-pronto","tag-verlo"],"_links":{"self":[{"href":"https:\/\/13.com.ar\/index.php\/wp-json\/wp\/v2\/posts\/15412","targetHints":{"allow":["GET"]}}],"collection":[{"href":"https:\/\/13.com.ar\/index.php\/wp-json\/wp\/v2\/posts"}],"about":[{"href":"https:\/\/13.com.ar\/index.php\/wp-json\/wp\/v2\/types\/post"}],"author":[{"embeddable":true,"href":"https:\/\/13.com.ar\/index.php\/wp-json\/wp\/v2\/users\/1"}],"replies":[{"embeddable":true,"href":"https:\/\/13.com.ar\/index.php\/wp-json\/wp\/v2\/comments?post=15412"}],"version-history":[{"count":0,"href":"https:\/\/13.com.ar\/index.php\/wp-json\/wp\/v2\/posts\/15412\/revisions"}],"wp:featuredmedia":[{"embeddable":true,"href":"https:\/\/13.com.ar\/index.php\/wp-json\/wp\/v2\/media\/15413"}],"wp:attachment":[{"href":"https:\/\/13.com.ar\/index.php\/wp-json\/wp\/v2\/media?parent=15412"}],"wp:term":[{"taxonomy":"category","embeddable":true,"href":"https:\/\/13.com.ar\/index.php\/wp-json\/wp\/v2\/categories?post=15412"},{"taxonomy":"post_tag","embeddable":true,"href":"https:\/\/13.com.ar\/index.php\/wp-json\/wp\/v2\/tags?post=15412"}],"curies":[{"name":"wp","href":"https:\/\/api.w.org\/{rel}","templated":true}]}}