{"id":1541,"date":"2025-02-03T08:06:06","date_gmt":"2025-02-03T11:06:06","guid":{"rendered":"https:\/\/13.com.ar\/index.php\/con-menos-stock-comenzo-la-recuperacion-del-valor-de-la-hacienda\/"},"modified":"2025-02-03T08:06:06","modified_gmt":"2025-02-03T11:06:06","slug":"con-menos-stock-comenzo-la-recuperacion-del-valor-de-la-hacienda","status":"publish","type":"post","link":"https:\/\/13.com.ar\/index.php\/con-menos-stock-comenzo-la-recuperacion-del-valor-de-la-hacienda\/","title":{"rendered":"con menos stock, comenz\u00f3 la recuperaci\u00f3n del valor de la hacienda"},"content":{"rendered":"<p> <br \/>\n<br \/><img decoding=\"async\" src=\"https:\/\/13.com.ar\/wp-content\/uploads\/2025\/02\/con-menos-stock-comenzo-la-recuperacion-del-valor-de-la.jpg\" \/><\/p>\n<div id=\"cuerpo\">\n<div class=\"sc-80531b6b-0 chRIGJ container-text text-embed\">\n<p>En los \u00faltimos d\u00edas de enero se anticip\u00f3 la <strong>suba estacional de los precios de la hacienda liviana<\/strong>: en 16 de los \u00faltimos 17 a\u00f1os, el precio real del novillito en febrero supera al correspondiente al de enero. Como promedio de ese per\u00edodo, la suba de febrero con respecto al mes previo es en t\u00e9rminos reales del <strong>7,4%<\/strong>.<\/p>\n<\/div>\n<div class=\"sc-80531b6b-0 chRIGJ container-text text-embed\">\n<p>Los feedlots est\u00e1n pasando de ofertar mensualmente unas <strong>430 mil a 450 mil cabezas en el \u00faltimo trimestre del a\u00f1o<\/strong>, a env\u00edos del orden de las <strong>370 mil a 390 mil cabezas al mes en febrero-marzo<\/strong>.<\/p>\n<\/div>\n<div class=\"sc-80531b6b-0 chRIGJ container-text text-embed\">\n<p>Esta suba de los valores, de ser convalidada en las pr\u00f3ximas semanas por el consumo y por la exportaci\u00f3n, podr\u00eda ubicar los precios reales de la hacienda en un escal\u00f3n un <strong>15% superior al promedio de los a\u00f1os 2005-2024<\/strong>.<\/p>\n<\/div>\n<div class=\"sc-80531b6b-0 chRIGJ container-text text-embed\">\n<p>Despu\u00e9s de muchos meses de ca\u00eddas, los precios reales del ganado alcanzan <strong>a moneda constante ahora los niveles de marzo pasado<\/strong>.<\/p>\n<\/div>\n<div class=\"sc-80531b6b-0 chRIGJ container-text text-embed\">\n<p>La tendencia observada en el \u00faltimo trimestre del a\u00f1o pasado es un aumento en la faena, a una ca\u00edda en las exportaciones (20%) y a un incremento en el consumo per capita, que hacia fin de a\u00f1o hab\u00eda superado los 50 kilos, equivalente anual.<\/p>\n<\/div>\n<div class=\"sc-80531b6b-0 chRIGJ container-text text-embed\">\n<p>La demanda se integra actualmente en un <strong>25% por la exportaci\u00f3n y en un 75% al consumo interno<\/strong>, contra una relaci\u00f3n de 33%\/67% que se registraba hace pocos meses.<\/p>\n<\/div>\n<p><h2>Stock ganadero 2024<\/h2>\n<\/p>\n<div class=\"sc-80531b6b-0 chRIGJ container-text text-embed\">\n<p>Se van conociendo los datos de vacunaci\u00f3n (segunda campa\u00f1a 2024 contra la aftosa) de las provincias ganaderas m\u00e1s importantes, y los resultados arrojan alguna sorpresa. Con respecto a la primavera del 2023, <strong>se habr\u00edan vacunado entre 4% y 5% menos de novillitos y vaquillonas<\/strong>, que no es otra cosa que volver a medir \u2013seis meses despu\u00e9s\u2013 el disminuido destete del oto\u00f1o pasado, cuando se encontraron 837 mil cr\u00edas menos que en el oto\u00f1o de 2023.<\/p>\n<\/div>\n<div class=\"sc-80531b6b-0 chRIGJ container-text text-embed\">\n<p>En <strong>2024<\/strong>, adem\u00e1s, fue particularmente <strong>elevada tanto la faena de novillitos como la de vaquillonas<\/strong>, especialmente de esta \u00faltima categor\u00eda, cuya matanza roz\u00f3 las 400 mil cabezas en diciembre \u00faltimo.<\/p>\n<\/div>\n<div class=\"sc-80531b6b-0 chRIGJ container-text text-embed\">\n<p>Despu\u00e9s del pobre servicio 2022\/parici\u00f3n 2023\/destete 2024, y con la regularizaci\u00f3n de las lluvias, se esperaba un buen servicio 2023\/parici\u00f3n 2024, pero <strong>el n\u00famero de terneros al pie de la madre (destete 2025) resulta inferior a lo esperado<\/strong>.<\/p>\n<\/div>\n<div class=\"sc-80531b6b-0 chRIGJ container-text text-embed\">\n<p>Con la mejora del clima se esperaba una fuerte recuperaci\u00f3n de la pre\u00f1ez y de la parici\u00f3n, pero el stock de terneros encontrados al pie de la madre en la \u00faltima vacunaci\u00f3n revelar\u00eda a priori que dicha recuperaci\u00f3n se habr\u00eda dado s\u00f3lo parcialmente.<\/p>\n<\/div>\n<div class=\"sc-80531b6b-0 chRIGJ container-text text-embed\">\n<p>\u00bfExplicaci\u00f3n? El servicio 2023 se dio sobre un plantel de vacas y vaquillonas disminuido en n\u00famero con respecto a la primavera previa, y por otro lado en muchas zonas criadoras, por los efectos residuales de la seca, los vientres no llegaron a recuperarse y no se lleg\u00f3 entonces a alcanzar los excelentes \u00edndices de pre\u00f1ez de los a\u00f1os previos a la seca.<\/p>\n<\/div>\n<div class=\"sc-80531b6b-0 chRIGJ container-text text-embed\">\n<p>No se vacunaron en la segunda campa\u00f1a 2024 las vacas, pero en funci\u00f3n de la elevada tasa de extracci\u00f3n (faena\/stock) de esta categor\u00eda durante 2024 puede calcularse que <strong>el n\u00famero de vacas a diciembre pasado habr\u00eda ca\u00eddo nuevamente<\/strong>, esta vez en unos 400 mil vientres.<\/p>\n<\/div>\n<div class=\"sc-80531b6b-0 chRIGJ container-text text-embed\">\n<p>En resumen: menos novillitos y vaquillonas, menos novillos, y un aumento en el n\u00famero de terneros al pie de la madre que ser\u00eda modesto, inferior a lo previsto.<\/p>\n<\/div>\n<div class=\"sc-80531b6b-0 chRIGJ container-text text-embed\">\n<p>La recomposici\u00f3n del rodeo est\u00e1 lejos de comenzar. En los \u00faltimos meses, adem\u00e1s, se ha acelerado la faena de ganado bovino, con un stock que lejos de recuperar lo perdido con la seca, podr\u00eda inclusive estar retrocediendo.<\/p>\n<\/div>\n<\/div>\n<p><br \/>\n<br \/><a href=\"https:\/\/www.clarin.com\/rural\/precio-carne-stock-comenzo-recuperacion-valor-hacienda_0_raRRI6K9DM.html\">Fuente Clarin.com <\/a><\/p>\n","protected":false},"excerpt":{"rendered":"<p>En los \u00faltimos d\u00edas de enero se anticip\u00f3 la suba estacional de los precios de la hacienda liviana: en 16 de los \u00faltimos 17 a\u00f1os, el precio real del novillito en febrero supera al correspondiente al de enero. Como promedio de ese per\u00edodo, la suba de febrero con respecto al mes previo es en t\u00e9rminos [&hellip;]<\/p>\n","protected":false},"author":1,"featured_media":1542,"comment_status":"open","ping_status":"open","sticky":false,"template":"","format":"standard","meta":{"footnotes":""},"categories":[2],"tags":[348,18,100,1881,263,3199,3198,529],"class_list":["post-1541","post","type-post","status-publish","format-standard","has-post-thumbnail","hentry","category-ultimas-noticias","tag-comenzo","tag-con","tag-del","tag-hacienda","tag-menos","tag-recuperacion","tag-stock","tag-valor"],"_links":{"self":[{"href":"https:\/\/13.com.ar\/index.php\/wp-json\/wp\/v2\/posts\/1541","targetHints":{"allow":["GET"]}}],"collection":[{"href":"https:\/\/13.com.ar\/index.php\/wp-json\/wp\/v2\/posts"}],"about":[{"href":"https:\/\/13.com.ar\/index.php\/wp-json\/wp\/v2\/types\/post"}],"author":[{"embeddable":true,"href":"https:\/\/13.com.ar\/index.php\/wp-json\/wp\/v2\/users\/1"}],"replies":[{"embeddable":true,"href":"https:\/\/13.com.ar\/index.php\/wp-json\/wp\/v2\/comments?post=1541"}],"version-history":[{"count":0,"href":"https:\/\/13.com.ar\/index.php\/wp-json\/wp\/v2\/posts\/1541\/revisions"}],"wp:featuredmedia":[{"embeddable":true,"href":"https:\/\/13.com.ar\/index.php\/wp-json\/wp\/v2\/media\/1542"}],"wp:attachment":[{"href":"https:\/\/13.com.ar\/index.php\/wp-json\/wp\/v2\/media?parent=1541"}],"wp:term":[{"taxonomy":"category","embeddable":true,"href":"https:\/\/13.com.ar\/index.php\/wp-json\/wp\/v2\/categories?post=1541"},{"taxonomy":"post_tag","embeddable":true,"href":"https:\/\/13.com.ar\/index.php\/wp-json\/wp\/v2\/tags?post=1541"}],"curies":[{"name":"wp","href":"https:\/\/api.w.org\/{rel}","templated":true}]}}