{"id":15408,"date":"2025-03-26T19:07:56","date_gmt":"2025-03-26T22:07:56","guid":{"rendered":"https:\/\/13.com.ar\/index.php\/lo-arrastro-el-agua-cuando-trasladaba-animales\/"},"modified":"2025-03-26T19:07:56","modified_gmt":"2025-03-26T22:07:56","slug":"lo-arrastro-el-agua-cuando-trasladaba-animales","status":"publish","type":"post","link":"https:\/\/13.com.ar\/index.php\/lo-arrastro-el-agua-cuando-trasladaba-animales\/","title":{"rendered":"lo arrastr\u00f3 el agua cuando trasladaba animales"},"content":{"rendered":"<p> <br \/>\n<br \/><img decoding=\"async\" src=\"https:\/\/13.com.ar\/wp-content\/uploads\/2025\/03\/lo-arrastro-el-agua-cuando-trasladaba-animales.jpg\" \/><\/p>\n<div id=\"element-body-0\">\n<p>Cuatro d\u00edas despu\u00e9s de que lo arrastrara la corriente, encontraron el cuerpo sin vida de <strong>Bernardo Laporta<\/strong>, el trabajador rural que desapareci\u00f3 el s\u00e1bado en medio de las inundaciones que afectaron a Bol\u00edvar, en el interior de la provincia de Buenos Aires.<\/p>\n<\/div>\n<div id=\"element-body-1\">\n<p>El hallazgo se produjo en el paraje El Cabildo, donde desde el s\u00e1bado se concentraban los rastrillajes para buscar a las tres personas que se perdieron tras el desborde de arroyos ocasionado por las intensas lluvias.<\/p>\n<\/div>\n<div id=\"element-body-2\">\n<p>Si bien todav\u00eda faltaba la palabra de la fiscal <strong>Julia Sebasti\u00e1n<\/strong>, los indicios se\u00f1alan que la v\u00edctima es el pe\u00f3n de 46 a\u00f1os a quien se le perdi\u00f3 el rastro cuando quiso cruzar el Canal G\u00f3mez Andrade junto con varios animales.<\/p>\n<\/div>\n<div id=\"element-body-3\">\n<p>Seg\u00fan consigna el diario <em>La Ma\u00f1ana de Bol\u00edva<\/em>r, el parte que difundi\u00f3 el gobierno municipal remarca que el intendente <strong>Marcos Pisano<\/strong> y su equipo \u201cacompa\u00f1an a los familiares que est\u00e1n all\u00ed presentes y en total conocimiento de la situaci\u00f3n\u201d.<\/p>\n<\/div>\n<div id=\"element-body-4\">\n<p>Luego de que este martes encontraran el cuerpo de<strong> Jorge Acu\u00f1a<\/strong>, que muri\u00f3 por ahogamiento debido a que la camioneta en la que viajaba cay\u00f3 al canal Pi\u00f1eyro en medio de las dificultades clim\u00e1ticas, s\u00f3lo queda saber cu\u00e1l fue el destino de su acompa\u00f1ante,<strong> F\u00e9lix G\u00f3mez \u00c1lzaga<\/strong>.<\/p>\n<\/div>\n<div id=\"element-body-6\">\n<p>La fiscal Sebasti\u00e1n &#8211; de acuerdo al mismo sitio de noticias locales- precis\u00f3 que el cuerpo de Laporta &#8220;fue llevado por la corriente unos 3500 metros aproximadamente hasta quedar retenido por unos alambrados&#8221;. Adem\u00e1s, detall\u00f3 que la autopsia sobre el cuerpo de Acu\u00f1a confirm\u00f3 que la causa de muerte fue &#8220;ahogamiento por sumersi\u00f3n&#8221; y que su familia ya se hab\u00eda hecho cargo de los restos.<\/p>\n<\/div>\n<div id=\"element-body-7\">\n<p>Laporta, en tanto, se perdi\u00f3 en el agua mientras iba a caballo, Acu\u00f1a y Alzaga viajaban en una Toyota Hilux que se accident\u00f3 en el kil\u00f3metro 270 de la Ruta 205.<\/p>\n<\/div>\n<div id=\"element-body-9\">\n<p>Desde entonces, se despleg\u00f3 un importante operativo de rescate que incluy\u00f3 a unos 100 efectivos y que no tuvo novedades hasta tres d\u00edas despu\u00e9s, cuando descubrieron a la primera de las v\u00edctimas.<\/p>\n<\/div>\n<div id=\"element-body-10\">\n<p>Este mi\u00e9rcoles, Pisano, destac\u00f3 el trabajo que se viene realizando y el apoyo por parte de la Provincia de Buenos Aires y se\u00f1al\u00f3 que &#8220;cada vez tienen m\u00e1s certezas respecto de la ubicaci\u00f3n de la camioneta ca\u00edda en el Pi\u00f1eyro&#8221;.<\/p>\n<\/div>\n<p><br \/>\n<br \/><a href=\"https:\/\/www.clarin.com\/sociedad\/encontraron-cuerpo-desaparecido-inundaciones-bolivar-arrastro-agua-trasladaba-animales_0_9BPX4iudtG.html\">Fuente Clarin.com <\/a><\/p>\n","protected":false},"excerpt":{"rendered":"<p>Cuatro d\u00edas despu\u00e9s de que lo arrastrara la corriente, encontraron el cuerpo sin vida de Bernardo Laporta, el trabajador rural que desapareci\u00f3 el s\u00e1bado en medio de las inundaciones que afectaron a Bol\u00edvar, en el interior de la provincia de Buenos Aires. El hallazgo se produjo en el paraje El Cabildo, donde desde el s\u00e1bado [&hellip;]<\/p>\n","protected":false},"author":1,"featured_media":15409,"comment_status":"open","ping_status":"open","sticky":false,"template":"","format":"standard","meta":{"footnotes":""},"categories":[2],"tags":[409,3493,7706,677,13846],"class_list":["post-15408","post","type-post","status-publish","format-standard","has-post-thumbnail","hentry","category-ultimas-noticias","tag-agua","tag-animales","tag-arrastro","tag-cuando","tag-trasladaba"],"_links":{"self":[{"href":"https:\/\/13.com.ar\/index.php\/wp-json\/wp\/v2\/posts\/15408","targetHints":{"allow":["GET"]}}],"collection":[{"href":"https:\/\/13.com.ar\/index.php\/wp-json\/wp\/v2\/posts"}],"about":[{"href":"https:\/\/13.com.ar\/index.php\/wp-json\/wp\/v2\/types\/post"}],"author":[{"embeddable":true,"href":"https:\/\/13.com.ar\/index.php\/wp-json\/wp\/v2\/users\/1"}],"replies":[{"embeddable":true,"href":"https:\/\/13.com.ar\/index.php\/wp-json\/wp\/v2\/comments?post=15408"}],"version-history":[{"count":0,"href":"https:\/\/13.com.ar\/index.php\/wp-json\/wp\/v2\/posts\/15408\/revisions"}],"wp:featuredmedia":[{"embeddable":true,"href":"https:\/\/13.com.ar\/index.php\/wp-json\/wp\/v2\/media\/15409"}],"wp:attachment":[{"href":"https:\/\/13.com.ar\/index.php\/wp-json\/wp\/v2\/media?parent=15408"}],"wp:term":[{"taxonomy":"category","embeddable":true,"href":"https:\/\/13.com.ar\/index.php\/wp-json\/wp\/v2\/categories?post=15408"},{"taxonomy":"post_tag","embeddable":true,"href":"https:\/\/13.com.ar\/index.php\/wp-json\/wp\/v2\/tags?post=15408"}],"curies":[{"name":"wp","href":"https:\/\/api.w.org\/{rel}","templated":true}]}}