{"id":15406,"date":"2025-03-26T19:04:28","date_gmt":"2025-03-26T22:04:28","guid":{"rendered":"https:\/\/13.com.ar\/index.php\/que-dijo-el-serbio-tras-ver-al-argentino-sentado-en-su-banco-en-el-masters-1000-de-miami\/"},"modified":"2025-03-26T19:04:28","modified_gmt":"2025-03-26T22:04:28","slug":"que-dijo-el-serbio-tras-ver-al-argentino-sentado-en-su-banco-en-el-masters-1000-de-miami","status":"publish","type":"post","link":"https:\/\/13.com.ar\/index.php\/que-dijo-el-serbio-tras-ver-al-argentino-sentado-en-su-banco-en-el-masters-1000-de-miami\/","title":{"rendered":"qu\u00e9 dijo el serbio tras ver al argentino sentado en su banco en el Masters 1000 de Miami"},"content":{"rendered":"<p> <br \/>\n<br \/><img decoding=\"async\" src=\"https:\/\/13.com.ar\/wp-content\/uploads\/2025\/03\/que-dijo-el-serbio-tras-ver-al-argentino-sentado-en.jpg\" \/><\/p>\n<div id=\"element-body-0\">\n<p>Durante el transcurso del partido entre <strong>Novak Djokovic (5\u00b0) y el italiano Lorenzo Musetti (16\u00b0)<\/strong> por el pase a los <strong>cuartos de final del Masters de Miami<\/strong>, el cual posteriormente se llev\u00f3 el serbio por 6-2 y 6-2, se vivi\u00f3 un momento muy bueno para <strong>todos los hinchas del mundo de la raqueta<\/strong>. Este fue cuando la pantalla gigante de la cancha mostr\u00f3 a <strong>Juan Mart\u00edn Del Potro sentado en el box del serbio<\/strong>. La gente al reconocer al argentino se puso a aplaudirlo.<\/p>\n<\/div>\n<div id=\"element-body-1\">\n<p><strong>La ubicaci\u00f3n de privilegio<\/strong> de Juan Mart\u00edn, <strong>ex N\u00b03 del mundo<\/strong>, quien se sent\u00f3 detr\u00e1s del <strong>brit\u00e1nico Andy Murray<\/strong> (entrenador del serbio) justamente en el box del equipo, fue la clave para preguntarle al serbio en la conferencia de prensa post partido: &#8220;<strong>Fue incre\u00edble ver a Delpo, un viejo amigo y rival. Estoy muy feliz de que est\u00e9 ac\u00e1<\/strong> y tener su apoyo desde ese sector. Es la primera vez que estuvo y, fue impresionante. <strong>Le quiero dar las gracias de verdad por haber venido<\/strong>&#8220;, dijo Nole.<\/p>\n<\/div>\n<div id=\"element-body-3\">\n<p>En la Florida pasa gran parte de su vida el tandilense. Inaugur\u00f3, semanas atr\u00e1s, una Academia de Tenis y hace unos d\u00edas asisti\u00f3 a algunos eventos reuni\u00e9ndose con jugadores de la talla de <strong>Guga Kuerten, Carlos Alcaraz (3\u00b0), Daniil Medvedev (8\u00b0), Grigor Dimitrov (15\u00b0) y el mencionado Djokovic<\/strong>, entre otros.<\/p>\n<\/div>\n<div id=\"element-body-5\">\n<p><strong>El pr\u00f3ximo rival de Nole<\/strong> ser\u00e1 <strong>Sebastian Korda (25\u00b0)<\/strong>, al que le gan\u00f3 la \u00fanica vez que se enfrentaron en Adelaida 2023. Este partido, por el <strong>pase a las semifinales del Masters de Miami<\/strong>, arrancar\u00e1 no antes de las <strong>21.30 de este mi\u00e9rcoles<\/strong>, y lo televisa ESPN y Disney+.<\/p>\n<\/div>\n<div id=\"element-body-7\">\n<p><strong>El partido &#8220;El \u00daltimo Desaf\u00edo&#8221;<\/strong>, en el que Juan Mart\u00edn Del Potro se despidi\u00f3 del tenis, se disput\u00f3 el domingo 1\u00b0 de diciembre de 2024 en el Parque Roca de Buenos Aires. <strong>El extenista argentino venci\u00f3 a Nole por 6-4 y 7-5, en una emotiva tarde para todos los hinchas y de la Torre de Tand\u00edl<\/strong>. Fue una exhibici\u00f3n en la que tambi\u00e9n participaron Gabriela Sabatini, ex N\u00b0 3 del mundo, y Gisela Dulko, ex N\u00b0 1 en dobles.<\/p>\n<\/div>\n<div id=\"element-body-9\">\n<p><strong>Francisco Cer\u00fandolo (24\u00b0) se enfrentar\u00e1 este mi\u00e9rcoles al b\u00falgaro Grigor Dimitrov (15\u00b0)<\/strong> por el pase a las semis del Masters de Miami. El argentino saldr\u00e1 a la cancha, <strong>no antes de las 17.30<\/strong>. El partido lo transmitar\u00e1n <strong>ESPN y Disney+<\/strong>.<\/p>\n<\/div>\n<p><br \/>\n<br \/><a href=\"https:\/\/www.clarin.com\/deportes\/juan-martin-potro-sorprendio-novak-djokovic-dijo-serbio-ver-argentino-sentado-banco-masters-1000-miami_0_HvNjSTS5GE.html\">Fuente Clarin.com <\/a><\/p>\n","protected":false},"excerpt":{"rendered":"<p>Durante el transcurso del partido entre Novak Djokovic (5\u00b0) y el italiano Lorenzo Musetti (16\u00b0) por el pase a los cuartos de final del Masters de Miami, el cual posteriormente se llev\u00f3 el serbio por 6-2 y 6-2, se vivi\u00f3 un momento muy bueno para todos los hinchas del mundo de la raqueta. Este fue [&hellip;]<\/p>\n","protected":false},"author":1,"featured_media":15407,"comment_status":"open","ping_status":"open","sticky":false,"template":"","format":"standard","meta":{"footnotes":""},"categories":[2],"tags":[508,1957,1572,11450,4714,286,8023,7071,312,827],"class_list":["post-15406","post","type-post","status-publish","format-standard","has-post-thumbnail","hentry","category-ultimas-noticias","tag-argentino","tag-banco","tag-dijo","tag-masters","tag-miami","tag-que","tag-sentado","tag-serbio","tag-tras","tag-ver"],"_links":{"self":[{"href":"https:\/\/13.com.ar\/index.php\/wp-json\/wp\/v2\/posts\/15406","targetHints":{"allow":["GET"]}}],"collection":[{"href":"https:\/\/13.com.ar\/index.php\/wp-json\/wp\/v2\/posts"}],"about":[{"href":"https:\/\/13.com.ar\/index.php\/wp-json\/wp\/v2\/types\/post"}],"author":[{"embeddable":true,"href":"https:\/\/13.com.ar\/index.php\/wp-json\/wp\/v2\/users\/1"}],"replies":[{"embeddable":true,"href":"https:\/\/13.com.ar\/index.php\/wp-json\/wp\/v2\/comments?post=15406"}],"version-history":[{"count":0,"href":"https:\/\/13.com.ar\/index.php\/wp-json\/wp\/v2\/posts\/15406\/revisions"}],"wp:featuredmedia":[{"embeddable":true,"href":"https:\/\/13.com.ar\/index.php\/wp-json\/wp\/v2\/media\/15407"}],"wp:attachment":[{"href":"https:\/\/13.com.ar\/index.php\/wp-json\/wp\/v2\/media?parent=15406"}],"wp:term":[{"taxonomy":"category","embeddable":true,"href":"https:\/\/13.com.ar\/index.php\/wp-json\/wp\/v2\/categories?post=15406"},{"taxonomy":"post_tag","embeddable":true,"href":"https:\/\/13.com.ar\/index.php\/wp-json\/wp\/v2\/tags?post=15406"}],"curies":[{"name":"wp","href":"https:\/\/api.w.org\/{rel}","templated":true}]}}