{"id":15405,"date":"2025-03-26T18:46:32","date_gmt":"2025-03-26T21:46:32","guid":{"rendered":"https:\/\/13.com.ar\/index.php\/river-se-prepara-para-afrontar-una-exigente-seguidilla-de-partidos-entre-libertadores-y-el-superclasico-que-jugadores-puede-recuperar\/"},"modified":"2025-03-26T18:46:32","modified_gmt":"2025-03-26T21:46:32","slug":"river-se-prepara-para-afrontar-una-exigente-seguidilla-de-partidos-entre-libertadores-y-el-superclasico-que-jugadores-puede-recuperar","status":"publish","type":"post","link":"https:\/\/13.com.ar\/index.php\/river-se-prepara-para-afrontar-una-exigente-seguidilla-de-partidos-entre-libertadores-y-el-superclasico-que-jugadores-puede-recuperar\/","title":{"rendered":"River se prepara para afrontar una exigente seguidilla de partidos entre Libertadores y el Supercl\u00e1sico: qu\u00e9 jugadores puede recuperar"},"content":{"rendered":"<p> <br \/>\n<br \/><img decoding=\"async\" src=\"https:\/\/13.com.ar\/wp-content\/uploads\/2025\/03\/La-cosa-ya-va-a-fluir-tranquilidad.jpg\" \/><\/p>\n<div id=\"element-body-0\">\n<p><strong>River se prepara para un abril exigente<\/strong>, con una seguidilla de ocho partidos en apenas 24 d\u00edas. Entre estos compromisos, se destacan las primeras tres fechas del Grupo B de la <strong>Copa Libertadores<\/strong>, cuando enfrentar\u00e1 a Universitario, Barcelona de Guayaquil e Independiente del Valle. Adem\u00e1s, el mes tendr\u00e1 un punto culminante el 27 de abril, cuando reciba a <strong>Boca<\/strong> en el Monumental para disputar el esperado Supercl\u00e1sico.<\/p>\n<\/div>\n<div id=\"element-body-1\">\n<p>Con este exigente calendario por delante, el equipo deber\u00e1 aprovechar al m\u00e1ximo esta semana, previo a que se inicie esa saga de partidos que comenzar\u00e1<strong> el s\u00e1bado cuando se enfrente a Rosario Central el s\u00e1bado a las 21 en N\u00fa\u00f1ez <\/strong>por la und\u00e9cima fecha del torneo Apertura.<\/p>\n<\/div>\n<div id=\"element-body-2\">\n<p>De cara a ese encuentro, <strong>Marcelo Gallardo recuperar\u00e1 varios jugadores<\/strong> que ten\u00eda lesionados y que estar\u00e1n a disposici\u00f3n. Uno de ellos es Giuliano Galoppo, quien recibi\u00f3 el alta m\u00e9dica la semana pasada y en los pr\u00f3ximos d\u00edas lo tendr\u00e1n tambi\u00e9n <strong>Lucas Mart\u00ednez Quarta, Mat\u00edas Rojas y Sebasti\u00e1n Driussi<\/strong>.<\/p>\n<\/div>\n<div id=\"element-body-4\">\n<p>Galoppo no juega desde hace m\u00e1s de un mes cuando en el triunfo sobre Lan\u00fas, el 16 de febrero en el Monumental, sufri\u00f3 la distensi\u00f3n del sartorio de la pierna izquierda. <strong>La recuperaci\u00f3n fue larga<\/strong> porque se trataba del m\u00fasculo m\u00e1s largo del cuerpo, que, debido a su trayectoria oblicua, puede flexionar, abducir y rotar externamente el muslo, as\u00ed como flexionar y rotar internamente a la pierna.<\/p>\n<\/div>\n<div id=\"element-body-5\">\n<p>En tanto, de los otros tres futbolistas, dos se desgarraron. Mart\u00ednez Quarta, en el cuadr\u00edceps derecho; Driussi en el isquiotibial izquierdo. <strong>Ambos sufrieron esta dolencia en la final de la Supercopa Internacional contra Talleres en Asunci\u00f3n.<\/strong> Y Mat\u00edas Rojas padeci\u00f3 una distensi\u00f3n en el isquiotibial derecho luego de ese duelo, en la previa del encuentro con Atl\u00e9tico Tucum\u00e1n.<\/p>\n<\/div>\n<div id=\"element-body-6\">\n<p>Los cuatro futbolistas estar\u00e1n disponibles, entonces, para jugar ante Central, un partido clave e importante en el devenir de la Zona B del Apertura. Adem\u00e1s, Gallardo espera que los tres jugadores que tiene en las selecciones mayores vuelvan en condiciones. Son <strong>Germ\u00e1n Pezzella, Paulo D\u00edaz y Kevin Casta\u00f1o<\/strong>, quienes se encuentran con Argentina, Chile y Colombia respectivamente. A su vez, tambi\u00e9n vuelven de la Selecci\u00f3n Sub-20 <strong>Franco Mastantuono e Ian Subiabre.<\/strong><\/p>\n<\/div>\n<div id=\"element-body-7\">\n<p>De esa manera, Gallardo va recuperando futbolistas para tener a casi todo su plantel a disposici\u00f3n. Solo le queda esperar por las recuperaciones de <strong>Gonzalo Montiel, Facundo Colidio y Mat\u00edas Kranevitter<\/strong>, que ir\u00e1n teniendo el alta durante abril, en medio de la larga seguidilla de partidos que se le vienen a River.<\/p>\n<\/div>\n<p><br \/>\n<br \/><a href=\"https:\/\/www.clarin.com\/deportes\/river-prepara-afrontar-exigente-seguidilla-partidos-libertadores-superclasico-jugadores-puede-recuperar_0_FnHOp6EeRq.html\">Fuente Clarin.com <\/a><\/p>\n","protected":false},"excerpt":{"rendered":"<p>River se prepara para un abril exigente, con una seguidilla de ocho partidos en apenas 24 d\u00edas. Entre estos compromisos, se destacan las primeras tres fechas del Grupo B de la Copa Libertadores, cuando enfrentar\u00e1 a Universitario, Barcelona de Guayaquil e Independiente del Valle. Adem\u00e1s, el mes tendr\u00e1 un punto culminante el 27 de abril, [&hellip;]<\/p>\n","protected":false},"author":1,"featured_media":12115,"comment_status":"open","ping_status":"open","sticky":false,"template":"","format":"standard","meta":{"footnotes":""},"categories":[2],"tags":[6943,351,13845,7466,1749,16,514,4480,136,286,4946,595,10939,3324,73],"class_list":["post-15405","post","type-post","status-publish","format-standard","has-post-thumbnail","hentry","category-ultimas-noticias","tag-afrontar","tag-entre","tag-exigente","tag-jugadores","tag-libertadores","tag-para","tag-partidos","tag-prepara","tag-puede","tag-que","tag-recuperar","tag-river","tag-seguidilla","tag-superclasico","tag-una"],"_links":{"self":[{"href":"https:\/\/13.com.ar\/index.php\/wp-json\/wp\/v2\/posts\/15405","targetHints":{"allow":["GET"]}}],"collection":[{"href":"https:\/\/13.com.ar\/index.php\/wp-json\/wp\/v2\/posts"}],"about":[{"href":"https:\/\/13.com.ar\/index.php\/wp-json\/wp\/v2\/types\/post"}],"author":[{"embeddable":true,"href":"https:\/\/13.com.ar\/index.php\/wp-json\/wp\/v2\/users\/1"}],"replies":[{"embeddable":true,"href":"https:\/\/13.com.ar\/index.php\/wp-json\/wp\/v2\/comments?post=15405"}],"version-history":[{"count":0,"href":"https:\/\/13.com.ar\/index.php\/wp-json\/wp\/v2\/posts\/15405\/revisions"}],"wp:featuredmedia":[{"embeddable":true,"href":"https:\/\/13.com.ar\/index.php\/wp-json\/wp\/v2\/media\/12115"}],"wp:attachment":[{"href":"https:\/\/13.com.ar\/index.php\/wp-json\/wp\/v2\/media?parent=15405"}],"wp:term":[{"taxonomy":"category","embeddable":true,"href":"https:\/\/13.com.ar\/index.php\/wp-json\/wp\/v2\/categories?post=15405"},{"taxonomy":"post_tag","embeddable":true,"href":"https:\/\/13.com.ar\/index.php\/wp-json\/wp\/v2\/tags?post=15405"}],"curies":[{"name":"wp","href":"https:\/\/api.w.org\/{rel}","templated":true}]}}