{"id":1537,"date":"2025-02-03T07:59:54","date_gmt":"2025-02-03T10:59:54","guid":{"rendered":"https:\/\/13.com.ar\/index.php\/en-2026-no-habra-mas-cepo-prometio-el-presidente-a-sus-seguidores-en-las-redes\/"},"modified":"2025-02-03T07:59:54","modified_gmt":"2025-02-03T10:59:54","slug":"en-2026-no-habra-mas-cepo-prometio-el-presidente-a-sus-seguidores-en-las-redes","status":"publish","type":"post","link":"https:\/\/13.com.ar\/index.php\/en-2026-no-habra-mas-cepo-prometio-el-presidente-a-sus-seguidores-en-las-redes\/","title":{"rendered":"&#8220;En 2026 no habr\u00e1 m\u00e1s cepo&#8221;, prometi\u00f3 el Presidente a sus seguidores en las redes"},"content":{"rendered":"<p> <br \/>\n<br \/><img decoding=\"async\" src=\"https:\/\/13.com.ar\/wp-content\/uploads\/2025\/02\/En-2026-no-habra-mas-cepo-prometio-el-Presidente-a.jpg\" \/><\/p>\n<p>Lun. 03.02.2025-07:38<\/p>\n<p><h2>\u201cEl amarillo no va m\u00e1s en la Ciudad\u201d, el desaf\u00edo desde La Libertad Avanza al Pro en medio de las gestiones por una alianza electoral<\/h2>\n<\/p>\n<div>\n<p>En la previa de una semana en la que el Gobierno de Javier Milei buscar\u00e1 avanzar con los proyectos legislativos propuestos para las sesiones extraordinarias en el Congreso, desde La Libertad Avanza hubo un nuevo desaf\u00edo hacia el PRO. Y fue en el distrito que es el principal basti\u00f3n del partido de Mauricio Macri. La jefa del bloque libertario en la Legislatura porte\u00f1a hizo un posteo mostrando una jornada de afiliaci\u00f3n en Villa Devoto de la que particip\u00f3 Karina Milei y dej\u00f3 una chicana hacia el principal aliado del oficialismo. &#8220;El amarillo no va m\u00e1s, la Ciudad se ti\u00f1e de violeta&#8221;, fue el mensaje de Pilar Ram\u00edrez, que fue retuiteado por el Presidente. Seguir leyendo<\/p>\n<\/div>\n<p><br \/>\n<br \/><a href=\"https:\/\/www.clarin.com\/politica\/javier-milei-medidas-vivo-2026-cepo-prometio-presidente-seguidores-redes_0_R55uTY0NCT.html\">Fuente Clarin.com <\/a><\/p>\n","protected":false},"excerpt":{"rendered":"<p>Lun. 03.02.2025-07:38 \u201cEl amarillo no va m\u00e1s en la Ciudad\u201d, el desaf\u00edo desde La Libertad Avanza al Pro en medio de las gestiones por una alianza electoral En la previa de una semana en la que el Gobierno de Javier Milei buscar\u00e1 avanzar con los proyectos legislativos propuestos para las sesiones extraordinarias en el Congreso, [&hellip;]<\/p>\n","protected":false},"author":1,"featured_media":1538,"comment_status":"open","ping_status":"open","sticky":false,"template":"","format":"standard","meta":{"footnotes":""},"categories":[2],"tags":[3195,2086,48,155,135,3196,505,3197,40],"class_list":["post-1537","post","type-post","status-publish","format-standard","has-post-thumbnail","hentry","category-ultimas-noticias","tag-cepo","tag-habra","tag-las","tag-mas","tag-presidente","tag-prometio","tag-redes","tag-seguidores","tag-sus"],"_links":{"self":[{"href":"https:\/\/13.com.ar\/index.php\/wp-json\/wp\/v2\/posts\/1537","targetHints":{"allow":["GET"]}}],"collection":[{"href":"https:\/\/13.com.ar\/index.php\/wp-json\/wp\/v2\/posts"}],"about":[{"href":"https:\/\/13.com.ar\/index.php\/wp-json\/wp\/v2\/types\/post"}],"author":[{"embeddable":true,"href":"https:\/\/13.com.ar\/index.php\/wp-json\/wp\/v2\/users\/1"}],"replies":[{"embeddable":true,"href":"https:\/\/13.com.ar\/index.php\/wp-json\/wp\/v2\/comments?post=1537"}],"version-history":[{"count":0,"href":"https:\/\/13.com.ar\/index.php\/wp-json\/wp\/v2\/posts\/1537\/revisions"}],"wp:featuredmedia":[{"embeddable":true,"href":"https:\/\/13.com.ar\/index.php\/wp-json\/wp\/v2\/media\/1538"}],"wp:attachment":[{"href":"https:\/\/13.com.ar\/index.php\/wp-json\/wp\/v2\/media?parent=1537"}],"wp:term":[{"taxonomy":"category","embeddable":true,"href":"https:\/\/13.com.ar\/index.php\/wp-json\/wp\/v2\/categories?post=1537"},{"taxonomy":"post_tag","embeddable":true,"href":"https:\/\/13.com.ar\/index.php\/wp-json\/wp\/v2\/tags?post=1537"}],"curies":[{"name":"wp","href":"https:\/\/api.w.org\/{rel}","templated":true}]}}