{"id":15302,"date":"2025-03-26T13:52:28","date_gmt":"2025-03-26T16:52:28","guid":{"rendered":"https:\/\/13.com.ar\/index.php\/no-reniego-del-jorge-que-fui-pero-pude-mostrarme-como-la-mujer-que-soy-y-ya-siento-menos-fantasmas\/"},"modified":"2025-03-26T13:52:28","modified_gmt":"2025-03-26T16:52:28","slug":"no-reniego-del-jorge-que-fui-pero-pude-mostrarme-como-la-mujer-que-soy-y-ya-siento-menos-fantasmas","status":"publish","type":"post","link":"https:\/\/13.com.ar\/index.php\/no-reniego-del-jorge-que-fui-pero-pude-mostrarme-como-la-mujer-que-soy-y-ya-siento-menos-fantasmas\/","title":{"rendered":"No reniego del Jorge que fui, pero pude mostrarme como la mujer que soy y ya siento menos fantasmas"},"content":{"rendered":"<p> <br \/>\n<br \/><img decoding=\"async\" src=\"https:\/\/13.com.ar\/wp-content\/uploads\/2025\/03\/No-reniego-del-Jorge-que-fui-pero-pude-mostrarme-como.jpg\" \/><\/p>\n<div id=\"element-body-0\">\n<p>Fue una m\u00e1s de las 22 personas que el lunes 2 de diciembre entr\u00f3 a la casa de <strong>Gran hermano<\/strong> (a las 21.45, por Telefe). <strong>Costaba al principio descifrar qui\u00e9n era qui\u00e9n<\/strong>. Pero r\u00e1pidamente <strong>su historia de vida la identific\u00f3, como se identific\u00f3 ella hace 10 a\u00f1os cuando decidi\u00f3 vivir a escondidas de la mayor\u00eda como la mujer que se siente ser<\/strong>. Su documento dice que se llama <strong>Jorge<\/strong>, pero ella se present\u00f3 al casting del reality como <strong>Luciana<\/strong>. Al casting y a buena parte del pa\u00eds, porque el programa de Telefe es lo m\u00e1s visto, lejos, de cada d\u00eda.<\/p>\n<\/div>\n<div id=\"element-body-1\">\n<p>Esta santacruce\u00f1a de 32 a\u00f1os <strong>perdi\u00f3 el lunes el mano a mano con Chiara<\/strong> (la hija del ex futbolista <strong>Alejandro Mancuso<\/strong>) y esa medianoche debi\u00f3 abandonar la casa, mientras su rival celebraba adentro y <strong>su gran amigo Tato (el uruguayo Santiago) lloraba desconsoladamente<\/strong>. Se iba una participante que, si bien no generaba contenido picante en el juego, parec\u00eda tener la chapa de candidata a finalista.<\/p>\n<\/div>\n<div id=\"element-body-2\">\n<p>&#8220;<strong>No me esperaba salir, te lo confieso<\/strong>. Me sorprendi\u00f3 mucho, pero apenas me fui empec\u00e9 a disfrutar un mont\u00f3n de todo esto, es como una locura hermosa, con mucho cari\u00f1o de la gente y <strong>especialmente mucha aceptaci\u00f3n<\/strong>&#8220;, asume ante <strong>Clar\u00edn<\/strong> del otro lado de la l\u00ednea telef\u00f3nica, a menos de 48 horas de haber salido.<\/p>\n<\/div>\n<div id=\"element-body-3\">\n<p>&#8220;No reniego del Jorge que fui, pero pude mostrarme como la mujer que soy y <strong>ya siento menos fantasmas. Pens\u00e1 que yo viv\u00eda como Luciana a escondidas, en casa era Jorge, un chico gay que intentaba ser feliz (dice que ni su madre sab\u00eda) <\/strong>, pero para ser qui\u00e9n finalmente soy deb\u00eda refugiarme en mi soledad o en unos pocos, y siempre como con culpa. Sinceramente, <strong>entr\u00e9 a la casa con muchas mochilas<\/strong>&#8220;, reconoce.<\/p>\n<\/div>\n<div id=\"element-body-5\">\n<p><strong>-\u00bfAhora est\u00e1n todas vac\u00edas?<\/strong><\/p>\n<\/div>\n<div id=\"element-body-6\">\n<p>-No todas, pero <strong>s\u00ed m\u00e1s livianas<\/strong>. Esto es un proceso lento, pero ya est\u00e1 encaminado, me siento orgullosa del paso que me anim\u00e9 a dar.<\/p>\n<\/div>\n<div id=\"element-body-8\">\n<p><strong>-El d\u00eda que entr\u00f3 tu madre en el &#8216;Congelados&#8217; (la secci\u00f3n en la que ingresa un familiar y todos deben quedarse quietos y mudos) te dio un abrazo que, desde afuera, se sinti\u00f3 conmovedor. \u00bfVos lo viviste as\u00ed?<\/strong><\/p>\n<\/div>\n<div id=\"element-body-9\">\n<p>-S\u00ed, fue terrible y hermoso. Lo necesitaba&#8230; no sab\u00e9s cu\u00e1nto. Pero te digo &#8220;terrible&#8221;, porque yo no pod\u00eda devolver ese abrazo. <strong>Las veces que so\u00f1\u00e9 con abrazar as\u00ed a mi mam\u00e1&#8230;<\/strong> Y el d\u00eda que<strong> Santi (Del Moro)<\/strong> nos ley\u00f3 la palabra que nos mandaba nuestra familia casi me muero. Mi vieja me mand\u00f3 &#8220;Hija&#8221; y llor\u00e9 sin parar por un largo rato.<\/p>\n<\/div>\n<div id=\"element-body-11\">\n<p><strong>-\u00bfQu\u00e9 sensaciones ten\u00e9s con el Jorge que fuiste?<\/strong><\/p>\n<\/div>\n<div id=\"element-body-12\">\n<p>-De pura gratitud. <strong>Jor hizo lo mejor que pudo, so\u00f1\u00f3 en silencio y casi todo lo que so\u00f1\u00f3 lo pudo cumplir<\/strong>. Me acuerdo que cuando celebramos A\u00f1o Nuevo en la casa e <strong>hicimos una suelta de globos yo le agradec\u00ed mucho a Jorge por su lucha, por sus convicciones y por dejarme ser Luciana<\/strong>. No ten\u00e9s idea de los dolores que ten\u00eda en el cuerpo por el peso de esas mochilas de las que te hablaba.<\/p>\n<\/div>\n<div id=\"element-body-13\">\n<p>En la casa, Luciana Mart\u00ednez integraba el fuerte grupo de<em> &#8220;El tridente&#8221;<\/em>, <strong>junto a Tato y Luz<\/strong> -a quienes i<strong>magina en el podio, junto a Sandra o Ulises<\/strong>-, y ya del otro lado de la puerta quiere combinar los beneficios de ser una ex GH, seguir dando clases de baile y &#8220;encontrar un lugar en el ambiente art\u00edstico&#8221;.<strong> No es de las eliminadas que contentan &#8220;quiero ser panelista&#8221;<\/strong>.<\/p>\n<\/div>\n<div id=\"element-body-15\">\n<p>Ya afuera, todav\u00eda en estado de aislamiento (dando algunas notas y sin hablar a\u00fan con su gente), asegura que va a enfocarse seriamente en sus deseos y que <strong>va a soltar los prejuicios que todav\u00eda le quedan<\/strong>. &#8220;Quiero gozar de esta libertad que tanto me cost\u00f3&#8221;. <strong>No habla de la libertad post encierro, sino de la libertad de cuerpo y alma. Literalmente<\/strong>.<\/p>\n<\/div>\n<p><br \/>\n<br \/><a href=\"https:\/\/www.clarin.com\/espectaculos\/confesiones-luciana-eliminada-gran-hermano-reniego-jorge-pude-mostrarme-mujer-siento-fantasmas_0_gAmNz0CjKc.html\">Fuente Clarin.com <\/a><\/p>\n","protected":false},"excerpt":{"rendered":"<p>Fue una m\u00e1s de las 22 personas que el lunes 2 de diciembre entr\u00f3 a la casa de Gran hermano (a las 21.45, por Telefe). Costaba al principio descifrar qui\u00e9n era qui\u00e9n. Pero r\u00e1pidamente su historia de vida la identific\u00f3, como se identific\u00f3 ella hace 10 a\u00f1os cuando decidi\u00f3 vivir a escondidas de la mayor\u00eda [&hellip;]<\/p>\n","protected":false},"author":1,"featured_media":15303,"comment_status":"open","ping_status":"open","sticky":false,"template":"","format":"standard","meta":{"footnotes":""},"categories":[2],"tags":[66,100,10106,6504,876,263,13780,138,265,3855,13779,1108,4008],"class_list":["post-15302","post","type-post","status-publish","format-standard","has-post-thumbnail","hentry","category-ultimas-noticias","tag-como","tag-del","tag-fantasmas","tag-fui","tag-jorge","tag-menos","tag-mostrarme","tag-mujer","tag-pero","tag-pude","tag-reniego","tag-siento","tag-soy"],"_links":{"self":[{"href":"https:\/\/13.com.ar\/index.php\/wp-json\/wp\/v2\/posts\/15302","targetHints":{"allow":["GET"]}}],"collection":[{"href":"https:\/\/13.com.ar\/index.php\/wp-json\/wp\/v2\/posts"}],"about":[{"href":"https:\/\/13.com.ar\/index.php\/wp-json\/wp\/v2\/types\/post"}],"author":[{"embeddable":true,"href":"https:\/\/13.com.ar\/index.php\/wp-json\/wp\/v2\/users\/1"}],"replies":[{"embeddable":true,"href":"https:\/\/13.com.ar\/index.php\/wp-json\/wp\/v2\/comments?post=15302"}],"version-history":[{"count":0,"href":"https:\/\/13.com.ar\/index.php\/wp-json\/wp\/v2\/posts\/15302\/revisions"}],"wp:featuredmedia":[{"embeddable":true,"href":"https:\/\/13.com.ar\/index.php\/wp-json\/wp\/v2\/media\/15303"}],"wp:attachment":[{"href":"https:\/\/13.com.ar\/index.php\/wp-json\/wp\/v2\/media?parent=15302"}],"wp:term":[{"taxonomy":"category","embeddable":true,"href":"https:\/\/13.com.ar\/index.php\/wp-json\/wp\/v2\/categories?post=15302"},{"taxonomy":"post_tag","embeddable":true,"href":"https:\/\/13.com.ar\/index.php\/wp-json\/wp\/v2\/tags?post=15302"}],"curies":[{"name":"wp","href":"https:\/\/api.w.org\/{rel}","templated":true}]}}